{"id":13286,"date":"2017-08-29T11:01:15","date_gmt":"2017-08-29T15:01:15","guid":{"rendered":"http:\/\/blogdalucianaoliveira.com.br\/blog\/?p=13286"},"modified":"2017-08-29T11:13:43","modified_gmt":"2017-08-29T15:13:43","slug":"citados-por-investigado-prestigiam-pre-estreia-do-filme-da-lava-jato","status":"publish","type":"post","link":"http:\/\/blogdalucianaoliveira.com.br\/blog\/2017\/08\/29\/citados-por-investigado-prestigiam-pre-estreia-do-filme-da-lava-jato\/","title":{"rendered":"CITADOS POR INVESTIGADO PRESTIGIAM PR\u00c9-ESTR\u00c9IA DO FILME DA LAVA JATO"},"content":{"rendered":"<p><img data-recalc-dims=\"1\" loading=\"lazy\" decoding=\"async\" data-attachment-id=\"13288\" data-permalink=\"http:\/\/blogdalucianaoliveira.com.br\/blog\/2017\/08\/29\/citados-por-investigado-prestigiam-pre-estreia-do-filme-da-lava-jato\/lava-2\/\" data-orig-file=\"https:\/\/i0.wp.com\/blogdalucianaoliveira.com.br\/blog\/wp-content\/uploads\/2017\/08\/lava.jpg?fit=615%2C300\" data-orig-size=\"615,300\" data-comments-opened=\"0\" data-image-meta=\"{&quot;aperture&quot;:&quot;0&quot;,&quot;credit&quot;:&quot;&quot;,&quot;camera&quot;:&quot;&quot;,&quot;caption&quot;:&quot;&quot;,&quot;created_timestamp&quot;:&quot;0&quot;,&quot;copyright&quot;:&quot;&quot;,&quot;focal_length&quot;:&quot;0&quot;,&quot;iso&quot;:&quot;0&quot;,&quot;shutter_speed&quot;:&quot;0&quot;,&quot;title&quot;:&quot;&quot;,&quot;orientation&quot;:&quot;0&quot;}\" data-image-title=\"lava\" data-image-description=\"\" data-image-caption=\"\" data-medium-file=\"https:\/\/i0.wp.com\/blogdalucianaoliveira.com.br\/blog\/wp-content\/uploads\/2017\/08\/lava.jpg?fit=300%2C146\" data-large-file=\"https:\/\/i0.wp.com\/blogdalucianaoliveira.com.br\/blog\/wp-content\/uploads\/2017\/08\/lava.jpg?fit=600%2C293\" src=\"https:\/\/i0.wp.com\/blogdalucianaoliveira.com.br\/blog\/wp-content\/uploads\/2017\/08\/lava.jpg?resize=600%2C293\" alt=\"lava\" width=\"600\" height=\"293\" class=\"alignnone size-full wp-image-13288\" srcset=\"https:\/\/i0.wp.com\/blogdalucianaoliveira.com.br\/blog\/wp-content\/uploads\/2017\/08\/lava.jpg?w=615 615w, https:\/\/i0.wp.com\/blogdalucianaoliveira.com.br\/blog\/wp-content\/uploads\/2017\/08\/lava.jpg?resize=300%2C146 300w\" sizes=\"auto, (max-width: 600px) 100vw, 600px\" \/><\/p>\n<p>Tinha tapete vermelho e tudo mais, s\u00f3 que os convidados ilustres que inspiraram personagens do filme \u201cPol\u00edcia Federal &#8211; A Lei \u00e9 para Todos\u201d, evitaram exibicionismo com entrevistas.<\/p>\n<p>O juiz S\u00e9rgio Moro, o procurador Deltan Dallagnol e delegados que integram a for\u00e7a-tarefa da Opera\u00e7\u00e3o Lava Jato tentaram se passar por espectadores comuns.<\/p>\n<p>Imposs\u00edvel, pois al\u00e9m do trabalho deles ser retratado no filme, h\u00e1 dois dias um investigado colocou sob suspeita toda a opera\u00e7\u00e3o de combate \u00e0 corrup\u00e7\u00e3o.<\/p>\n<p>A Folha de S\u00e3o Paulo noticiou e correu de boca em boca a acusa\u00e7\u00e3o do advogado Rodrigo Tacla Duran, ex-funcion\u00e1rio da Odebrecht, de negocia\u00e7\u00f5es paralelas feitas por outro advogado, Carlos Zucolotto Junior, amigo e padrinho de casamento de Moro.<\/p>\n<p>A esposa do juiz, Ros\u00e2ngela, que foi s\u00f3cia no escrit\u00f3rio de Zucolotto tamb\u00e9m estava na plateia.<\/p>\n<p>O advogado da Odebrecht diz ter provas de que pagaria ao amigo de S\u00e9rgio Moro, por meio de caixa dois, pelo abrandamento da pena e diminui\u00e7\u00e3o de multa em acordo de dela\u00e7\u00e3o premiada.<\/p>\n<p><img data-recalc-dims=\"1\" loading=\"lazy\" decoding=\"async\" data-attachment-id=\"13287\" data-permalink=\"http:\/\/blogdalucianaoliveira.com.br\/blog\/2017\/08\/29\/citados-por-investigado-prestigiam-pre-estreia-do-filme-da-lava-jato\/show-3\/\" data-orig-file=\"https:\/\/i0.wp.com\/blogdalucianaoliveira.com.br\/blog\/wp-content\/uploads\/2017\/08\/show.jpeg?fit=620%2C300\" data-orig-size=\"620,300\" data-comments-opened=\"0\" data-image-meta=\"{&quot;aperture&quot;:&quot;0&quot;,&quot;credit&quot;:&quot;&quot;,&quot;camera&quot;:&quot;&quot;,&quot;caption&quot;:&quot;&quot;,&quot;created_timestamp&quot;:&quot;0&quot;,&quot;copyright&quot;:&quot;&quot;,&quot;focal_length&quot;:&quot;0&quot;,&quot;iso&quot;:&quot;0&quot;,&quot;shutter_speed&quot;:&quot;0&quot;,&quot;title&quot;:&quot;&quot;,&quot;orientation&quot;:&quot;0&quot;}\" data-image-title=\"show\" data-image-description=\"\" data-image-caption=\"\" data-medium-file=\"https:\/\/i0.wp.com\/blogdalucianaoliveira.com.br\/blog\/wp-content\/uploads\/2017\/08\/show.jpeg?fit=300%2C145\" data-large-file=\"https:\/\/i0.wp.com\/blogdalucianaoliveira.com.br\/blog\/wp-content\/uploads\/2017\/08\/show.jpeg?fit=600%2C290\" src=\"https:\/\/i0.wp.com\/blogdalucianaoliveira.com.br\/blog\/wp-content\/uploads\/2017\/08\/show.jpeg?resize=600%2C290\" alt=\"show\" width=\"600\" height=\"290\" class=\"alignnone size-full wp-image-13287\" srcset=\"https:\/\/i0.wp.com\/blogdalucianaoliveira.com.br\/blog\/wp-content\/uploads\/2017\/08\/show.jpeg?w=620 620w, https:\/\/i0.wp.com\/blogdalucianaoliveira.com.br\/blog\/wp-content\/uploads\/2017\/08\/show.jpeg?resize=300%2C145 300w\" sizes=\"auto, (max-width: 600px) 100vw, 600px\" \/><\/p>\n<p>S\u00e9rgio Moro negou a acusa\u00e7\u00e3o, defendeu a honra do amigo e pasme, disse que declara\u00e7\u00e3o de delator foragido n\u00e3o vale nada. <\/p>\n<p>Em nota, o juiz afirmou:<\/p>\n<p><em>&#8211; o advogado Carlos Zucoloto Jr. \u00e9 advogado s\u00e9rio e competente, atua na \u00e1rea trabalhista e n\u00e3o atua na \u00e1rea criminal;<br \/>\n&#8211; o relato de que o advogado em quest\u00e3o teria tratado com o acusado foragido Rodrigo Tacla Duran sobre acordo de colabora\u00e7\u00e3o premiada \u00e9 absolutamente falso;<br \/>\n&#8211; nenhum dos membros do Minist\u00e9rio P\u00fablico Federal da For\u00e7a Tarefa em Curitiba confirmou qualquer contato do referido advogado sobre o referido assunto ou sobre qualquer outro porque de fato n\u00e3o ocorreu qualquer contato;<br \/>\n&#8211; Rodrigo Tacla Duran n\u00e3o apresentou \u00e0 jornalista respons\u00e1vel pela mat\u00e9ria qualquer prova de suas inver\u00eddicas afirma\u00e7\u00f5es e o seu relato n\u00e3o encontra apoio em nenhuma outra fonte;<br \/>\n&#8211; Rodrigo Tacla Duran \u00e9 acusado de lavagem de dinheiro de milh\u00f5es de d\u00f3lares e teve a sua pris\u00e3o preventiva decretada por este julgador, tendo se refugiado na Espanha para fugir da a\u00e7\u00e3o da Justi\u00e7a;<br \/>\n&#8211; o advogado Carlos Zucoloto Jr. \u00e9 meu amigo pessoal e lamento que o seu nome seja utilizado por um acusado foragido e em uma mat\u00e9ria jornal\u00edstica irrespons\u00e1vel para denegrir-me; e<br \/>\n&#8211; lamenta-se o cr\u00e9dito dado pela jornalista ao relato falso de um acusado foragido, tendo ela sido alertada da falsidade por todas as pessoas citadas na mat\u00e9ria.<br \/>\n <\/em><\/p>\n<p><img data-recalc-dims=\"1\" loading=\"lazy\" decoding=\"async\" data-attachment-id=\"13289\" data-permalink=\"http:\/\/blogdalucianaoliveira.com.br\/blog\/2017\/08\/29\/citados-por-investigado-prestigiam-pre-estreia-do-filme-da-lava-jato\/duran\/\" data-orig-file=\"https:\/\/i0.wp.com\/blogdalucianaoliveira.com.br\/blog\/wp-content\/uploads\/2017\/08\/duran.jpeg?fit=620%2C421\" data-orig-size=\"620,421\" data-comments-opened=\"0\" data-image-meta=\"{&quot;aperture&quot;:&quot;0&quot;,&quot;credit&quot;:&quot;&quot;,&quot;camera&quot;:&quot;&quot;,&quot;caption&quot;:&quot;&quot;,&quot;created_timestamp&quot;:&quot;0&quot;,&quot;copyright&quot;:&quot;&quot;,&quot;focal_length&quot;:&quot;0&quot;,&quot;iso&quot;:&quot;0&quot;,&quot;shutter_speed&quot;:&quot;0&quot;,&quot;title&quot;:&quot;&quot;,&quot;orientation&quot;:&quot;0&quot;}\" data-image-title=\"duran\" data-image-description=\"\" data-image-caption=\"\" data-medium-file=\"https:\/\/i0.wp.com\/blogdalucianaoliveira.com.br\/blog\/wp-content\/uploads\/2017\/08\/duran.jpeg?fit=300%2C204\" data-large-file=\"https:\/\/i0.wp.com\/blogdalucianaoliveira.com.br\/blog\/wp-content\/uploads\/2017\/08\/duran.jpeg?fit=600%2C407\" src=\"https:\/\/i0.wp.com\/blogdalucianaoliveira.com.br\/blog\/wp-content\/uploads\/2017\/08\/duran.jpeg?resize=600%2C407\" alt=\"duran\" width=\"600\" height=\"407\" class=\"alignnone size-full wp-image-13289\" srcset=\"https:\/\/i0.wp.com\/blogdalucianaoliveira.com.br\/blog\/wp-content\/uploads\/2017\/08\/duran.jpeg?w=620 620w, https:\/\/i0.wp.com\/blogdalucianaoliveira.com.br\/blog\/wp-content\/uploads\/2017\/08\/duran.jpeg?resize=300%2C204 300w, https:\/\/i0.wp.com\/blogdalucianaoliveira.com.br\/blog\/wp-content\/uploads\/2017\/08\/duran.jpeg?resize=442%2C300 442w\" sizes=\"auto, (max-width: 600px) 100vw, 600px\" \/><\/p>\n<p>O fato \u00e9 que o advogado Tacla Duran, acusado de lavagem de dinheiro e forma\u00e7\u00e3o de quadrilha, colocou em relevo a interroga\u00e7\u00e3o que faltava no t\u00edtulo do filme que lotou 8 salas de cinema.<\/p>\n<p>A Lei \u00c9 Para Todos?<\/p>\n<p>Ali\u00e1s, esse t\u00edtulo, provadas ou n\u00e3o as acusa\u00e7\u00f5es que colocam sob suspeita a for\u00e7a-tarefa, sem a interroga\u00e7\u00e3o, n\u00e3o passa de um insulto a quem convive com decis\u00f5es \u2018inexplic\u00e1veis\u2019 de S\u00e9rgio Moro como quando absolveu Cl\u00e1udia Cruz e Adriana Ancelmo mesmo com provas robustas.<\/p>\n<p>A lei \u00e9 para todos, mas a partir da Opera\u00e7\u00e3o Lava Jato, pelo tratamento diferenciado dado aos investigados, cada vez mais pessoas se perguntam se todos s\u00e3o realmente iguais perante a lei.<\/p>\n<p>Por que a C\u00e2mara negou autoriza\u00e7\u00e3o para o Supremo Tribunal Federal investigar imediatamente Michel Temer, primeiro presidente acusado por corrup\u00e7\u00e3o?<\/p>\n<p>Por que o Conselho de \u00c9tica arquivou a den\u00fancia contra A\u00e9cio Neves que poderia resultar em sua cassa\u00e7\u00e3o?<\/p>\n<p>Ambos, n\u00e3o foram s\u00f3 citados por investigados em esquemas monumentais de corrup\u00e7\u00e3o. Contra eles, n\u00e3o pesam s\u00f3 depoimentos de delatores, mas imagens e sons captados pela Pol\u00edcia Federal.<\/p>\n<p>Pior, grava\u00e7\u00f5es que relevaram conspira\u00e7\u00e3o para interferir na Opera\u00e7\u00e3o Lava Jato, inclusive com a ajuda do ent\u00e3o ministro da justi\u00e7a Osmar Serraglio, a quem A\u00e9cio chamou de \u201cum bosta do caralho\u201d.<\/p>\n<p>(&#8230;). Porque a\u00ed mexia na PF. O que que vai acontecer agora? Vai vim um inqu\u00e9rito de uma porrada de gente, caralho, eles s\u00e3o t\u00e3o bunda mole que eles n\u00e3o (t\u00eam) o cara que vai distribuir os inqu\u00e9ritos para o delegado. Voc\u00ea tem l\u00e1 cem, sei l\u00e1, 2.000 delegados da Pol\u00edcia Federal. Voc\u00ea tem que escolher dez caras, n\u00e9?<\/p>\n<p>Enfim, para ter sentido o t\u00edtulo do filme sobre a Lava Jato, falta uma interroga\u00e7\u00e3o.<\/p>\n<p>A Lei Vale Para Todos?<\/p>\n<p>Coloquem a interroga\u00e7\u00e3o ou mudem o g\u00eanero, de drama policial pra com\u00e9dia. <\/p>\n","protected":false},"excerpt":{"rendered":"<p>Tinha tapete vermelho e tudo mais, s\u00f3 que os convidados ilustres que inspiraram personagens do filme \u201cPol\u00edcia Federal &#8211; A Lei \u00e9 para Todos\u201d, evitaram exibicionismo com entrevistas. O juiz S\u00e9rgio Moro, o procurador Deltan Dallagnol e delegados que integram a for\u00e7a-tarefa da Opera\u00e7\u00e3o Lava Jato tentaram se passar por espectadores comuns. Imposs\u00edvel, pois al\u00e9m&#8230;<a class=\"more-link\" href=\"http:\/\/blogdalucianaoliveira.com.br\/blog\/2017\/08\/29\/citados-por-investigado-prestigiam-pre-estreia-do-filme-da-lava-jato\/\">Continue a leitura <span class=\"meta-nav\">&raquo;<\/span><\/a><\/p>\n","protected":false},"author":1,"featured_media":0,"comment_status":"closed","ping_status":"open","sticky":false,"template":"","format":"standard","meta":{"_exactmetrics_skip_tracking":false,"_exactmetrics_sitenote_active":false,"_exactmetrics_sitenote_note":"","_exactmetrics_sitenote_category":0,"jetpack_post_was_ever_published":false,"_jetpack_newsletter_access":"","_jetpack_dont_email_post_to_subs":false,"_jetpack_newsletter_tier_id":0,"_jetpack_memberships_contains_paywalled_content":false,"_jetpack_memberships_contains_paid_content":false,"footnotes":"","jetpack_publicize_message":"","jetpack_publicize_feature_enabled":true,"jetpack_social_post_already_shared":true,"jetpack_social_options":{"image_generator_settings":{"template":"highway","enabled":false},"version":2}},"categories":[1],"tags":[326,21,253,69,115],"class_list":["post-13286","post","type-post","status-publish","format-standard","hentry","category-notas","tag-a-lei-e-para-todos","tag-corrupcao","tag-filme","tag-lava-jato","tag-moro"],"jetpack_publicize_connections":[],"jetpack_sharing_enabled":true,"jetpack_featured_media_url":"","jetpack_shortlink":"https:\/\/wp.me\/p7wKYW-3si","jetpack-related-posts":[],"_links":{"self":[{"href":"http:\/\/blogdalucianaoliveira.com.br\/blog\/wp-json\/wp\/v2\/posts\/13286","targetHints":{"allow":["GET"]}}],"collection":[{"href":"http:\/\/blogdalucianaoliveira.com.br\/blog\/wp-json\/wp\/v2\/posts"}],"about":[{"href":"http:\/\/blogdalucianaoliveira.com.br\/blog\/wp-json\/wp\/v2\/types\/post"}],"author":[{"embeddable":true,"href":"http:\/\/blogdalucianaoliveira.com.br\/blog\/wp-json\/wp\/v2\/users\/1"}],"replies":[{"embeddable":true,"href":"http:\/\/blogdalucianaoliveira.com.br\/blog\/wp-json\/wp\/v2\/comments?post=13286"}],"version-history":[{"count":5,"href":"http:\/\/blogdalucianaoliveira.com.br\/blog\/wp-json\/wp\/v2\/posts\/13286\/revisions"}],"predecessor-version":[{"id":13294,"href":"http:\/\/blogdalucianaoliveira.com.br\/blog\/wp-json\/wp\/v2\/posts\/13286\/revisions\/13294"}],"wp:attachment":[{"href":"http:\/\/blogdalucianaoliveira.com.br\/blog\/wp-json\/wp\/v2\/media?parent=13286"}],"wp:term":[{"taxonomy":"category","embeddable":true,"href":"http:\/\/blogdalucianaoliveira.com.br\/blog\/wp-json\/wp\/v2\/categories?post=13286"},{"taxonomy":"post_tag","embeddable":true,"href":"http:\/\/blogdalucianaoliveira.com.br\/blog\/wp-json\/wp\/v2\/tags?post=13286"}],"curies":[{"name":"wp","href":"https:\/\/api.w.org\/{rel}","templated":true}]}}