{"id":1329,"date":"2016-05-30T09:33:21","date_gmt":"2016-05-30T13:33:21","guid":{"rendered":"http:\/\/blogdalucianaoliveira.com.br\/blog\/?p=1329"},"modified":"2016-05-30T09:33:21","modified_gmt":"2016-05-30T13:33:21","slug":"de-onde-veio-o-leitinho-do-michelzinho","status":"publish","type":"post","link":"http:\/\/blogdalucianaoliveira.com.br\/blog\/2016\/05\/30\/de-onde-veio-o-leitinho-do-michelzinho\/","title":{"rendered":"De onde veio o leitinho do Michelzinho?"},"content":{"rendered":"<p><img data-recalc-dims=\"1\" loading=\"lazy\" decoding=\"async\" data-attachment-id=\"1330\" data-permalink=\"http:\/\/blogdalucianaoliveira.com.br\/blog\/2016\/05\/30\/de-onde-veio-o-leitinho-do-michelzinho\/image-299\/\" data-orig-file=\"https:\/\/i0.wp.com\/blogdalucianaoliveira.com.br\/blog\/wp-content\/uploads\/2016\/05\/image-265.jpeg?fit=384%2C384\" data-orig-size=\"384,384\" data-comments-opened=\"0\" data-image-meta=\"{&quot;aperture&quot;:&quot;0&quot;,&quot;credit&quot;:&quot;&quot;,&quot;camera&quot;:&quot;&quot;,&quot;caption&quot;:&quot;&quot;,&quot;created_timestamp&quot;:&quot;0&quot;,&quot;copyright&quot;:&quot;&quot;,&quot;focal_length&quot;:&quot;0&quot;,&quot;iso&quot;:&quot;0&quot;,&quot;shutter_speed&quot;:&quot;0&quot;,&quot;title&quot;:&quot;&quot;,&quot;orientation&quot;:&quot;0&quot;}\" data-image-title=\"image\" data-image-description=\"\" data-image-caption=\"\" data-medium-file=\"https:\/\/i0.wp.com\/blogdalucianaoliveira.com.br\/blog\/wp-content\/uploads\/2016\/05\/image-265.jpeg?fit=300%2C300\" data-large-file=\"https:\/\/i0.wp.com\/blogdalucianaoliveira.com.br\/blog\/wp-content\/uploads\/2016\/05\/image-265.jpeg?fit=384%2C384\" src=\"https:\/\/i0.wp.com\/blogdalucianaoliveira.com.br\/blog\/wp-content\/uploads\/2016\/05\/image-265.jpeg?resize=384%2C384\" alt=\"image\" width=\"384\" height=\"384\" class=\"alignnone size-full wp-image-1330\" srcset=\"https:\/\/i0.wp.com\/blogdalucianaoliveira.com.br\/blog\/wp-content\/uploads\/2016\/05\/image-265.jpeg?w=384 384w, https:\/\/i0.wp.com\/blogdalucianaoliveira.com.br\/blog\/wp-content\/uploads\/2016\/05\/image-265.jpeg?resize=150%2C150 150w, https:\/\/i0.wp.com\/blogdalucianaoliveira.com.br\/blog\/wp-content\/uploads\/2016\/05\/image-265.jpeg?resize=300%2C300 300w\" sizes=\"auto, (max-width: 384px) 100vw, 384px\" \/><\/p>\n<p>Do face do Jo\u00e3o Paulo Viana <\/p>\n<p>&#8220;Como disse um amigo meu: &#8220;Michelzinho \u00e9 poderoso. <\/p>\n<p>Al\u00e9m de ter escolhido o novo logo do governo, \u00e9 propriet\u00e1rio de pelo menos dois im\u00f3veis que valem mais de R$ 2 milh\u00f5es. Mas n\u00e3o \u00e9 s\u00f3 Michelzinho que tem sorte, O patrim\u00f4nio de seu pai, por acaso presidente interino da Rep\u00fablica, mais do que dobrou entre as elei\u00e7\u00f5es de 2006 e de 2014&#8221;. <\/p>\n<p>Michelzinho \u00e9 o retrato do Brasil meritocr\u00e1tico. <\/p>\n<p>Viva a meritocracia brasileira!!<\/p>\n","protected":false},"excerpt":{"rendered":"<p>Do face do Jo\u00e3o Paulo Viana &#8220;Como disse um amigo meu: &#8220;Michelzinho \u00e9 poderoso. Al\u00e9m de ter escolhido o novo logo do governo, \u00e9 propriet\u00e1rio de pelo menos dois im\u00f3veis que valem mais de R$ 2 milh\u00f5es. Mas n\u00e3o \u00e9 s\u00f3 Michelzinho que tem sorte, O patrim\u00f4nio de seu pai, por acaso presidente interino da&#8230;<a class=\"more-link\" href=\"http:\/\/blogdalucianaoliveira.com.br\/blog\/2016\/05\/30\/de-onde-veio-o-leitinho-do-michelzinho\/\">Continue a leitura <span class=\"meta-nav\">&raquo;<\/span><\/a><\/p>\n","protected":false},"author":1,"featured_media":0,"comment_status":"closed","ping_status":"open","sticky":false,"template":"","format":"standard","meta":{"_exactmetrics_skip_tracking":false,"_exactmetrics_sitenote_active":false,"_exactmetrics_sitenote_note":"","_exactmetrics_sitenote_category":0,"jetpack_post_was_ever_published":false,"_jetpack_newsletter_access":"","_jetpack_dont_email_post_to_subs":false,"_jetpack_newsletter_tier_id":0,"_jetpack_memberships_contains_paywalled_content":false,"_jetpack_memberships_contains_paid_content":false,"footnotes":"","jetpack_publicize_message":"","jetpack_publicize_feature_enabled":true,"jetpack_social_post_already_shared":true,"jetpack_social_options":{"image_generator_settings":{"template":"highway","enabled":false},"version":2}},"categories":[1],"tags":[],"class_list":["post-1329","post","type-post","status-publish","format-standard","hentry","category-notas"],"jetpack_publicize_connections":[],"jetpack_sharing_enabled":true,"jetpack_featured_media_url":"","jetpack_shortlink":"https:\/\/wp.me\/p7wKYW-lr","jetpack-related-posts":[],"_links":{"self":[{"href":"http:\/\/blogdalucianaoliveira.com.br\/blog\/wp-json\/wp\/v2\/posts\/1329","targetHints":{"allow":["GET"]}}],"collection":[{"href":"http:\/\/blogdalucianaoliveira.com.br\/blog\/wp-json\/wp\/v2\/posts"}],"about":[{"href":"http:\/\/blogdalucianaoliveira.com.br\/blog\/wp-json\/wp\/v2\/types\/post"}],"author":[{"embeddable":true,"href":"http:\/\/blogdalucianaoliveira.com.br\/blog\/wp-json\/wp\/v2\/users\/1"}],"replies":[{"embeddable":true,"href":"http:\/\/blogdalucianaoliveira.com.br\/blog\/wp-json\/wp\/v2\/comments?post=1329"}],"version-history":[{"count":1,"href":"http:\/\/blogdalucianaoliveira.com.br\/blog\/wp-json\/wp\/v2\/posts\/1329\/revisions"}],"predecessor-version":[{"id":1331,"href":"http:\/\/blogdalucianaoliveira.com.br\/blog\/wp-json\/wp\/v2\/posts\/1329\/revisions\/1331"}],"wp:attachment":[{"href":"http:\/\/blogdalucianaoliveira.com.br\/blog\/wp-json\/wp\/v2\/media?parent=1329"}],"wp:term":[{"taxonomy":"category","embeddable":true,"href":"http:\/\/blogdalucianaoliveira.com.br\/blog\/wp-json\/wp\/v2\/categories?post=1329"},{"taxonomy":"post_tag","embeddable":true,"href":"http:\/\/blogdalucianaoliveira.com.br\/blog\/wp-json\/wp\/v2\/tags?post=1329"}],"curies":[{"name":"wp","href":"https:\/\/api.w.org\/{rel}","templated":true}]}}