{"id":13298,"date":"2017-08-29T13:23:59","date_gmt":"2017-08-29T17:23:59","guid":{"rendered":"http:\/\/blogdalucianaoliveira.com.br\/blog\/?p=13298"},"modified":"2017-08-29T13:23:59","modified_gmt":"2017-08-29T17:23:59","slug":"comunidade-indigena-do-parana-cria-sistema-100-livre-de-transgenicos-e-agrotoxicos","status":"publish","type":"post","link":"http:\/\/blogdalucianaoliveira.com.br\/blog\/2017\/08\/29\/comunidade-indigena-do-parana-cria-sistema-100-livre-de-transgenicos-e-agrotoxicos\/","title":{"rendered":"Comunidade ind\u00edgena do Paran\u00e1 cria sistema 100% livre de transg\u00eanicos e agrot\u00f3xicos"},"content":{"rendered":"<p><img data-recalc-dims=\"1\" loading=\"lazy\" decoding=\"async\" data-attachment-id=\"13299\" data-permalink=\"http:\/\/blogdalucianaoliveira.com.br\/blog\/2017\/08\/29\/comunidade-indigena-do-parana-cria-sistema-100-livre-de-transgenicos-e-agrotoxicos\/comu-2\/\" data-orig-file=\"https:\/\/i0.wp.com\/blogdalucianaoliveira.com.br\/blog\/wp-content\/uploads\/2017\/08\/comu.jpg?fit=640%2C427\" data-orig-size=\"640,427\" data-comments-opened=\"0\" data-image-meta=\"{&quot;aperture&quot;:&quot;0&quot;,&quot;credit&quot;:&quot;&quot;,&quot;camera&quot;:&quot;&quot;,&quot;caption&quot;:&quot;&quot;,&quot;created_timestamp&quot;:&quot;0&quot;,&quot;copyright&quot;:&quot;&quot;,&quot;focal_length&quot;:&quot;0&quot;,&quot;iso&quot;:&quot;0&quot;,&quot;shutter_speed&quot;:&quot;0&quot;,&quot;title&quot;:&quot;&quot;,&quot;orientation&quot;:&quot;0&quot;}\" data-image-title=\"comu\" data-image-description=\"\" data-image-caption=\"\" data-medium-file=\"https:\/\/i0.wp.com\/blogdalucianaoliveira.com.br\/blog\/wp-content\/uploads\/2017\/08\/comu.jpg?fit=300%2C200\" data-large-file=\"https:\/\/i0.wp.com\/blogdalucianaoliveira.com.br\/blog\/wp-content\/uploads\/2017\/08\/comu.jpg?fit=600%2C400\" src=\"https:\/\/i0.wp.com\/blogdalucianaoliveira.com.br\/blog\/wp-content\/uploads\/2017\/08\/comu.jpg?resize=600%2C400\" alt=\"comu\" width=\"600\" height=\"400\" class=\"alignnone size-full wp-image-13299\" srcset=\"https:\/\/i0.wp.com\/blogdalucianaoliveira.com.br\/blog\/wp-content\/uploads\/2017\/08\/comu.jpg?w=640 640w, https:\/\/i0.wp.com\/blogdalucianaoliveira.com.br\/blog\/wp-content\/uploads\/2017\/08\/comu.jpg?resize=300%2C200 300w, https:\/\/i0.wp.com\/blogdalucianaoliveira.com.br\/blog\/wp-content\/uploads\/2017\/08\/comu.jpg?resize=450%2C300 450w\" sizes=\"auto, (max-width: 600px) 100vw, 600px\" \/><\/p>\n<p>Produ\u00e7\u00e3o agroecol\u00f3gica \u00e9 s\u00edmbolo de resist\u00eancia em Terra Ind\u00edgena<!--more--><\/p>\n<p>Brasil de Fato | Tomazina (PR), por Julio Carignano &#8211; Situada no munic\u00edpio de Tomazina, no Norte Pioneiro do Paran\u00e1, a Terra Ind\u00edgena Pinhalzinho \u2013 comunidade onde vivem cerca de 160 ind\u00edgenas Guarani &#8211; se consolida em um espa\u00e7o de resist\u00eancia na regi\u00e3o que abriga a maior quantidade de latif\u00fandios do Estado e caracterizado pela monocultura, pela produ\u00e7\u00e3o mecanizada e pelos altos \u00edndices do consumo de agrot\u00f3xicos.<\/p>\n<p>Com o objeto de recuperar a floresta degradada e o sistema tradicional de produ\u00e7\u00e3o baseado na ancestralidade, a comunidade Guarani \u00d1andeva, que habita o territ\u00f3rio de aproximadamente 600 hectares, criou um sistema agroecol\u00f3gico focado na sustentabilidade e na produ\u00e7\u00e3o 100% livre de transg\u00eanicos e agrot\u00f3xicos.<\/p>\n<p>Desde 2011 \u00e9 realizada na Terra Ind\u00edgena a Feira de Sementes Crioulas e Mudas Nativas de Pinhalzinho. Nos dias 25 e 26 de agosto, a comunidade recebeu parentes de outras terras ind\u00edgenas e visitantes para a quinta edi\u00e7\u00e3o da feira. Realizado em parceria como o Instituto Federal do Paran\u00e1 (IFPR), o evento nasceu da necessidade de recuperar sementes tradicionais consideradas sagradas para o povo Guarani.<\/p>\n<p>A feira apresentou a diversidade da produ\u00e7\u00e3o de sementes; com variedades de milho, feij\u00e3o, arroz, amendoim e tamb\u00e9m a produ\u00e7\u00e3o de tub\u00e9rculos e ramas como mandioca, batata doce, inhame. &#8220;Eu aprendi a guardar sementes com meu pai, que aprendeu com o pai dele. Desse jeito sempre tinha, n\u00e3o preciso comprar sementes, consigo manter a qualidade e posso ajudar outros doando ou trocando as sementes&#8221;, diz o guarani Orlando Albino Gabriel.<\/p>\n<p>Resist\u00eancia <\/p>\n<p>Para compreendermos o significado da Feira para os ind\u00edgenas \u00e9 necess\u00e1rio uma retomada do processo hist\u00f3rico da TI Pinhalzinho. Territ\u00f3rio demarcado em 1986 pela Funda\u00e7\u00e3o Nacional do \u00cdndio (FUNAI), o Tekoha tem o DNA da resist\u00eancia.<\/p>\n<p>Sebasti\u00e3o Mario Alves, cacique da TI Pinhalzinho, explica que os ind\u00edgenas tiveram um longo trabalho de retomada da produ\u00e7\u00e3o tradicional. A terra foi alvo de conflitos mesmo ap\u00f3s a demarca\u00e7\u00e3o devido a invas\u00e3o de posseiros que criavam gados. \u201cParticipei do grupo de resist\u00eancia que expulsou o \u00faltimo posseiro que aqui morava. Os grileiros impediam que n\u00f3s tiv\u00e9ssemos acesso a parte de nossa terra demarcada. Fomos perdendo o direito de uso e nossa riqueza cultural, sobretudo a alimentar\u201d.<\/p>\n<p>At\u00e9 a retirada dos posseiros, a comunidade tinha reduzida a possibilidade de praticar o sistema agr\u00edcola tradicional, uma produ\u00e7\u00e3o que est\u00e1 intimamente ligada ao aspecto de organiza\u00e7\u00e3o social e cosmologia do Povo Guarani na busca da chamada \u201cterra sem mal\u201d. \u201cNossa proposta \u00e9 a recupera\u00e7\u00e3o de nossa floresta, da manuten\u00e7\u00e3o e preserva\u00e7\u00e3o de sementes fundamentais para garantia da soberania alimentar e o fortalecimento cultural e religioso de nosso povo\u201d, explica Reginaldo Alves, filho do cacique Sebasti\u00e3o e coordenador da feira.<\/p>\n<p>Agrofloresta<\/p>\n<p>A TI Pinhalzinho tamb\u00e9m se tornou uma refer\u00eancia do sistema de agroecologia por meio do projeto de agrofloresta desenvolvido pela comunidade e a Escola Estadual Ind\u00edgena Yvy Por\u00e3, um sistema de produ\u00e7\u00e3o baseado no manejo sustent\u00e1vel de recursos florestais, como madeira, cip\u00f3s, palhas, rem\u00e9dios e tamb\u00e9m na produ\u00e7\u00e3o de alimentos para a fauna.<\/p>\n<p>No espa\u00e7o se desenvolve o projeto Yvy Marae\u2019y, que tem como refer\u00eancia como refer\u00eancia o pesquisador Ernest Gotsh. \u201cO termo agrofloresta \u00e9 um termo novo para uma pr\u00e1tica antiga j\u00e1 utilizada pelos nossos ancestrais. \u00c9 uma forma de trabalharmos a terra, aproveitando pequenos espa\u00e7os, produzindo diversas culturas e fazendo a recupera\u00e7\u00e3o e conserva\u00e7\u00e3o do solo\u201d, explica Jefferson Gabriel Dominguez, diretor da escola ind\u00edgena.<\/p>\n<p>O pr\u00f3prio passo da comunidade escolar ser\u00e1 a elabora\u00e7\u00e3o de um banco de dados e uma biblioteca de sementes produzidas na terra ind\u00edgena. \u201cAs sementes crioulas s\u00e3o s\u00edmbolo de resist\u00eancia, elas resistiram ao contato com outras sementes, a adversidades, aos ataques do agroneg\u00f3cio. As sementes s\u00e3o um movimento de resist\u00eancia do nosso territ\u00f3rio, resistem assim como nosso povo\u201d, acrescenta Jefferson.<\/p>\n<p>Marco temporal<\/p>\n<p>A Feira de Sementes Crioulas e Mudas Nativas tamb\u00e9m foi uma oportunidade das lideran\u00e7as Guarani de comunidades do Norte Pioneiro fazerem debates sobre o atual momento de ofensiva aos povos tradicionais e a atual amea\u00e7a do Marco Temporal, tese pol\u00edtico jur\u00eddica que estabelece que s\u00f3 teriam direito \u00e0 demarca\u00e7\u00e3o os povos que estivessem em suas terras em 5 de outubro de 1988, data de promulga\u00e7\u00e3o da Constitui\u00e7\u00e3o.<\/p>\n<p>A tese ignora o hist\u00f3rico de remo\u00e7\u00f5es for\u00e7adas e outras viol\u00eancias sofridas ao longo de s\u00e9culos pelos povos ind\u00edgenas. \u201cNunca fomos prioridade para o Estado, toda conquista e avan\u00e7o do nosso povo se deu com muita luta e enfrentamento, por\u00e9m a atual conjuntura \u00e9 preocupante, pois hoje temos inimigos dos direitos ind\u00edgenas tamb\u00e9m no Judici\u00e1rio\u201d, comenta Marciano Rodrigues, lideran\u00e7a Guarani e coordenador geral da Associa\u00e7\u00e3o dos Povos Ind\u00edgenas da Regi\u00e3o Sul do Brasil (Arpin Sul).<\/p>\n<p>Edi\u00e7\u00e3o: Ednubia Ghisi<\/p>\n","protected":false},"excerpt":{"rendered":"<p>Produ\u00e7\u00e3o agroecol\u00f3gica \u00e9 s\u00edmbolo de resist\u00eancia em Terra Ind\u00edgena<\/p>\n","protected":false},"author":1,"featured_media":0,"comment_status":"closed","ping_status":"open","sticky":false,"template":"","format":"standard","meta":{"_exactmetrics_skip_tracking":false,"_exactmetrics_sitenote_active":false,"_exactmetrics_sitenote_note":"","_exactmetrics_sitenote_category":0,"jetpack_post_was_ever_published":false,"_jetpack_newsletter_access":"","_jetpack_dont_email_post_to_subs":false,"_jetpack_newsletter_tier_id":0,"_jetpack_memberships_contains_paywalled_content":false,"_jetpack_memberships_contains_paid_content":false,"footnotes":"","jetpack_publicize_message":"","jetpack_publicize_feature_enabled":true,"jetpack_social_post_already_shared":true,"jetpack_social_options":{"image_generator_settings":{"template":"highway","enabled":false},"version":2}},"categories":[1],"tags":[],"class_list":["post-13298","post","type-post","status-publish","format-standard","hentry","category-notas"],"jetpack_publicize_connections":[],"jetpack_sharing_enabled":true,"jetpack_featured_media_url":"","jetpack_shortlink":"https:\/\/wp.me\/p7wKYW-3su","jetpack-related-posts":[],"_links":{"self":[{"href":"http:\/\/blogdalucianaoliveira.com.br\/blog\/wp-json\/wp\/v2\/posts\/13298","targetHints":{"allow":["GET"]}}],"collection":[{"href":"http:\/\/blogdalucianaoliveira.com.br\/blog\/wp-json\/wp\/v2\/posts"}],"about":[{"href":"http:\/\/blogdalucianaoliveira.com.br\/blog\/wp-json\/wp\/v2\/types\/post"}],"author":[{"embeddable":true,"href":"http:\/\/blogdalucianaoliveira.com.br\/blog\/wp-json\/wp\/v2\/users\/1"}],"replies":[{"embeddable":true,"href":"http:\/\/blogdalucianaoliveira.com.br\/blog\/wp-json\/wp\/v2\/comments?post=13298"}],"version-history":[{"count":1,"href":"http:\/\/blogdalucianaoliveira.com.br\/blog\/wp-json\/wp\/v2\/posts\/13298\/revisions"}],"predecessor-version":[{"id":13300,"href":"http:\/\/blogdalucianaoliveira.com.br\/blog\/wp-json\/wp\/v2\/posts\/13298\/revisions\/13300"}],"wp:attachment":[{"href":"http:\/\/blogdalucianaoliveira.com.br\/blog\/wp-json\/wp\/v2\/media?parent=13298"}],"wp:term":[{"taxonomy":"category","embeddable":true,"href":"http:\/\/blogdalucianaoliveira.com.br\/blog\/wp-json\/wp\/v2\/categories?post=13298"},{"taxonomy":"post_tag","embeddable":true,"href":"http:\/\/blogdalucianaoliveira.com.br\/blog\/wp-json\/wp\/v2\/tags?post=13298"}],"curies":[{"name":"wp","href":"https:\/\/api.w.org\/{rel}","templated":true}]}}