{"id":13304,"date":"2017-08-29T16:44:46","date_gmt":"2017-08-29T20:44:46","guid":{"rendered":"http:\/\/blogdalucianaoliveira.com.br\/blog\/?p=13304"},"modified":"2017-08-29T16:45:49","modified_gmt":"2017-08-29T20:45:49","slug":"a-escalada-da-islamofobia-no-brasil","status":"publish","type":"post","link":"http:\/\/blogdalucianaoliveira.com.br\/blog\/2017\/08\/29\/a-escalada-da-islamofobia-no-brasil\/","title":{"rendered":"A escalada da islamofobia no Brasil"},"content":{"rendered":"<p><img data-recalc-dims=\"1\" loading=\"lazy\" decoding=\"async\" data-attachment-id=\"13305\" data-permalink=\"http:\/\/blogdalucianaoliveira.com.br\/blog\/2017\/08\/29\/a-escalada-da-islamofobia-no-brasil\/img_4092\/\" data-orig-file=\"https:\/\/i0.wp.com\/blogdalucianaoliveira.com.br\/blog\/wp-content\/uploads\/2017\/08\/IMG_4092.jpg?fit=768%2C512\" data-orig-size=\"768,512\" data-comments-opened=\"0\" data-image-meta=\"{&quot;aperture&quot;:&quot;0&quot;,&quot;credit&quot;:&quot;&quot;,&quot;camera&quot;:&quot;&quot;,&quot;caption&quot;:&quot;&quot;,&quot;created_timestamp&quot;:&quot;0&quot;,&quot;copyright&quot;:&quot;&quot;,&quot;focal_length&quot;:&quot;0&quot;,&quot;iso&quot;:&quot;0&quot;,&quot;shutter_speed&quot;:&quot;0&quot;,&quot;title&quot;:&quot;&quot;,&quot;orientation&quot;:&quot;0&quot;}\" data-image-title=\"IMG_4092\" data-image-description=\"\" data-image-caption=\"\" data-medium-file=\"https:\/\/i0.wp.com\/blogdalucianaoliveira.com.br\/blog\/wp-content\/uploads\/2017\/08\/IMG_4092.jpg?fit=300%2C200\" data-large-file=\"https:\/\/i0.wp.com\/blogdalucianaoliveira.com.br\/blog\/wp-content\/uploads\/2017\/08\/IMG_4092.jpg?fit=600%2C400\" src=\"https:\/\/i0.wp.com\/blogdalucianaoliveira.com.br\/blog\/wp-content\/uploads\/2017\/08\/IMG_4092.jpg?resize=600%2C400\" alt=\"IMG_4092\" width=\"600\" height=\"400\" class=\"alignnone size-full wp-image-13305\" srcset=\"https:\/\/i0.wp.com\/blogdalucianaoliveira.com.br\/blog\/wp-content\/uploads\/2017\/08\/IMG_4092.jpg?w=768 768w, https:\/\/i0.wp.com\/blogdalucianaoliveira.com.br\/blog\/wp-content\/uploads\/2017\/08\/IMG_4092.jpg?resize=300%2C200 300w, https:\/\/i0.wp.com\/blogdalucianaoliveira.com.br\/blog\/wp-content\/uploads\/2017\/08\/IMG_4092.jpg?resize=450%2C300 450w\" sizes=\"auto, (max-width: 600px) 100vw, 600px\" \/><\/p>\n<p>No Eco Isl\u00e2mico, por Luciana Carvalho &#8211; Embora muitos ainda acreditem que n\u00e3o, a islamofobia \u00e9 uma realidade no Brasil. De \u201cbrincadeiras\u201d dissimuladas \u00e0 agress\u00f5es verbais mais diretas, h\u00e1 registros de mu\u00e7ulmanos sendo v\u00edtimas de islamofobia no Brasil ao menos desde a d\u00e9cada de 1980.<!--more--><\/p>\n<p>\u201cTerrorista\u201d, \u201cmulher\/homem bomba\u201d, \u201cBin Laden\u201d\u2026os improp\u00e9rios s\u00e3o os mesmos e j\u00e1 foram ouvidos pelo menos uma vez por todo mu\u00e7ulmano (a).<\/p>\n<p>Tamb\u00e9m n\u00e3o s\u00e3o raras as agress\u00f5es f\u00edsicas : H\u00e1 relatos de mu\u00e7ulmanas sendo cuspidas, empurradas e apedrejadas em v\u00e1rias partes do Pa\u00eds. Alguns incidentes chegaram a ser noticiados por portais de not\u00edcia de grande visibilidade, como o caso de Halimah Farah, apedrejada em companhia dos filhos de 6 e 8 anos enquanto voltavam da escola, mas logo foram esquecidos.<\/p>\n<p>Por isso, \u00e9 preciso que se entenda o quanto antes que n\u00e3o se tratam de incidentes isolados. Para falar um pouco em n\u00fameros, em entrevistas realizadas entre janeiro e mar\u00e7o de 2017, com mu\u00e7ulmanos entre 25 e 63 anos residentes em quatro regi\u00f5es do Brasil, em sua maioria mulheres revertidas, revelou-se que 72,72% dos ouvidos j\u00e1 sofreram algum tipo de agress\u00e3o por serem mu\u00e7ulmanos e 84,60% relataram se sentir discriminados em fun\u00e7\u00e3o do mesmo motivo.<\/p>\n<p>Quando se pensa no ambiente de trabalho, obst\u00e1culos n\u00e3o faltam para o mu\u00e7ulmano que mant\u00e9m a apar\u00eancia estritamente de acordo com os ditames da religi\u00e3o (hijab ou barba, conforme o caso) conseguir um emprego ou mesmo mant\u00ea-lo, quando a revers\u00e3o ao Islam se d\u00e1 ap\u00f3s a contrata\u00e7\u00e3o. Se tentam exercer seu direito, constitucionalmente assegurado desde a Carta de 1891, de rezar em ambiente outro que n\u00e3o as suas resid\u00eancias ent\u00e3o\u2026!<\/p>\n<p>Apesar de n\u00e3o se tratar de um fen\u00f4meno recente no Pa\u00eds, nos \u00faltimos anos a situa\u00e7\u00e3o s\u00f3 tem se agravado. Basta ler a se\u00e7\u00e3o de coment\u00e1rios de qualquer not\u00edcia envolvendo o Islam e os mu\u00e7ulmanos para se ter uma amostra do grau de ades\u00e3o ao discurso islamof\u00f3bico no Brasil. Para, contudo, os que n\u00e3o consideram manifesta\u00e7\u00f5es de \u00f3dio online como algo digno de nota, aqui v\u00e3o alguns casos ocorridos nos \u00faltimos meses no \u201cmundo real\u201d<\/p>\n<p>Em maio, em protesto contra a Lei de Migra\u00e7\u00e3o realizado na Avenida Paulista, manifestantes declaravam-se \u201ccontra a islamiza\u00e7\u00e3o do Pa\u00eds\u201d e apelidavam a nova lei de \u201cestatuto do terrorista\u201d. Um militante \u00e0 frente da marcha chegou a dizer ao microfone: \u201cEssa lei veio para colocar os isl\u00e2micos contra os crist\u00e3os. Para destruir as fam\u00edlias. Para pegar crian\u00e7as de 9 anos de idade e faz\u00ea-las se casar com homens de 50 anos. N\u00f3s estamos falando de uma aberra\u00e7\u00e3o cultural, de algo que n\u00e3o pode ser conivente com a nossa cultura\u201d. <\/p>\n<p>J\u00e1 no dia 03 de agosto, o refugiado s\u00edrio Mohamed Ali foi humilhado por um homem armado com dois peda\u00e7os de madeira, enquanto vendia esfihas e doces s\u00edrios em Copacabana. Como \u00e9 poss\u00edvel ver no v\u00eddeo ao lado, Ali recolhe, envergonhado, sua mercadoria (jogada no ch\u00e3o antes de as imagens registrarem a agress\u00e3o) enquanto um homem grita \u201cSaia do meu pa\u00eds! Eu sou brasileiro e estou vendo meu pa\u00eds ser invadido por esses homens-bomba miser\u00e1veis que mataram crian\u00e7as, adolescentes. S\u00e3o miser\u00e1veis! Vamos expulsar ele!\u201d\u2026  <\/p>\n<div class=\"jetpack-video-wrapper\"><iframe loading=\"lazy\" title=\"REFUGIADO S\u00cdRIO \u00c9 V\u00cdTIMA DE XENOFOBIA NO RIO\" width=\"600\" height=\"338\" src=\"https:\/\/www.youtube.com\/embed\/9_W5PYoBUhk?feature=oembed\" frameborder=\"0\" allow=\"accelerometer; autoplay; clipboard-write; encrypted-media; gyroscope; picture-in-picture; web-share\" referrerpolicy=\"strict-origin-when-cross-origin\" allowfullscreen><\/iframe><\/div>\n<p>E, como que para afirmar em definitivo a escalada da islamofobia no Brasil, no \u00faltimo dia 12, n\u00e3o mais uma lei, mas o \u00f3dio em si aos mu\u00e7ulmanos foi o mote central de um protesto ocorrido no Rio de Janeiro: Vestidos de preto, evang\u00e9licos percorreram a orla de Ipanema entoando em coro que mu\u00e7ulmanos s\u00e3o \u201cassassinos\u201d, \u201cped\u00f3filos\u201d e \u201cterroristas\u201d, e que o Alcor\u00e3o \u00e9 \u201cguia de estupro e assassinato\u201d. <\/p>\n<p>Apesar deste cen\u00e1rio, o Estado e as institui\u00e7\u00f5es respons\u00e1veis pela tutela das liberdades individuais ainda se mostram omissos quanto ao tema. As institui\u00e7\u00f5es isl\u00e2micas, igualmente, n\u00e3o se manifestam de forma assertiva quando incidentes de islamofobia s\u00e3o reportados, preferindo trat\u00e1-los como meramente epis\u00f3dicos e preservar o mito da cordialidade brasileira.<\/p>\n<p>Assim \u00e9 que, mais de dois anos depois, repetimos o questionamento de uma das mu\u00e7ulmanas brasileiras agredidas na onda de ataques islamof\u00f3bicos de janeiro de 2015: \u201cSer\u00e1 que uma mu\u00e7ulmana brasileira precisa morrer para entenderem que existe islamofobia no Brasil?\u201d<\/p>\n<p>Fontes:<\/p>\n<p>\u201cDiscurso do \u00d3dio e Islamofobia: quando a liberdade de express\u00e3o gera opress\u00e3o\u201d. Monografia de Conclus\u00e3o de Curso. Universidade Federal da Bahia, 2017. Dispon\u00edvel no reposit\u00f3rio institucional da universidade.<\/p>\n","protected":false},"excerpt":{"rendered":"<p>No Eco Isl\u00e2mico, por Luciana Carvalho &#8211; Embora muitos ainda acreditem que n\u00e3o, a islamofobia \u00e9 uma realidade no Brasil. De \u201cbrincadeiras\u201d dissimuladas \u00e0 agress\u00f5es verbais mais diretas, h\u00e1 registros de mu\u00e7ulmanos sendo v\u00edtimas de islamofobia no Brasil ao menos desde a d\u00e9cada de 1980.<\/p>\n","protected":false},"author":1,"featured_media":0,"comment_status":"closed","ping_status":"open","sticky":false,"template":"","format":"standard","meta":{"_exactmetrics_skip_tracking":false,"_exactmetrics_sitenote_active":false,"_exactmetrics_sitenote_note":"","_exactmetrics_sitenote_category":0,"jetpack_post_was_ever_published":false,"_jetpack_newsletter_access":"","_jetpack_dont_email_post_to_subs":false,"_jetpack_newsletter_tier_id":0,"_jetpack_memberships_contains_paywalled_content":false,"_jetpack_memberships_contains_paid_content":false,"footnotes":"","jetpack_publicize_message":"","jetpack_publicize_feature_enabled":true,"jetpack_social_post_already_shared":true,"jetpack_social_options":{"image_generator_settings":{"template":"highway","enabled":false},"version":2}},"categories":[1],"tags":[5,245],"class_list":["post-13304","post","type-post","status-publish","format-standard","hentry","category-notas","tag-brasil","tag-islamofobia"],"jetpack_publicize_connections":[],"jetpack_sharing_enabled":true,"jetpack_featured_media_url":"","jetpack_shortlink":"https:\/\/wp.me\/p7wKYW-3sA","jetpack-related-posts":[],"_links":{"self":[{"href":"http:\/\/blogdalucianaoliveira.com.br\/blog\/wp-json\/wp\/v2\/posts\/13304","targetHints":{"allow":["GET"]}}],"collection":[{"href":"http:\/\/blogdalucianaoliveira.com.br\/blog\/wp-json\/wp\/v2\/posts"}],"about":[{"href":"http:\/\/blogdalucianaoliveira.com.br\/blog\/wp-json\/wp\/v2\/types\/post"}],"author":[{"embeddable":true,"href":"http:\/\/blogdalucianaoliveira.com.br\/blog\/wp-json\/wp\/v2\/users\/1"}],"replies":[{"embeddable":true,"href":"http:\/\/blogdalucianaoliveira.com.br\/blog\/wp-json\/wp\/v2\/comments?post=13304"}],"version-history":[{"count":2,"href":"http:\/\/blogdalucianaoliveira.com.br\/blog\/wp-json\/wp\/v2\/posts\/13304\/revisions"}],"predecessor-version":[{"id":13307,"href":"http:\/\/blogdalucianaoliveira.com.br\/blog\/wp-json\/wp\/v2\/posts\/13304\/revisions\/13307"}],"wp:attachment":[{"href":"http:\/\/blogdalucianaoliveira.com.br\/blog\/wp-json\/wp\/v2\/media?parent=13304"}],"wp:term":[{"taxonomy":"category","embeddable":true,"href":"http:\/\/blogdalucianaoliveira.com.br\/blog\/wp-json\/wp\/v2\/categories?post=13304"},{"taxonomy":"post_tag","embeddable":true,"href":"http:\/\/blogdalucianaoliveira.com.br\/blog\/wp-json\/wp\/v2\/tags?post=13304"}],"curies":[{"name":"wp","href":"https:\/\/api.w.org\/{rel}","templated":true}]}}