{"id":13312,"date":"2017-08-29T18:30:10","date_gmt":"2017-08-29T22:30:10","guid":{"rendered":"http:\/\/blogdalucianaoliveira.com.br\/blog\/?p=13312"},"modified":"2017-08-29T19:36:12","modified_gmt":"2017-08-29T23:36:12","slug":"decisao-do-trf-1-regiao-obriga-prefeito-a-distribuir-livros-que-tratam-de-diversidade-familiar","status":"publish","type":"post","link":"http:\/\/blogdalucianaoliveira.com.br\/blog\/2017\/08\/29\/decisao-do-trf-1-regiao-obriga-prefeito-a-distribuir-livros-que-tratam-de-diversidade-familiar\/","title":{"rendered":"DECIS\u00c3O DO TRF-1\u00aa REGI\u00c3O OBRIGA PREFEITO A DISTRIBUIR LIVROS QUE TRATAM DE DIVERSIDADE FAMILIAR"},"content":{"rendered":"<p><img data-recalc-dims=\"1\" loading=\"lazy\" decoding=\"async\" data-attachment-id=\"13313\" data-permalink=\"http:\/\/blogdalucianaoliveira.com.br\/blog\/2017\/08\/29\/decisao-do-trf-1-regiao-obriga-prefeito-a-distribuir-livros-que-tratam-de-diversidade-familiar\/thi-3\/\" data-orig-file=\"https:\/\/i0.wp.com\/blogdalucianaoliveira.com.br\/blog\/wp-content\/uploads\/2017\/08\/thi.jpg?fit=850%2C567\" data-orig-size=\"850,567\" data-comments-opened=\"0\" data-image-meta=\"{&quot;aperture&quot;:&quot;0&quot;,&quot;credit&quot;:&quot;&quot;,&quot;camera&quot;:&quot;&quot;,&quot;caption&quot;:&quot;&quot;,&quot;created_timestamp&quot;:&quot;0&quot;,&quot;copyright&quot;:&quot;&quot;,&quot;focal_length&quot;:&quot;0&quot;,&quot;iso&quot;:&quot;0&quot;,&quot;shutter_speed&quot;:&quot;0&quot;,&quot;title&quot;:&quot;&quot;,&quot;orientation&quot;:&quot;0&quot;}\" data-image-title=\"thi\" data-image-description=\"\" data-image-caption=\"\" data-medium-file=\"https:\/\/i0.wp.com\/blogdalucianaoliveira.com.br\/blog\/wp-content\/uploads\/2017\/08\/thi.jpg?fit=300%2C200\" data-large-file=\"https:\/\/i0.wp.com\/blogdalucianaoliveira.com.br\/blog\/wp-content\/uploads\/2017\/08\/thi.jpg?fit=600%2C400\" class=\"alignnone size-full wp-image-13313\" src=\"https:\/\/i0.wp.com\/blogdalucianaoliveira.com.br\/blog\/wp-content\/uploads\/2017\/08\/thi.jpg?resize=600%2C400\" alt=\"thi\" width=\"600\" height=\"400\" srcset=\"https:\/\/i0.wp.com\/blogdalucianaoliveira.com.br\/blog\/wp-content\/uploads\/2017\/08\/thi.jpg?w=850 850w, https:\/\/i0.wp.com\/blogdalucianaoliveira.com.br\/blog\/wp-content\/uploads\/2017\/08\/thi.jpg?resize=300%2C200 300w, https:\/\/i0.wp.com\/blogdalucianaoliveira.com.br\/blog\/wp-content\/uploads\/2017\/08\/thi.jpg?resize=768%2C512 768w, https:\/\/i0.wp.com\/blogdalucianaoliveira.com.br\/blog\/wp-content\/uploads\/2017\/08\/thi.jpg?resize=450%2C300 450w\" sizes=\"auto, (max-width: 600px) 100vw, 600px\" \/><\/p>\n<p>Saiu no \u00faltimo dia 23, a decis\u00e3o da ju\u00edza Maria L\u00facia Gomes de Souza, do Tribunal Regional Federal da 1\u00aa\u00a0 Regi\u00e3o, que acata o pedido antecipa\u00e7\u00e3o de tutela de m\u00e9rito \u00e0 medida cautelar do Minist\u00e9rio P\u00fablico Federal contra o prefeito de Ariquemes, Thiago Flores.<!--more--><\/p>\n<p>Os procuradores pediram que o prefeito e o secret\u00e1rio de educa\u00e7\u00e3o do munic\u00edpio fossem impedidos de \u201cviolar, destacar, suprimir, rasgar ou destruir os livros did\u00e1ticos que ser\u00e3o distribu\u00eddos aos alunos, ou parte deles, a fim de evitar qualquer dano de cunho jur\u00eddico, patrimonial e social e tamb\u00e9m \u201ca imediata distribui\u00e7\u00e3o dos livros \u00e0s escolas municipais de Ariquemes\u201d.<\/p>\n<p>O caso ganhou repercuss\u00e3o nacional quando vereadores decidiram retirar dos livros, p\u00e1ginas com conte\u00fado sobre diversidade familiar e orienta\u00e7\u00e3o sexual.<\/p>\n<p>Os livros n\u00e3o eram distribu\u00eddos desde a gest\u00e3o anterior e suprimir as p\u00e1ginas foi a solu\u00e7\u00e3o encontrada pelos vereadores com apoio do prefeito.<\/p>\n<p><img data-recalc-dims=\"1\" loading=\"lazy\" decoding=\"async\" data-attachment-id=\"13314\" data-permalink=\"http:\/\/blogdalucianaoliveira.com.br\/blog\/2017\/08\/29\/decisao-do-trf-1-regiao-obriga-prefeito-a-distribuir-livros-que-tratam-de-diversidade-familiar\/li\/\" data-orig-file=\"https:\/\/i0.wp.com\/blogdalucianaoliveira.com.br\/blog\/wp-content\/uploads\/2017\/08\/li.jpg?fit=620%2C465\" data-orig-size=\"620,465\" data-comments-opened=\"0\" data-image-meta=\"{&quot;aperture&quot;:&quot;0&quot;,&quot;credit&quot;:&quot;&quot;,&quot;camera&quot;:&quot;&quot;,&quot;caption&quot;:&quot;&quot;,&quot;created_timestamp&quot;:&quot;0&quot;,&quot;copyright&quot;:&quot;&quot;,&quot;focal_length&quot;:&quot;0&quot;,&quot;iso&quot;:&quot;0&quot;,&quot;shutter_speed&quot;:&quot;0&quot;,&quot;title&quot;:&quot;&quot;,&quot;orientation&quot;:&quot;0&quot;}\" data-image-title=\"li\" data-image-description=\"\" data-image-caption=\"\" data-medium-file=\"https:\/\/i0.wp.com\/blogdalucianaoliveira.com.br\/blog\/wp-content\/uploads\/2017\/08\/li.jpg?fit=300%2C225\" data-large-file=\"https:\/\/i0.wp.com\/blogdalucianaoliveira.com.br\/blog\/wp-content\/uploads\/2017\/08\/li.jpg?fit=600%2C450\" class=\"alignnone size-full wp-image-13314\" src=\"https:\/\/i0.wp.com\/blogdalucianaoliveira.com.br\/blog\/wp-content\/uploads\/2017\/08\/li.jpg?resize=600%2C450\" alt=\"li\" width=\"600\" height=\"450\" srcset=\"https:\/\/i0.wp.com\/blogdalucianaoliveira.com.br\/blog\/wp-content\/uploads\/2017\/08\/li.jpg?w=620 620w, https:\/\/i0.wp.com\/blogdalucianaoliveira.com.br\/blog\/wp-content\/uploads\/2017\/08\/li.jpg?resize=300%2C225 300w, https:\/\/i0.wp.com\/blogdalucianaoliveira.com.br\/blog\/wp-content\/uploads\/2017\/08\/li.jpg?resize=400%2C300 400w\" sizes=\"auto, (max-width: 600px) 100vw, 600px\" \/><\/p>\n<p>Para a ju\u00edza, a proibi\u00e7\u00e3o submete educandos ao desconhecimento e \u00e0 ignor\u00e2ncia \u201csobre uma dimens\u00e3o fundamental da experi\u00eancia humana e que tem, ainda, por consequ\u00eancia, impedir que a educa\u00e7\u00e3o desempenhe seu papel fundamental de transforma\u00e7\u00e3o cultural, de promo\u00e7\u00e3o da igualdade e da pr\u00f3pria prote\u00e7\u00e3o integral assegurada pela Constitui\u00e7\u00e3o \u00e0s crian\u00e7as e aos jovens\u201d.<\/p>\n<p>A determina\u00e7\u00e3o \u00e9 para que os livros did\u00e1ticos sejam entregues aos alunos da rede municipal de ensino, sem qualquer altera\u00e7\u00e3o em seu conte\u00fado.<\/p>\n<p>\u201cA transexualidade e a homossexualidade s\u00e3o um fato da vida que n\u00e3o deixar\u00e1 de existir por sua nega\u00e7\u00e3o e que independe do querer das pessoas. Privar um indiv\u00edduo de viver a sua identidade de g\u00eanero ou de estabelecer rela\u00e7\u00f5es afetivas e sexuais conforme seu desejo significaria priv\u00e1-lo de uma dimens\u00e3o fundamental da sua exist\u00eancia; implicaria recusar-lhe um sentido essencial da autonomia, negar-lhe igual respeito e considera\u00e7\u00e3o com base em um crit\u00e9rio injustificado. A educa\u00e7\u00e3o \u00e9 o principal instrumento de supera\u00e7\u00e3o da incompreens\u00e3o, do preconceito e da intoler\u00e2ncia que acompanham tais grupos ao longo das suas vidas. \u00c9 o meio pelo qual se lograr\u00e1 superar a viol\u00eancia e a exclus\u00e3o social de que s\u00e3o alvos, transformar a compreens\u00e3o social e promover o respeito \u00e0 diferen\u00e7a. Impedir a alus\u00e3o aos termos g\u00eanero e orienta\u00e7\u00e3o sexual na escola significa conferir invisibilidade a tais quest\u00f5es. Proibir que o assunto seja tratado no \u00e2mbito da educa\u00e7\u00e3o significa valer-se do aparato estatal para impedir a supera\u00e7\u00e3o da exclus\u00e3o social e, portanto, para perpetuar a discrimina\u00e7\u00e3o. Assim, tamb\u00e9m por este fundamento \u2013 viola\u00e7\u00e3o \u00e0 igualdade e \u00e0 dignidade humana \u2013 est\u00e1 demonstrada a plausibilidade do direito postulado&#8221;, destacou a ju\u00edza.<\/p>\n<p>Confira a decis\u00e3o:\u00a0<a href=\"file:\/\/\/C:\/Users\/Luciana\/Downloads\/TRF-1_CauInom_1004817-32.2017.4.01.0000_RO_Decisao_Intelocutoria_23-08-2017.pdf\">file:\/\/\/C:\/Users\/Luciana\/Downloads\/TRF-1_CauInom_1004817-32.2017.4.01.0000_RO_Decisao_Intelocutoria_23-08-2017.pdf<\/a><\/p>\n<p>&nbsp;<\/p>\n<p>Para o professor da Universidade Federal de Rond\u00f4nia, ex integrante do Conselho Nacional de Direitos Humanos, Vinicius Miguel,\u00a0&#8220;Queimar livros \u00e9 uma das coisas mais assustadoras que se pode imaginar: nos remete \u00e0s horr\u00edveis cenas da Inquisi\u00e7\u00e3o e do Nazismo. Intoler\u00e2ncia e fundamentalismo s\u00e3o horr\u00edveis para uma Democracia. Precisamos de di\u00e1logo e toler\u00e2ncia&#8221;.<\/p>\n<p>&nbsp;<\/p>\n<p>Relembre o caso\u00a0<a href=\"https:\/\/www.brasil247.com\/pt\/colunistas\/lucianaoliveira\/281895\/Prefeito-e-vereadores-que-censuraram-livros-s%C3%A3o-processados-e-podem-perder-os-cargos.htm\">https:\/\/www.brasil247.com\/pt\/colunistas\/lucianaoliveira\/281895\/Prefeito-e-vereadores-que-censuraram-livros-s%C3%A3o-processados-e-podem-perder-os-cargos.htm<\/a><\/p>\n<p><a href=\"https:\/\/www.google.com.br\/amp\/amp.brasil247.com\/pt\/colunistas\/lucianaoliveira\/279533\">https:\/\/www.google.com.br\/amp\/amp.brasil247.com\/pt\/colunistas\/lucianaoliveira\/279533<\/a><\/p>\n<hr \/>\n<p>&nbsp;<\/p>\n","protected":false},"excerpt":{"rendered":"<p>Saiu no \u00faltimo dia 23, a decis\u00e3o da ju\u00edza Maria L\u00facia Gomes de Souza, do Tribunal Regional Federal da 1\u00aa\u00a0 Regi\u00e3o, que acata o pedido antecipa\u00e7\u00e3o de tutela de m\u00e9rito \u00e0 medida cautelar do Minist\u00e9rio P\u00fablico Federal contra o prefeito de Ariquemes, Thiago Flores.<\/p>\n","protected":false},"author":1,"featured_media":0,"comment_status":"closed","ping_status":"open","sticky":false,"template":"","format":"standard","meta":{"_exactmetrics_skip_tracking":false,"_exactmetrics_sitenote_active":false,"_exactmetrics_sitenote_note":"","_exactmetrics_sitenote_category":0,"jetpack_post_was_ever_published":false,"_jetpack_newsletter_access":"","_jetpack_dont_email_post_to_subs":false,"_jetpack_newsletter_tier_id":0,"_jetpack_memberships_contains_paywalled_content":false,"_jetpack_memberships_contains_paid_content":false,"footnotes":"","jetpack_publicize_message":"","jetpack_publicize_feature_enabled":true,"jetpack_social_post_already_shared":true,"jetpack_social_options":{"image_generator_settings":{"template":"highway","enabled":false},"version":2}},"categories":[1],"tags":[],"class_list":["post-13312","post","type-post","status-publish","format-standard","hentry","category-notas"],"jetpack_publicize_connections":[],"jetpack_sharing_enabled":true,"jetpack_featured_media_url":"","jetpack_shortlink":"https:\/\/wp.me\/p7wKYW-3sI","jetpack-related-posts":[],"_links":{"self":[{"href":"http:\/\/blogdalucianaoliveira.com.br\/blog\/wp-json\/wp\/v2\/posts\/13312","targetHints":{"allow":["GET"]}}],"collection":[{"href":"http:\/\/blogdalucianaoliveira.com.br\/blog\/wp-json\/wp\/v2\/posts"}],"about":[{"href":"http:\/\/blogdalucianaoliveira.com.br\/blog\/wp-json\/wp\/v2\/types\/post"}],"author":[{"embeddable":true,"href":"http:\/\/blogdalucianaoliveira.com.br\/blog\/wp-json\/wp\/v2\/users\/1"}],"replies":[{"embeddable":true,"href":"http:\/\/blogdalucianaoliveira.com.br\/blog\/wp-json\/wp\/v2\/comments?post=13312"}],"version-history":[{"count":8,"href":"http:\/\/blogdalucianaoliveira.com.br\/blog\/wp-json\/wp\/v2\/posts\/13312\/revisions"}],"predecessor-version":[{"id":13322,"href":"http:\/\/blogdalucianaoliveira.com.br\/blog\/wp-json\/wp\/v2\/posts\/13312\/revisions\/13322"}],"wp:attachment":[{"href":"http:\/\/blogdalucianaoliveira.com.br\/blog\/wp-json\/wp\/v2\/media?parent=13312"}],"wp:term":[{"taxonomy":"category","embeddable":true,"href":"http:\/\/blogdalucianaoliveira.com.br\/blog\/wp-json\/wp\/v2\/categories?post=13312"},{"taxonomy":"post_tag","embeddable":true,"href":"http:\/\/blogdalucianaoliveira.com.br\/blog\/wp-json\/wp\/v2\/tags?post=13312"}],"curies":[{"name":"wp","href":"https:\/\/api.w.org\/{rel}","templated":true}]}}