{"id":1332,"date":"2016-05-30T09:54:56","date_gmt":"2016-05-30T13:54:56","guid":{"rendered":"http:\/\/blogdalucianaoliveira.com.br\/blog\/?p=1332"},"modified":"2016-05-30T09:54:56","modified_gmt":"2016-05-30T13:54:56","slug":"ministro-da-transparencia-e-flagrado-em-dialogo-transparente-orientando-investigados","status":"publish","type":"post","link":"http:\/\/blogdalucianaoliveira.com.br\/blog\/2016\/05\/30\/ministro-da-transparencia-e-flagrado-em-dialogo-transparente-orientando-investigados\/","title":{"rendered":"Ministro da Transpar\u00eancia \u00e9 flagrado em di\u00e1logo transparente orientando investigados"},"content":{"rendered":"<div class=\"fb-video\" data-allowfullscreen=\"true\" data-href=\"https:\/\/www.facebook.com\/midiaNINJA\/videos\/658797780945037\/\"><\/div>\n<p>O ministro da Transpar\u00eancia, Fiscaliza\u00e7\u00e3o e Controle, Fabiano Silveira, \u00e9 alvo de protestos desde o in\u00edcio desta segunda-feira (3) em Bras\u00edlia. <!--more--><\/p>\n<p>Um grupo de servidores da Controladoria-Geral da Uni\u00e3o (AGU) impediu a entrada em seu gabinete do ministro, flagrado em conversa gravada orientando o presidente do Senado, Renan Calheiros (PMDB-AL), e o ex-presidente da Transpetro S\u00e9rgio Machado a se defenderem na Opera\u00e7\u00e3o Lava Jato. <\/p>\n<p>O carro dele foi cercado por manifestantes assim que chegou \u00e0 sede da CGU. Ele acabou deixando o local. Em seguida, os servidores lavaram a fachada do pr\u00e9dio. Neste momento, eles lavam o nono andar, onde fica a sala do ministro. Tamb\u00e9m cobrando a sa\u00edda de Fabiano Silveira, representantes da CGU em 22 estados anunciaram que v\u00e3o deixar seus cargos caso ele n\u00e3o seja demitido.<\/p>\n<p>Em nota divulgada nesta manh\u00e3, o Sindicato Nacional dos Analistas e T\u00e9cnicos de Finan\u00e7as e Controle (Unacon) pede a sa\u00edda de Fabiano Silveira da nova pasta, criada em substitui\u00e7\u00e3o \u00e0 CGU.<\/p>\n<p>\u201cO Sr. Fabiano Martins Silveira, ao participar de reuni\u00f5es escusas para aconselhar investigados na opera\u00e7\u00e3o Lava Jata, bem como ao fazer gest\u00f5es junto a autoridades e \u00f3rg\u00e3os p\u00fablicos a fim de apurar den\u00fancias contra seus aliados pol\u00edticos \u2018demonstrou n\u00e3o preencher os requisitos de conduta necess\u00e1rios para estar \u00e0 frente de um \u00f3rg\u00e3o que zela pela transpar\u00eancia p\u00fablica e pelo combate \u00e0 corrup\u00e7\u00e3o\u2019\u201d, afirma o comunicado assinado por Rudinei Marques, presidente do Unacon Sindical.<\/p>\n<p>Al\u00e9m de cobrar a exonera\u00e7\u00e3o imediata de Fabiano Silveira, o sindicato tamb\u00e9m pede a revoga\u00e7\u00e3o da medida provis\u00f3ria assinada pelo presidente interino Michel Temer que criou o Minist\u00e9rio da Transpar\u00eancia, alterando a estrutura da CGU.<\/p>\n<p>Edson Sardinha<br \/>\nCongresso Em Foco<\/p>\n","protected":false},"excerpt":{"rendered":"<p>O ministro da Transpar\u00eancia, Fiscaliza\u00e7\u00e3o e Controle, Fabiano Silveira, \u00e9 alvo de protestos desde o in\u00edcio desta segunda-feira (3) em Bras\u00edlia.<\/p>\n","protected":false},"author":1,"featured_media":0,"comment_status":"closed","ping_status":"open","sticky":false,"template":"","format":"standard","meta":{"_exactmetrics_skip_tracking":false,"_exactmetrics_sitenote_active":false,"_exactmetrics_sitenote_note":"","_exactmetrics_sitenote_category":0,"jetpack_post_was_ever_published":false,"_jetpack_newsletter_access":"","_jetpack_dont_email_post_to_subs":false,"_jetpack_newsletter_tier_id":0,"_jetpack_memberships_contains_paywalled_content":false,"_jetpack_memberships_contains_paid_content":false,"footnotes":"","jetpack_publicize_message":"","jetpack_publicize_feature_enabled":true,"jetpack_social_post_already_shared":true,"jetpack_social_options":{"image_generator_settings":{"template":"highway","enabled":false},"version":2}},"categories":[1],"tags":[],"class_list":["post-1332","post","type-post","status-publish","format-standard","hentry","category-notas"],"jetpack_publicize_connections":[],"jetpack_sharing_enabled":true,"jetpack_featured_media_url":"","jetpack_shortlink":"https:\/\/wp.me\/p7wKYW-lu","jetpack-related-posts":[],"_links":{"self":[{"href":"http:\/\/blogdalucianaoliveira.com.br\/blog\/wp-json\/wp\/v2\/posts\/1332","targetHints":{"allow":["GET"]}}],"collection":[{"href":"http:\/\/blogdalucianaoliveira.com.br\/blog\/wp-json\/wp\/v2\/posts"}],"about":[{"href":"http:\/\/blogdalucianaoliveira.com.br\/blog\/wp-json\/wp\/v2\/types\/post"}],"author":[{"embeddable":true,"href":"http:\/\/blogdalucianaoliveira.com.br\/blog\/wp-json\/wp\/v2\/users\/1"}],"replies":[{"embeddable":true,"href":"http:\/\/blogdalucianaoliveira.com.br\/blog\/wp-json\/wp\/v2\/comments?post=1332"}],"version-history":[{"count":1,"href":"http:\/\/blogdalucianaoliveira.com.br\/blog\/wp-json\/wp\/v2\/posts\/1332\/revisions"}],"predecessor-version":[{"id":1333,"href":"http:\/\/blogdalucianaoliveira.com.br\/blog\/wp-json\/wp\/v2\/posts\/1332\/revisions\/1333"}],"wp:attachment":[{"href":"http:\/\/blogdalucianaoliveira.com.br\/blog\/wp-json\/wp\/v2\/media?parent=1332"}],"wp:term":[{"taxonomy":"category","embeddable":true,"href":"http:\/\/blogdalucianaoliveira.com.br\/blog\/wp-json\/wp\/v2\/categories?post=1332"},{"taxonomy":"post_tag","embeddable":true,"href":"http:\/\/blogdalucianaoliveira.com.br\/blog\/wp-json\/wp\/v2\/tags?post=1332"}],"curies":[{"name":"wp","href":"https:\/\/api.w.org\/{rel}","templated":true}]}}