{"id":13326,"date":"2017-08-30T09:16:27","date_gmt":"2017-08-30T13:16:27","guid":{"rendered":"http:\/\/blogdalucianaoliveira.com.br\/blog\/?p=13326"},"modified":"2017-08-30T09:16:27","modified_gmt":"2017-08-30T13:16:27","slug":"o-dia-amanhece-assim-no-brasil-de-temer-no-pos-golpe-que-seduziu-a-tantos","status":"publish","type":"post","link":"http:\/\/blogdalucianaoliveira.com.br\/blog\/2017\/08\/30\/o-dia-amanhece-assim-no-brasil-de-temer-no-pos-golpe-que-seduziu-a-tantos\/","title":{"rendered":"O dia amanhece assim no Brasil de Temer, no p\u00f3s-golpe que seduziu a tantos"},"content":{"rendered":"<p><img data-recalc-dims=\"1\" loading=\"lazy\" decoding=\"async\" data-attachment-id=\"13327\" data-permalink=\"http:\/\/blogdalucianaoliveira.com.br\/blog\/2017\/08\/30\/o-dia-amanhece-assim-no-brasil-de-temer-no-pos-golpe-que-seduziu-a-tantos\/img_4105\/\" data-orig-file=\"https:\/\/i0.wp.com\/blogdalucianaoliveira.com.br\/blog\/wp-content\/uploads\/2017\/08\/IMG_4105.jpg?fit=498%2C295\" data-orig-size=\"498,295\" data-comments-opened=\"0\" data-image-meta=\"{&quot;aperture&quot;:&quot;0&quot;,&quot;credit&quot;:&quot;&quot;,&quot;camera&quot;:&quot;&quot;,&quot;caption&quot;:&quot;&quot;,&quot;created_timestamp&quot;:&quot;0&quot;,&quot;copyright&quot;:&quot;&quot;,&quot;focal_length&quot;:&quot;0&quot;,&quot;iso&quot;:&quot;0&quot;,&quot;shutter_speed&quot;:&quot;0&quot;,&quot;title&quot;:&quot;&quot;,&quot;orientation&quot;:&quot;0&quot;}\" data-image-title=\"IMG_4105\" data-image-description=\"\" data-image-caption=\"\" data-medium-file=\"https:\/\/i0.wp.com\/blogdalucianaoliveira.com.br\/blog\/wp-content\/uploads\/2017\/08\/IMG_4105.jpg?fit=300%2C178\" data-large-file=\"https:\/\/i0.wp.com\/blogdalucianaoliveira.com.br\/blog\/wp-content\/uploads\/2017\/08\/IMG_4105.jpg?fit=498%2C295\" src=\"https:\/\/i0.wp.com\/blogdalucianaoliveira.com.br\/blog\/wp-content\/uploads\/2017\/08\/IMG_4105.jpg?resize=498%2C295\" alt=\"IMG_4105\" width=\"498\" height=\"295\" class=\"alignnone size-full wp-image-13327\" srcset=\"https:\/\/i0.wp.com\/blogdalucianaoliveira.com.br\/blog\/wp-content\/uploads\/2017\/08\/IMG_4105.jpg?w=498 498w, https:\/\/i0.wp.com\/blogdalucianaoliveira.com.br\/blog\/wp-content\/uploads\/2017\/08\/IMG_4105.jpg?resize=300%2C178 300w\" sizes=\"auto, (max-width: 498px) 100vw, 498px\" \/><\/p>\n<p>Confira manchetes dos principais ve\u00edculos de comunica\u00e7\u00e3o: <!--more--><\/p>\n<p>Temer ser\u00e1 acusado de dois crimes na segunda den\u00fancia<\/p>\n<p>FUNARO APONTA TEMER COMO CHEFE DA QUADRILHA E COM DINHEIRO NO EXTERIOR<\/p>\n<p>Contas do governo t\u00eam pior julho em 21 anos, com d\u00e9ficit de R$ 20,15 bilh\u00f5es<\/p>\n<p>Comiss\u00e3o de Or\u00e7amento aprova d\u00e9ficit de R$ 159 bi para 2017 e 2018<\/p>\n<p>TCU aponta risco para meta fiscal e questiona opera\u00e7\u00e3o BNDES-Cemig<\/p>\n<p>Bancada ruralista se mobiliza por mais benef\u00edcios no Funrural<\/p>\n<p>MPF pede suspens\u00e3o de decreto que extingue reserva na Amaz\u00f4nia<\/p>\n","protected":false},"excerpt":{"rendered":"<p>Confira manchetes dos principais ve\u00edculos de comunica\u00e7\u00e3o:<\/p>\n","protected":false},"author":1,"featured_media":0,"comment_status":"closed","ping_status":"open","sticky":false,"template":"","format":"standard","meta":{"_exactmetrics_skip_tracking":false,"_exactmetrics_sitenote_active":false,"_exactmetrics_sitenote_note":"","_exactmetrics_sitenote_category":0,"jetpack_post_was_ever_published":false,"_jetpack_newsletter_access":"","_jetpack_dont_email_post_to_subs":false,"_jetpack_newsletter_tier_id":0,"_jetpack_memberships_contains_paywalled_content":false,"_jetpack_memberships_contains_paid_content":false,"footnotes":"","jetpack_publicize_message":"","jetpack_publicize_feature_enabled":true,"jetpack_social_post_already_shared":true,"jetpack_social_options":{"image_generator_settings":{"template":"highway","enabled":false},"version":2}},"categories":[1],"tags":[],"class_list":["post-13326","post","type-post","status-publish","format-standard","hentry","category-notas"],"jetpack_publicize_connections":[],"jetpack_sharing_enabled":true,"jetpack_featured_media_url":"","jetpack_shortlink":"https:\/\/wp.me\/p7wKYW-3sW","jetpack-related-posts":[],"_links":{"self":[{"href":"http:\/\/blogdalucianaoliveira.com.br\/blog\/wp-json\/wp\/v2\/posts\/13326","targetHints":{"allow":["GET"]}}],"collection":[{"href":"http:\/\/blogdalucianaoliveira.com.br\/blog\/wp-json\/wp\/v2\/posts"}],"about":[{"href":"http:\/\/blogdalucianaoliveira.com.br\/blog\/wp-json\/wp\/v2\/types\/post"}],"author":[{"embeddable":true,"href":"http:\/\/blogdalucianaoliveira.com.br\/blog\/wp-json\/wp\/v2\/users\/1"}],"replies":[{"embeddable":true,"href":"http:\/\/blogdalucianaoliveira.com.br\/blog\/wp-json\/wp\/v2\/comments?post=13326"}],"version-history":[{"count":1,"href":"http:\/\/blogdalucianaoliveira.com.br\/blog\/wp-json\/wp\/v2\/posts\/13326\/revisions"}],"predecessor-version":[{"id":13328,"href":"http:\/\/blogdalucianaoliveira.com.br\/blog\/wp-json\/wp\/v2\/posts\/13326\/revisions\/13328"}],"wp:attachment":[{"href":"http:\/\/blogdalucianaoliveira.com.br\/blog\/wp-json\/wp\/v2\/media?parent=13326"}],"wp:term":[{"taxonomy":"category","embeddable":true,"href":"http:\/\/blogdalucianaoliveira.com.br\/blog\/wp-json\/wp\/v2\/categories?post=13326"},{"taxonomy":"post_tag","embeddable":true,"href":"http:\/\/blogdalucianaoliveira.com.br\/blog\/wp-json\/wp\/v2\/tags?post=13326"}],"curies":[{"name":"wp","href":"https:\/\/api.w.org\/{rel}","templated":true}]}}