{"id":13329,"date":"2017-08-30T09:22:29","date_gmt":"2017-08-30T13:22:29","guid":{"rendered":"http:\/\/blogdalucianaoliveira.com.br\/blog\/?p=13329"},"modified":"2017-08-30T09:22:29","modified_gmt":"2017-08-30T13:22:29","slug":"em-um-ano-dilma-foi-inocentada-pelo-menos-cinco-vezes-das-acusacoes-do-impeachment","status":"publish","type":"post","link":"http:\/\/blogdalucianaoliveira.com.br\/blog\/2017\/08\/30\/em-um-ano-dilma-foi-inocentada-pelo-menos-cinco-vezes-das-acusacoes-do-impeachment\/","title":{"rendered":"Em um ano, Dilma foi inocentada pelo menos cinco vezes das acusa\u00e7\u00f5es do impeachment"},"content":{"rendered":"<p><img data-recalc-dims=\"1\" loading=\"lazy\" decoding=\"async\" data-attachment-id=\"13330\" data-permalink=\"http:\/\/blogdalucianaoliveira.com.br\/blog\/2017\/08\/30\/em-um-ano-dilma-foi-inocentada-pelo-menos-cinco-vezes-das-acusacoes-do-impeachment\/img_4107\/\" data-orig-file=\"https:\/\/i0.wp.com\/blogdalucianaoliveira.com.br\/blog\/wp-content\/uploads\/2017\/08\/IMG_4107.jpg?fit=768%2C440\" data-orig-size=\"768,440\" data-comments-opened=\"0\" data-image-meta=\"{&quot;aperture&quot;:&quot;0&quot;,&quot;credit&quot;:&quot;&quot;,&quot;camera&quot;:&quot;&quot;,&quot;caption&quot;:&quot;&quot;,&quot;created_timestamp&quot;:&quot;0&quot;,&quot;copyright&quot;:&quot;&quot;,&quot;focal_length&quot;:&quot;0&quot;,&quot;iso&quot;:&quot;0&quot;,&quot;shutter_speed&quot;:&quot;0&quot;,&quot;title&quot;:&quot;&quot;,&quot;orientation&quot;:&quot;0&quot;}\" data-image-title=\"IMG_4107\" data-image-description=\"\" data-image-caption=\"\" data-medium-file=\"https:\/\/i0.wp.com\/blogdalucianaoliveira.com.br\/blog\/wp-content\/uploads\/2017\/08\/IMG_4107.jpg?fit=300%2C172\" data-large-file=\"https:\/\/i0.wp.com\/blogdalucianaoliveira.com.br\/blog\/wp-content\/uploads\/2017\/08\/IMG_4107.jpg?fit=600%2C344\" src=\"https:\/\/i0.wp.com\/blogdalucianaoliveira.com.br\/blog\/wp-content\/uploads\/2017\/08\/IMG_4107.jpg?resize=600%2C344\" alt=\"IMG_4107\" width=\"600\" height=\"344\" class=\"alignnone size-full wp-image-13330\" srcset=\"https:\/\/i0.wp.com\/blogdalucianaoliveira.com.br\/blog\/wp-content\/uploads\/2017\/08\/IMG_4107.jpg?w=768 768w, https:\/\/i0.wp.com\/blogdalucianaoliveira.com.br\/blog\/wp-content\/uploads\/2017\/08\/IMG_4107.jpg?resize=300%2C172 300w, https:\/\/i0.wp.com\/blogdalucianaoliveira.com.br\/blog\/wp-content\/uploads\/2017\/08\/IMG_4107.jpg?resize=524%2C300 524w\" sizes=\"auto, (max-width: 600px) 100vw, 600px\" \/><\/p>\n<p>As sucessivas absolvi\u00e7\u00f5es de Dilma comprovam que o real objetivo do golpe era tir\u00e1-la do cargo para \u201cestancar a sangria&#8221;, \u201cbotar o Michel, num grande acordo nacional\u201d, &#8220;com o Supremo, com tudo&#8221;<\/p>\n<p>No Socialista Morena, por Katia Guimar\u00e3es &#8211; Xingada de \u201cladra\u201d e \u201ccorrupta\u201d, al\u00e9m de outros termos impublic\u00e1veis, no \u00faltimo ano a presidenta eleita Dilma Rousseff j\u00e1 foi inocentada pelo menos cinco vezes das acusa\u00e7\u00f5es que levaram o Congresso a retir\u00e1-la do cargo para o qual havia sido reeleita em 2014.<!--more--><\/p>\n<p>A mais recente delas foi hoje, com a not\u00edcia de que o TCU (Tribunal de Contas da Uni\u00e3o) isentou Dilma de ter cometivdo \u201cqualquer ato irregular\u201d na compra da refinaria de Pasadena pela Petrobras, em 2006, assim como os demais integrantes do Conselho de Administra\u00e7\u00e3o da empresa, na \u00e9poca presidido por ela. O epis\u00f3dio de Pasadena foi emblem\u00e1tico e inaugurou o in\u00edcio da Opera\u00e7\u00e3o Lava-Jato, em 2014.<\/p>\n<p>Em dezembro de 2015, diante da impossibilidade de sustentar que as tais \u201cpedaladas fiscais\u201d eram crime de responsabilidade, \u00fanica raz\u00e3o prevista na Constitui\u00e7\u00e3o para o impeachment, os advogados Jana\u00edna Paschoal, H\u00e9lio Bicudo e Miguel Reale Jr. chegaram a associar a compra de Pasadena a uma suposta \u201comiss\u00e3o\u201d de Dilma em rela\u00e7\u00e3o aos \u201cdesmandos\u201d na Petrobras. Como nesta \u00e9poca ela n\u00e3o era presidente da Rep\u00fablica, o relator Jovair Arantes optou por tirar a men\u00e7\u00e3o \u00e0 refinaria do pedido de impeachment na C\u00e2mara e deixou s\u00f3 as pedaladas. Entretanto, no Senado, Zez\u00e9 Perrella (aquele do helicoca) usou o epis\u00f3dio da refinaria para justificar a sa\u00edda de Dilma. \u201cEu voto por Pasadena, pela Petrobras, pelo nosso suado dinheiro que foi pra Cuba, \u00c1frica e Venezuela. \u00c9 por isso que eu voto \u2018sim\u2019,\u201d disse o amigo de A\u00e9cio Neves.<\/p>\n<p>Durante a vota\u00e7\u00e3o da cassa\u00e7\u00e3o da chapa Dilma-Temer pelo TSE (Tribunal Superior Eleitoral), a advogada Janaina Paschoal voltou \u00e0 carga contra a presidenta citando a negocia\u00e7\u00e3o de Pasadena. Mas a pr\u00f3pria absolvi\u00e7\u00e3o da chapa da chapa pelo tribunal aponta em sentido oposto ao alegado pela professora da USP.<\/p>\n<p>Ao incluir Pasadena, Janaina e seus parceiros na empreitada agiram como se ignorassem que o TCU havia isentado Dilma no ano anterior ao pedido de impeachment, em 2014. Certamente se basearam nos depoimentos de Nestor Cerver\u00f3, que conduziu o neg\u00f3cio, e do ex-senador Delc\u00eddio do Amaral, que disseram que a petista sabia da exist\u00eancia de \u201cum esquema\u201d. A coluna Painel do jornal Folha de S. Paulo, desta ter\u00e7a-feira revela, por\u00e9m, que o relat\u00f3rio dos analistas do TCU e do Minist\u00e9rio P\u00fablico de Contas aponta que a vers\u00e3o dos delatores \u00e9 mentirosa. O caso dever\u00e1 ser analisado pelo plen\u00e1rio do tribunal amanh\u00e3, 30 de agosto.<\/p>\n<p>Na semana passada, Dilma havia sido inocentada de outra acusa\u00e7\u00e3o, a de que teria articulado para barrar as investiga\u00e7\u00f5es da Lava-Jato. Relat\u00f3rio final da Pol\u00edcia Federal sobre um inqu\u00e9rito que tramita em segredo de justi\u00e7a no Supremo Tribunal Federal (STF) concluiu que n\u00e3o houve crime de obstru\u00e7\u00e3o de Justi\u00e7a na indica\u00e7\u00e3o do ministro Marcelo Ribeiro Navarro Dantas ao Superior Tribunal de Justi\u00e7a (STJ) por parte da presidenta em 2015. A falsa acusa\u00e7\u00e3o tamb\u00e9m foi feita por Delc\u00eddio na dela\u00e7\u00e3o. Para tentar reduzir sua pena, o ex-senador disse que Navarro teria sido escolhido para o STJ com o compromisso de conceder habeas corpus e recursos favor\u00e1veis a empreiteiros presos na opera\u00e7\u00e3o.<\/p>\n<p>Vale citar tamb\u00e9m que, recentemente, em entrevista ao jornal O Estado de S.Paulo, o procurador da Rep\u00fablica no Distrito Federal, Ivan Cl\u00e1udio Marx, afirmou n\u00e3o haver provas de que Dilma e o ex-presidente Lula eram donos de contas no exterior, no valor de 150 milh\u00f5es de d\u00f3lares, onde recebiam propinas. A falsa acusa\u00e7\u00e3o foi feita pelo empres\u00e1rio Joesley Batista, dono da JBS, mas nada foi provado. \u201c\u00c9 uma hist\u00f3ria meio absurda desde o in\u00edcio\u201d, afirmou o procurador. \u201cEle n\u00e3o tem nada. Essa hist\u00f3ria n\u00e3o tem p\u00e9 nem cabe\u00e7a. N\u00e3o tem como provar.\u201d<\/p>\n<p>Em julho de 2016, antes mesmo da vota\u00e7\u00e3o do golpe no Senado, o mesmo procurador, Ivan Marx, havia descoberto que Dilma era inocente em outra investiga\u00e7\u00e3o. Ele pediu o arquivamento de investiga\u00e7\u00e3o aberta para apurar poss\u00edvel infra\u00e7\u00e3o penal de Dilma em rela\u00e7\u00e3o \u00e0s chamadas pedaladas fiscais. Ele apontou que n\u00e3o houve opera\u00e7\u00f5es de cr\u00e9dito e que, al\u00e9m disso, as chamadas \u201cpedaladas\u201d n\u00e3o configuram crime.<\/p>\n<p>As pedaladas fiscais nada mais eram que o atraso de repasses do Tesouro Nacional para que bancos p\u00fablicos pagassem obriga\u00e7\u00f5es do governo com programas sociais e empr\u00e9stimos subsidiados, uma pr\u00e1tica que ocorria desde 1994. O procurador analisou seis tipos de opera\u00e7\u00f5es, ouviu integrantes da equipe econ\u00f4mica, analisou auditorias do TCU e os documentos de cada uma delas. Segundo o procurador, as manobras n\u00e3o se enquadram no conceito legal de opera\u00e7\u00e3o de cr\u00e9dito ou empr\u00e9stimo. Por isso, n\u00e3o seria necess\u00e1rio pedir autoriza\u00e7\u00e3o ao Congresso.<\/p>\n<p>Ou seja, a principal raz\u00e3o para o impeachment de Dilma n\u00e3o existiu e nem era crime. Uma per\u00edcia contratada pela defesa da presidenta durante o processo tinha chegado \u00e0 conclus\u00e3o de que Dilma nem sequer participou das reuni\u00f5es que decidiram as \u201cpedaladas\u201d, que, ali\u00e1s, foram liberadas por uma lei dois dias depois de Temer assumir o poder.<\/p>\n<p>Se viv\u00eassemos uma democracia, o processo de impeachment teria sido sumariamente arquivado. E, se a m\u00eddia comercial fizesse jornalismo em vez de pol\u00edtica partid\u00e1ria, teria destacado que presidenta reeleita por 54 milh\u00f5es de eleitores n\u00e3o cometeu os crimes que lhe foram imputados por advers\u00e1rios. Na \u00e9poca, jornais, r\u00e1dios e televis\u00f5es brasileiras foram incapazes de, ao contr\u00e1rio da imprensa internacional, sequer levantar d\u00favidas se Dilma estava sendo arrancada do cargo justa ou injustamente.<\/p>\n<p>As sucessivas absolvi\u00e7\u00f5es da presidenta eleita na Justi\u00e7a comprovam cada dia mais que o real objetivo do impeachment era tir\u00e1-la do cargo para \u201cestancar a sangria\u201d da Lava-Jato, \u201cbotar o Michel, num grande acordo nacional\u201d, \u201ccom o Supremo, com tudo\u201d e livrar a cara do PMDB. Enquanto Dilma \u00e9 inocentada, todo dia tem algu\u00e9m do governo golpista sendo denunciado ou virando r\u00e9u.<\/p>\n","protected":false},"excerpt":{"rendered":"<p>As sucessivas absolvi\u00e7\u00f5es de Dilma comprovam que o real objetivo do golpe era tir\u00e1-la do cargo para \u201cestancar a sangria&#8221;, \u201cbotar o Michel, num grande acordo nacional\u201d, &#8220;com o Supremo, com tudo&#8221; No Socialista Morena, por Katia Guimar\u00e3es &#8211; Xingada de \u201cladra\u201d e \u201ccorrupta\u201d, al\u00e9m de outros termos impublic\u00e1veis, no \u00faltimo ano a presidenta eleita&#8230;<a class=\"more-link\" href=\"http:\/\/blogdalucianaoliveira.com.br\/blog\/2017\/08\/30\/em-um-ano-dilma-foi-inocentada-pelo-menos-cinco-vezes-das-acusacoes-do-impeachment\/\">Continue a leitura <span class=\"meta-nav\">&raquo;<\/span><\/a><\/p>\n","protected":false},"author":1,"featured_media":0,"comment_status":"closed","ping_status":"open","sticky":false,"template":"","format":"standard","meta":{"_exactmetrics_skip_tracking":false,"_exactmetrics_sitenote_active":false,"_exactmetrics_sitenote_note":"","_exactmetrics_sitenote_category":0,"jetpack_post_was_ever_published":false,"_jetpack_newsletter_access":"","_jetpack_dont_email_post_to_subs":false,"_jetpack_newsletter_tier_id":0,"_jetpack_memberships_contains_paywalled_content":false,"_jetpack_memberships_contains_paid_content":false,"footnotes":"","jetpack_publicize_message":"","jetpack_publicize_feature_enabled":true,"jetpack_social_post_already_shared":true,"jetpack_social_options":{"image_generator_settings":{"template":"highway","enabled":false},"version":2}},"categories":[1],"tags":[],"class_list":["post-13329","post","type-post","status-publish","format-standard","hentry","category-notas"],"jetpack_publicize_connections":[],"jetpack_sharing_enabled":true,"jetpack_featured_media_url":"","jetpack_shortlink":"https:\/\/wp.me\/p7wKYW-3sZ","jetpack-related-posts":[],"_links":{"self":[{"href":"http:\/\/blogdalucianaoliveira.com.br\/blog\/wp-json\/wp\/v2\/posts\/13329","targetHints":{"allow":["GET"]}}],"collection":[{"href":"http:\/\/blogdalucianaoliveira.com.br\/blog\/wp-json\/wp\/v2\/posts"}],"about":[{"href":"http:\/\/blogdalucianaoliveira.com.br\/blog\/wp-json\/wp\/v2\/types\/post"}],"author":[{"embeddable":true,"href":"http:\/\/blogdalucianaoliveira.com.br\/blog\/wp-json\/wp\/v2\/users\/1"}],"replies":[{"embeddable":true,"href":"http:\/\/blogdalucianaoliveira.com.br\/blog\/wp-json\/wp\/v2\/comments?post=13329"}],"version-history":[{"count":1,"href":"http:\/\/blogdalucianaoliveira.com.br\/blog\/wp-json\/wp\/v2\/posts\/13329\/revisions"}],"predecessor-version":[{"id":13331,"href":"http:\/\/blogdalucianaoliveira.com.br\/blog\/wp-json\/wp\/v2\/posts\/13329\/revisions\/13331"}],"wp:attachment":[{"href":"http:\/\/blogdalucianaoliveira.com.br\/blog\/wp-json\/wp\/v2\/media?parent=13329"}],"wp:term":[{"taxonomy":"category","embeddable":true,"href":"http:\/\/blogdalucianaoliveira.com.br\/blog\/wp-json\/wp\/v2\/categories?post=13329"},{"taxonomy":"post_tag","embeddable":true,"href":"http:\/\/blogdalucianaoliveira.com.br\/blog\/wp-json\/wp\/v2\/tags?post=13329"}],"curies":[{"name":"wp","href":"https:\/\/api.w.org\/{rel}","templated":true}]}}