{"id":13332,"date":"2017-08-30T11:39:53","date_gmt":"2017-08-30T15:39:53","guid":{"rendered":"http:\/\/blogdalucianaoliveira.com.br\/blog\/?p=13332"},"modified":"2017-08-30T11:39:53","modified_gmt":"2017-08-30T15:39:53","slug":"seguem-os-jogos-nas-olimpiadas-da-censura-em-ariquemes","status":"publish","type":"post","link":"http:\/\/blogdalucianaoliveira.com.br\/blog\/2017\/08\/30\/seguem-os-jogos-nas-olimpiadas-da-censura-em-ariquemes\/","title":{"rendered":"Seguem os jogos nas Olimp\u00edadas da Censura em Ariquemes"},"content":{"rendered":"<p><img data-recalc-dims=\"1\" loading=\"lazy\" decoding=\"async\" data-attachment-id=\"13333\" data-permalink=\"http:\/\/blogdalucianaoliveira.com.br\/blog\/2017\/08\/30\/seguem-os-jogos-nas-olimpiadas-da-censura-em-ariquemes\/img_4120\/\" data-orig-file=\"https:\/\/i0.wp.com\/blogdalucianaoliveira.com.br\/blog\/wp-content\/uploads\/2017\/08\/IMG_4120.jpg?fit=497%2C296\" data-orig-size=\"497,296\" data-comments-opened=\"0\" data-image-meta=\"{&quot;aperture&quot;:&quot;0&quot;,&quot;credit&quot;:&quot;&quot;,&quot;camera&quot;:&quot;&quot;,&quot;caption&quot;:&quot;&quot;,&quot;created_timestamp&quot;:&quot;0&quot;,&quot;copyright&quot;:&quot;&quot;,&quot;focal_length&quot;:&quot;0&quot;,&quot;iso&quot;:&quot;0&quot;,&quot;shutter_speed&quot;:&quot;0&quot;,&quot;title&quot;:&quot;&quot;,&quot;orientation&quot;:&quot;0&quot;}\" data-image-title=\"IMG_4120\" data-image-description=\"\" data-image-caption=\"\" data-medium-file=\"https:\/\/i0.wp.com\/blogdalucianaoliveira.com.br\/blog\/wp-content\/uploads\/2017\/08\/IMG_4120.jpg?fit=300%2C179\" data-large-file=\"https:\/\/i0.wp.com\/blogdalucianaoliveira.com.br\/blog\/wp-content\/uploads\/2017\/08\/IMG_4120.jpg?fit=497%2C296\" src=\"https:\/\/i0.wp.com\/blogdalucianaoliveira.com.br\/blog\/wp-content\/uploads\/2017\/08\/IMG_4120.jpg?resize=497%2C296\" alt=\"IMG_4120\" width=\"497\" height=\"296\" class=\"alignnone size-full wp-image-13333\" srcset=\"https:\/\/i0.wp.com\/blogdalucianaoliveira.com.br\/blog\/wp-content\/uploads\/2017\/08\/IMG_4120.jpg?w=497 497w, https:\/\/i0.wp.com\/blogdalucianaoliveira.com.br\/blog\/wp-content\/uploads\/2017\/08\/IMG_4120.jpg?resize=300%2C179 300w\" sizes=\"auto, (max-width: 497px) 100vw, 497px\" \/><\/p>\n<p>Rond\u00f4nia Din\u00e2mica, por Vin\u00edcius Canova &#8211; Prefeito de Ariquemes Thiago Flores longe de se livrar do transtorno que ajudou a criar<!--more--><\/p>\n<p>Porto Velho, RO  \u2014 Quero pedir autoriza\u00e7\u00e3o \u00e0queles que monopolizaram o termo &#8220;eles n\u00e3o aceitam os que pensam diferente&#8221;, para, ironicamente, apresentar uma vis\u00e3o divergente acerca do caso da censura imposta aos livros did\u00e1ticos da rede municipal de ensino em Ariquemes.<\/p>\n<p>N\u00e3o credencio ao piv\u00f4 do imbr\u00f3glio Thiago Flores (PMDB), prefeito da cidade, total responsabilidade pelo prolongamento da quest\u00e3o que, a meu ver, n\u00e3o representa mais que qualquer outra bobagem propalada com inten\u00e7\u00f5es genuinamente politiqueiras. <\/p>\n<p>Tamb\u00e9m n\u00e3o o isento como part\u00edcipe, claro, afinal decidiu &#8220;guerrear&#8221; com os fiscais da lei ao afrontar, educadamente, \u00e9 claro, as recomenda\u00e7\u00f5es apresentadas pelos Minist\u00e9rios P\u00fablicos Estadual (MP\/RO) e Federal (MPF\/RO).<\/p>\n<p>Por\u00e9m, antes de falar do peemedebista e vereadores, algumas considera\u00e7\u00f5es a respeito da raiz do problema.<\/p>\n<p>Vamos l\u00e1.<\/p>\n<p>Com o Brasil em frangalhos pol\u00edticos, sociais e econ\u00f4micos, e isso n\u00e3o \u00e9 de hoje, claro, ganhou for\u00e7a o lobby da ala autoproclamada conservadora, geralmente ligada a dogmas distorcidos praticados por aberrantes deturpadores do Evangelho.<\/p>\n<p>Esse segmento nefasto, que julga e condena tudo aquilo que se enquadrar no per\u00edmetro a partir de seus umbigos, ou seja, nunca incluindo a si e aos seus, quero dizer, tem angariado for\u00e7a e atra\u00eddo simpatizantes, desde que o \u00f3dio os una por defini\u00e7\u00e3o.<\/p>\n<p>As ovelhas, \u00e0s vezes desgarradas e dispostas a seguir qualquer um que portar o cajado, rumam \u00e0s lideran\u00e7as perigosas que adenssam romarias a atentar contra a Humanidade, promovendo retrocessos irremedi\u00e1veis em pleno s\u00e9culo XXI  enquanto pa\u00edses desenvolvidos e progressivos avan\u00e7am \u2014 e s\u00f3!<\/p>\n<p>Jesus Cristo, assim como fez ao expulsar os vendilh\u00f5es do Templo de Jerusal\u00e9m, daria um voleio na \u201crabeta\u201d desses falsos l\u00edderes movidos a n\u00edquel; perdoaria, no entanto, seguidores ignorantes, gesto de indulg\u00eancia singular que, honestamente, tor\u00e7o para que a Hist\u00f3ria n\u00e3o repita.<\/p>\n<p>Se leu at\u00e9 aqui e entendeu &#8220;Esse cara odeia religiosos, n\u00e3o fale de Jesus em v\u00e3o, chega de blasf\u00eamia!&#8221;, este texto n\u00e3o \u00e9 pra voc\u00ea. Ali\u00e1s, nem a discuss\u00e3o quanto a censura: reinicie imediatamente o Fundamental, pois,  mesmo funcional, analfabetismo \u00e9 analfabetismo e isso sim \u00e9 preocupante, digno de entrar nas pautas do MEC e das secretarias de Educa\u00e7\u00e3o!<\/p>\n<p>Os chamados \u201cestelionat\u00e1rios da f\u00e9\u201d \u2014 entre aspas porque legalmente a figura n\u00e3o existe \u2014 continuam a praticar arroubos extorsivos deflagrados especialmente contra v\u00edtimas, a\u00ed sim, de uma Constitui\u00e7\u00e3o permissiva que proporciona aos menos instru\u00eddos a oportunidade de figurar eternamente na lista de achacados por perp\u00e9tuos pecadores morais.<\/p>\n<p>Os caracterizo assim, \u00e9 claro, porque a legisla\u00e7\u00e3o n\u00e3o os enxerga como criminosos, obviamente. E j\u00e1 que \u00e9 imposs\u00edvel repreender juridicamente homens a pedir dinheiro diuturnamente nos canais de televis\u00f5es \u2014 com espa\u00e7os comprados a pre\u00e7o de ouro \u2014, cultos, missas e\/ou em quaisquer oportunidades que t\u00eam para arrancar vint\u00e9m de cidad\u00e3os debilitados por vidas muitas vezes miser\u00e1veis nos mais variados campos, resta questionarmos as condutas vis colocando-as \u00e0 aprecia\u00e7\u00e3o popular, fomentando, quem sabe, poss\u00edveis mudan\u00e7as num ordenamento que, nesta seara, \u00e9 falido e rid\u00edculo.<\/p>\n<p>\u201cMas eles n\u00e3o colocam armas na cabe\u00e7a de ningu\u00e9m. Desembolsa a grana quem quer!\u201d.<\/p>\n<p>Ah, \u00e9, cara-p\u00e1lida? Um rev\u00f3lver pode ser metaf\u00edsico, amigo. Se os seus dem\u00f4nios, no sentido figurado, \u00f3bvio, o rodeiam por quest\u00f5es estritamente religiosas, como dever\u00edamos batizar amea\u00e7as reiteradas de arder no fogo do eterno supl\u00edcio ao desvirtuar-se dos denominados caminhos de Deus?<\/p>\n<p>Muitos discursos apresentados por essas lideran\u00e7as levam a crer, embora apresentados em falas fora do contexto exato da exig\u00eancia monet\u00e1ria \u2014 porque \u00e9 preciso disfar\u00e7ar um pouco pelo menos \u2014 compelem criaturas fragilizadas emocionalmente a entregar tudo o que t\u00eam de bom grado, esperando dias melhores \u00e0 merc\u00ea da pr\u00f3pria sorte. Quando a \u201cprofecia\u201d se concretiza, foi obra do Divino; quando n\u00e3o, \u00e9 porque a hora de prosperar ainda n\u00e3o chegou: tenha paci\u00eancia, irm\u00e3o! Assim \u00e9 cada vez mais f\u00e1cil encorpar o rebanho e engordar o guia do pastoreio.<\/p>\n<p>Toda essa prote\u00e7\u00e3o corroborada pela lei, pol\u00edticos e at\u00e9 mesmo a sociedade civil organizada, deu passe livre aos figur\u00f5es para manter os neg\u00f3cios expandindo as \u00e1reas de atua\u00e7\u00e3o: eis o surgimento dos lobistas da cren\u00e7a a perpetrar danosa interfer\u00eancia pol\u00edtica e, finalmente, revelando o porqu\u00ea de estarmos discutindo banalidades em vez de temas primordiais voltados \u00e0s crian\u00e7as.<\/p>\n<p>A hist\u00f3ria do material did\u00e1tico ariquemense \u00e9 mesquinharia, assunto para render dividendos eleitoreiros. Thiago Flores entrou de gaiato no navio, talvez sem qualquer inten\u00e7\u00e3o do tipo, inicialmente para agradar a edilidade imaginando colher governabilidade. Adiante, ao perceber o espectro de sua popularidade crescer, ingressou de cabe\u00e7a comprando a briga de vez e resistindo teimosamente porque de fato n\u00e3o h\u00e1 mais volta.<\/p>\n<p>De repente, o pa\u00eds que parou para ignorar a maioria nas urnas passou a defender que, se m\u00e3es e pais querem seus filhos educados assim e assado, norteados por diretrizes pin\u00e7adas de doutrinas crist\u00e3s e disciplinas militares, que se danem os professores, mais uma vez colocados debaixo do monoss\u00edlabo t\u00f4nico do cachorro em detrimento a ladainhas rudimentares. Coitados dos docentes, que apanham literalmente nas salas de aula, s\u00e3o desrespeitados pelo Estado ganhando sal\u00e1rios p\u00edfios, molestados por idiotizados bin\u00e1rios e, mesmo assim, perseveram.<\/p>\n<p>Muitos desses familiares que enxergam nas escolas uma esp\u00e9cie de creche formadora de car\u00e1ter e personalidade esquecem seu papel na hora de edificar essas caracter\u00edsticas em seus pr\u00f3prios filhos. S\u00e3o, na realidade, muito mais respons\u00e1veis pelas viola\u00e7\u00f5es morais quando vivem e demonstram contrassenso encarnado. Apontam o dedo indicador em riste sentenciando condutas consideradas depreciativas e anticrist\u00e3s, mas paralelamente in\u00fameros enchem o rabo de cacha\u00e7a; batem na esposa \u2014 e no marido; traem desvairadamente; mentem por qualquer motivo e o placar dos jogos nas Ol\u00edmpiadas da Censura segue a nos mostrar somente perdedores. Descomposturas parentais irrompidas sem qualquer receio, muito mais prejudiciais \u00e0 molecada que qualquer debate sobre diversidade familiar. <\/p>\n<p>Uma \u00ednfima fagulha de esperan\u00e7a \u00e9 percebida nas atua\u00e7\u00f5es do MP\/RO, MPF\/RO e no modo como a Justi\u00e7a Federal apreciou a mat\u00e9ria, concedendo liminar para que os livros sejam distribu\u00eddos sem censura. De vez em quando o ser humano precisa ser salvo de si e \u00e9 a\u00ed que entram as institui\u00e7\u00f5es comprometidas com o coletivo, e isso inclui os exclu\u00eddos \u2013 lamentavelmente para os retr\u00f3grados. Uma centelha longe do resplendor necess\u00e1rio, mas que alivia.<\/p>\n<p>O entrave ainda vai longe&#8230;<\/p>\n<p>Um livro mostrar que existem fam\u00edlias com composi\u00e7\u00f5es diferentes, demonstrando a realidade como \u00e9, refor\u00e7ando a necessidade de respeito e considera\u00e7\u00e3o pela pluralidade, \u00e9 escancarar verdade irrefre\u00e1vel. T\u00e3o natural quanto dizer que o abacateiro d\u00e1 abacate; que no a\u00e7ougue vende carne ou que a Capital do Rio Grande do Sul \u00e9 Porto Alegre. <\/p>\n","protected":false},"excerpt":{"rendered":"<p>Rond\u00f4nia Din\u00e2mica, por Vin\u00edcius Canova &#8211; Prefeito de Ariquemes Thiago Flores longe de se livrar do transtorno que ajudou a criar<\/p>\n","protected":false},"author":1,"featured_media":0,"comment_status":"closed","ping_status":"open","sticky":false,"template":"","format":"standard","meta":{"_exactmetrics_skip_tracking":false,"_exactmetrics_sitenote_active":false,"_exactmetrics_sitenote_note":"","_exactmetrics_sitenote_category":0,"jetpack_post_was_ever_published":false,"_jetpack_newsletter_access":"","_jetpack_dont_email_post_to_subs":false,"_jetpack_newsletter_tier_id":0,"_jetpack_memberships_contains_paywalled_content":false,"_jetpack_memberships_contains_paid_content":false,"footnotes":"","jetpack_publicize_message":"","jetpack_publicize_feature_enabled":true,"jetpack_social_post_already_shared":true,"jetpack_social_options":{"image_generator_settings":{"template":"highway","enabled":false},"version":2}},"categories":[1],"tags":[],"class_list":["post-13332","post","type-post","status-publish","format-standard","hentry","category-notas"],"jetpack_publicize_connections":[],"jetpack_sharing_enabled":true,"jetpack_featured_media_url":"","jetpack_shortlink":"https:\/\/wp.me\/p7wKYW-3t2","jetpack-related-posts":[],"_links":{"self":[{"href":"http:\/\/blogdalucianaoliveira.com.br\/blog\/wp-json\/wp\/v2\/posts\/13332","targetHints":{"allow":["GET"]}}],"collection":[{"href":"http:\/\/blogdalucianaoliveira.com.br\/blog\/wp-json\/wp\/v2\/posts"}],"about":[{"href":"http:\/\/blogdalucianaoliveira.com.br\/blog\/wp-json\/wp\/v2\/types\/post"}],"author":[{"embeddable":true,"href":"http:\/\/blogdalucianaoliveira.com.br\/blog\/wp-json\/wp\/v2\/users\/1"}],"replies":[{"embeddable":true,"href":"http:\/\/blogdalucianaoliveira.com.br\/blog\/wp-json\/wp\/v2\/comments?post=13332"}],"version-history":[{"count":1,"href":"http:\/\/blogdalucianaoliveira.com.br\/blog\/wp-json\/wp\/v2\/posts\/13332\/revisions"}],"predecessor-version":[{"id":13334,"href":"http:\/\/blogdalucianaoliveira.com.br\/blog\/wp-json\/wp\/v2\/posts\/13332\/revisions\/13334"}],"wp:attachment":[{"href":"http:\/\/blogdalucianaoliveira.com.br\/blog\/wp-json\/wp\/v2\/media?parent=13332"}],"wp:term":[{"taxonomy":"category","embeddable":true,"href":"http:\/\/blogdalucianaoliveira.com.br\/blog\/wp-json\/wp\/v2\/categories?post=13332"},{"taxonomy":"post_tag","embeddable":true,"href":"http:\/\/blogdalucianaoliveira.com.br\/blog\/wp-json\/wp\/v2\/tags?post=13332"}],"curies":[{"name":"wp","href":"https:\/\/api.w.org\/{rel}","templated":true}]}}