{"id":13335,"date":"2017-08-30T16:43:10","date_gmt":"2017-08-30T20:43:10","guid":{"rendered":"http:\/\/blogdalucianaoliveira.com.br\/blog\/?p=13335"},"modified":"2017-08-30T16:43:10","modified_gmt":"2017-08-30T20:43:10","slug":"por-que-havera-reducao-de-r10-reais-no-salario-minimo-do-povo","status":"publish","type":"post","link":"http:\/\/blogdalucianaoliveira.com.br\/blog\/2017\/08\/30\/por-que-havera-reducao-de-r10-reais-no-salario-minimo-do-povo\/","title":{"rendered":"Por que haver\u00e1 redu\u00e7\u00e3o de R$10 reais no sal\u00e1rio m\u00ednimo do povo?"},"content":{"rendered":"<p><img data-recalc-dims=\"1\" loading=\"lazy\" decoding=\"async\" data-attachment-id=\"13336\" data-permalink=\"http:\/\/blogdalucianaoliveira.com.br\/blog\/2017\/08\/30\/por-que-havera-reducao-de-r10-reais-no-salario-minimo-do-povo\/dez\/\" data-orig-file=\"https:\/\/i0.wp.com\/blogdalucianaoliveira.com.br\/blog\/wp-content\/uploads\/2017\/08\/dez.jpg?fit=640%2C215\" data-orig-size=\"640,215\" data-comments-opened=\"0\" data-image-meta=\"{&quot;aperture&quot;:&quot;0&quot;,&quot;credit&quot;:&quot;&quot;,&quot;camera&quot;:&quot;&quot;,&quot;caption&quot;:&quot;&quot;,&quot;created_timestamp&quot;:&quot;0&quot;,&quot;copyright&quot;:&quot;&quot;,&quot;focal_length&quot;:&quot;0&quot;,&quot;iso&quot;:&quot;0&quot;,&quot;shutter_speed&quot;:&quot;0&quot;,&quot;title&quot;:&quot;&quot;,&quot;orientation&quot;:&quot;0&quot;}\" data-image-title=\"dez\" data-image-description=\"\" data-image-caption=\"\" data-medium-file=\"https:\/\/i0.wp.com\/blogdalucianaoliveira.com.br\/blog\/wp-content\/uploads\/2017\/08\/dez.jpg?fit=300%2C101\" data-large-file=\"https:\/\/i0.wp.com\/blogdalucianaoliveira.com.br\/blog\/wp-content\/uploads\/2017\/08\/dez.jpg?fit=600%2C202\" src=\"https:\/\/i0.wp.com\/blogdalucianaoliveira.com.br\/blog\/wp-content\/uploads\/2017\/08\/dez.jpg?resize=600%2C202\" alt=\"dez\" width=\"600\" height=\"202\" class=\"alignnone size-full wp-image-13336\" srcset=\"https:\/\/i0.wp.com\/blogdalucianaoliveira.com.br\/blog\/wp-content\/uploads\/2017\/08\/dez.jpg?w=640 640w, https:\/\/i0.wp.com\/blogdalucianaoliveira.com.br\/blog\/wp-content\/uploads\/2017\/08\/dez.jpg?resize=300%2C101 300w\" sizes=\"auto, (max-width: 600px) 100vw, 600px\" \/><\/p>\n<p>Brasil de Fato | S\u00e3o Paulo , por Luciana Console &#8211; O an\u00fancio divulgado pelo Minist\u00e9rio do Planejamento semana passada, feito pelo presidente golpista Michel Temer sobre o valor do sal\u00e1rio m\u00ednimo de 2018 gerou revolta entre a popula\u00e7\u00e3o do pa\u00eds.<!--more--><\/p>\n<p>A previs\u00e3o, de acordo com as proje\u00e7\u00f5es de infla\u00e7\u00e3o, seria de elevar o sal\u00e1rio m\u00ednimo, que atualmente \u00e9 de R$ 937, para R$ 979. O governo, no entanto, resolveu baixar em 10 reais o valor, com a justificativa de  supostamente conter os rombos nas contas p\u00fablicas. <\/p>\n<p>No quadro \u201cFala\u00ed\u201d desta semana, a estudante Gleici questiona o porqu\u00ea da redu\u00e7\u00e3o e se &#8220;\u00e9 o povo quem vai pagar essa conta&#8221;. Quem responde \u00e9 Guilherme Melo, economista e professor universit\u00e1rio:<\/p>\n<p>&#8220;A quest\u00e3o do sal\u00e1rio m\u00ednimo est\u00e1 ligada a uma regra e ao mesmo tempo uma decis\u00e3o pol\u00edtica. A regra, que foi estabelecida ainda no governo Lula, \u00e9 de que o sal\u00e1rio m\u00ednimo tem que subir pelo menos a infla\u00e7\u00e3o do ano anterior, mais o crescimento do PIB de dois anos atr\u00e1s.<\/p>\n<p>O problema \u00e9 que como o PIB n\u00e3o cresceu, ent\u00e3o o governo vai s\u00f3 repor a infla\u00e7\u00e3o do ano passado, ou seja, o aumento do sal\u00e1rio m\u00ednimo do ano que vem vai repor a infla\u00e7\u00e3o desde ano de 2017. Como ainda n\u00e3o se sabe qual \u00e9 a infla\u00e7\u00e3o desse ano, porque a gente ainda n\u00e3o chegou ao final do ano, e n\u00e3o se sabe o quanto vai ter de infla\u00e7\u00e3o acumulada, ent\u00e3o o governo tem revisado pra baixo as expectativas da infla\u00e7\u00e3o e, portanto, o aumento no sal\u00e1rio m\u00ednimo.<\/p>\n<p>A quest\u00e3o pol\u00edtica \u00e9 que o governo poderia sim estabelecer um valor mais alto, um aumento maior do sal\u00e1rio m\u00ednimo pra incentivar a economia brasileira. No entanto, o governo tem decidido cortar o sal\u00e1rio, digamos assim, os direitos trabalhistas e de alguma forma o sal\u00e1rio m\u00ednimo do povo, ao mesmo tempo que mant\u00e9m v\u00e1rios gastos que s\u00e3o absolutamente question\u00e1veis, como os gastos com grandes funcion\u00e1rios p\u00fablicos e desonera\u00e7\u00f5es fiscais.&#8221;<\/p>\n<p>Edi\u00e7\u00e3o: Camila Salmazio<\/p>\n","protected":false},"excerpt":{"rendered":"<p>Brasil de Fato | S\u00e3o Paulo , por Luciana Console &#8211; O an\u00fancio divulgado pelo Minist\u00e9rio do Planejamento semana passada, feito pelo presidente golpista Michel Temer sobre o valor do sal\u00e1rio m\u00ednimo de 2018 gerou revolta entre a popula\u00e7\u00e3o do pa\u00eds.<\/p>\n","protected":false},"author":1,"featured_media":0,"comment_status":"closed","ping_status":"open","sticky":false,"template":"","format":"standard","meta":{"_exactmetrics_skip_tracking":false,"_exactmetrics_sitenote_active":false,"_exactmetrics_sitenote_note":"","_exactmetrics_sitenote_category":0,"jetpack_post_was_ever_published":false,"_jetpack_newsletter_access":"","_jetpack_dont_email_post_to_subs":false,"_jetpack_newsletter_tier_id":0,"_jetpack_memberships_contains_paywalled_content":false,"_jetpack_memberships_contains_paid_content":false,"footnotes":"","jetpack_publicize_message":"","jetpack_publicize_feature_enabled":true,"jetpack_social_post_already_shared":true,"jetpack_social_options":{"image_generator_settings":{"template":"highway","enabled":false},"version":2}},"categories":[1],"tags":[330,301,329],"class_list":["post-13335","post","type-post","status-publish","format-standard","hentry","category-notas","tag-reducao","tag-rombo","tag-salario-minimo"],"jetpack_publicize_connections":[],"jetpack_sharing_enabled":true,"jetpack_featured_media_url":"","jetpack_shortlink":"https:\/\/wp.me\/p7wKYW-3t5","jetpack-related-posts":[],"_links":{"self":[{"href":"http:\/\/blogdalucianaoliveira.com.br\/blog\/wp-json\/wp\/v2\/posts\/13335","targetHints":{"allow":["GET"]}}],"collection":[{"href":"http:\/\/blogdalucianaoliveira.com.br\/blog\/wp-json\/wp\/v2\/posts"}],"about":[{"href":"http:\/\/blogdalucianaoliveira.com.br\/blog\/wp-json\/wp\/v2\/types\/post"}],"author":[{"embeddable":true,"href":"http:\/\/blogdalucianaoliveira.com.br\/blog\/wp-json\/wp\/v2\/users\/1"}],"replies":[{"embeddable":true,"href":"http:\/\/blogdalucianaoliveira.com.br\/blog\/wp-json\/wp\/v2\/comments?post=13335"}],"version-history":[{"count":1,"href":"http:\/\/blogdalucianaoliveira.com.br\/blog\/wp-json\/wp\/v2\/posts\/13335\/revisions"}],"predecessor-version":[{"id":13337,"href":"http:\/\/blogdalucianaoliveira.com.br\/blog\/wp-json\/wp\/v2\/posts\/13335\/revisions\/13337"}],"wp:attachment":[{"href":"http:\/\/blogdalucianaoliveira.com.br\/blog\/wp-json\/wp\/v2\/media?parent=13335"}],"wp:term":[{"taxonomy":"category","embeddable":true,"href":"http:\/\/blogdalucianaoliveira.com.br\/blog\/wp-json\/wp\/v2\/categories?post=13335"},{"taxonomy":"post_tag","embeddable":true,"href":"http:\/\/blogdalucianaoliveira.com.br\/blog\/wp-json\/wp\/v2\/tags?post=13335"}],"curies":[{"name":"wp","href":"https:\/\/api.w.org\/{rel}","templated":true}]}}