{"id":1334,"date":"2016-05-30T10:59:50","date_gmt":"2016-05-30T14:59:50","guid":{"rendered":"http:\/\/blogdalucianaoliveira.com.br\/blog\/?p=1334"},"modified":"2016-05-30T11:04:44","modified_gmt":"2016-05-30T15:04:44","slug":"audios-gravados-revelam-estrutura-dedicada-a-barrar-lava-jato-ministros-de-temer-temem","status":"publish","type":"post","link":"http:\/\/blogdalucianaoliveira.com.br\/blog\/2016\/05\/30\/audios-gravados-revelam-estrutura-dedicada-a-barrar-lava-jato-ministros-de-temer-temem\/","title":{"rendered":"\u00c1udios gravados revelam estrutura dedicada a barrar Lava Jato. Ministros de Temer, temem"},"content":{"rendered":"<p><img data-recalc-dims=\"1\" loading=\"lazy\" decoding=\"async\" data-attachment-id=\"1335\" data-permalink=\"http:\/\/blogdalucianaoliveira.com.br\/blog\/2016\/05\/30\/audios-gravados-revelam-estrutura-dedicada-a-barrar-lava-jato-ministros-de-temer-temem\/image-300\/\" data-orig-file=\"https:\/\/i0.wp.com\/blogdalucianaoliveira.com.br\/blog\/wp-content\/uploads\/2016\/05\/image-266.jpeg?fit=506%2C291\" data-orig-size=\"506,291\" data-comments-opened=\"0\" data-image-meta=\"{&quot;aperture&quot;:&quot;0&quot;,&quot;credit&quot;:&quot;&quot;,&quot;camera&quot;:&quot;&quot;,&quot;caption&quot;:&quot;&quot;,&quot;created_timestamp&quot;:&quot;0&quot;,&quot;copyright&quot;:&quot;&quot;,&quot;focal_length&quot;:&quot;0&quot;,&quot;iso&quot;:&quot;0&quot;,&quot;shutter_speed&quot;:&quot;0&quot;,&quot;title&quot;:&quot;&quot;,&quot;orientation&quot;:&quot;0&quot;}\" data-image-title=\"image\" data-image-description=\"\" data-image-caption=\"\" data-medium-file=\"https:\/\/i0.wp.com\/blogdalucianaoliveira.com.br\/blog\/wp-content\/uploads\/2016\/05\/image-266.jpeg?fit=300%2C173\" data-large-file=\"https:\/\/i0.wp.com\/blogdalucianaoliveira.com.br\/blog\/wp-content\/uploads\/2016\/05\/image-266.jpeg?fit=506%2C291\" src=\"https:\/\/i0.wp.com\/blogdalucianaoliveira.com.br\/blog\/wp-content\/uploads\/2016\/05\/image-266.jpeg?resize=506%2C291\" alt=\"image\" width=\"506\" height=\"291\" class=\"alignnone size-full wp-image-1335\" srcset=\"https:\/\/i0.wp.com\/blogdalucianaoliveira.com.br\/blog\/wp-content\/uploads\/2016\/05\/image-266.jpeg?w=506 506w, https:\/\/i0.wp.com\/blogdalucianaoliveira.com.br\/blog\/wp-content\/uploads\/2016\/05\/image-266.jpeg?resize=300%2C173 300w\" sizes=\"auto, (max-width: 506px) 100vw, 506px\" \/><\/p>\n<p>Temos que agradecer o trabalho eficaz do ex-presidente da Transpetro, S\u00e9rgio Machado nas investiga\u00e7\u00f5es da Opera\u00e7\u00e3o Lava Jato. <!--more--><\/p>\n<p>Foi gra\u00e7as aos \u00e1udios reveladores que trouxe ao conhecimento p\u00fablico, que se provou a a verdadeira motiva\u00e7\u00e3o do impeachment da presidente.<br \/>\nE mais! Ficou claro que o governo interino deixou o cen\u00e1rio muito pior do que estava. <\/p>\n<p>Temer nomeou investigados por corrup\u00e7\u00e3o e a cada trecho de conversas divulgado, cai um.<br \/>\nEm uma semana caiu Romero Juc\u00e1, do Planejamento. <\/p>\n<p>O que nomeou para o Minist\u00e9rio da Transpar\u00eancia, Fabiano Silveira, j\u00e1 est\u00e1 com o dele na reta. \u00c9 a primeira grande not\u00edcia do novo minist\u00e9rio. <\/p>\n<p>E pode esperar que vem mais!<br \/>\nS\u00e9rgio Machado pode fazer o papel de Tommaso Buschetta, pois j\u00e1 revelou uma boa parte da estrutura e do esquema da organiza\u00e7\u00e3o criminosa que envolve pol\u00edticos poderosos, montada pra barrar a Lava Jato. <\/p>\n","protected":false},"excerpt":{"rendered":"<p>Temos que agradecer o trabalho eficaz do ex-presidente da Transpetro, S\u00e9rgio Machado nas investiga\u00e7\u00f5es da Opera\u00e7\u00e3o Lava Jato.<\/p>\n","protected":false},"author":1,"featured_media":0,"comment_status":"closed","ping_status":"open","sticky":false,"template":"","format":"standard","meta":{"_exactmetrics_skip_tracking":false,"_exactmetrics_sitenote_active":false,"_exactmetrics_sitenote_note":"","_exactmetrics_sitenote_category":0,"jetpack_post_was_ever_published":false,"_jetpack_newsletter_access":"","_jetpack_dont_email_post_to_subs":false,"_jetpack_newsletter_tier_id":0,"_jetpack_memberships_contains_paywalled_content":false,"_jetpack_memberships_contains_paid_content":false,"footnotes":"","jetpack_publicize_message":"","jetpack_publicize_feature_enabled":true,"jetpack_social_post_already_shared":true,"jetpack_social_options":{"image_generator_settings":{"template":"highway","enabled":false},"version":2}},"categories":[1],"tags":[],"class_list":["post-1334","post","type-post","status-publish","format-standard","hentry","category-notas"],"jetpack_publicize_connections":[],"jetpack_sharing_enabled":true,"jetpack_featured_media_url":"","jetpack_shortlink":"https:\/\/wp.me\/p7wKYW-lw","jetpack-related-posts":[],"_links":{"self":[{"href":"http:\/\/blogdalucianaoliveira.com.br\/blog\/wp-json\/wp\/v2\/posts\/1334","targetHints":{"allow":["GET"]}}],"collection":[{"href":"http:\/\/blogdalucianaoliveira.com.br\/blog\/wp-json\/wp\/v2\/posts"}],"about":[{"href":"http:\/\/blogdalucianaoliveira.com.br\/blog\/wp-json\/wp\/v2\/types\/post"}],"author":[{"embeddable":true,"href":"http:\/\/blogdalucianaoliveira.com.br\/blog\/wp-json\/wp\/v2\/users\/1"}],"replies":[{"embeddable":true,"href":"http:\/\/blogdalucianaoliveira.com.br\/blog\/wp-json\/wp\/v2\/comments?post=1334"}],"version-history":[{"count":3,"href":"http:\/\/blogdalucianaoliveira.com.br\/blog\/wp-json\/wp\/v2\/posts\/1334\/revisions"}],"predecessor-version":[{"id":1338,"href":"http:\/\/blogdalucianaoliveira.com.br\/blog\/wp-json\/wp\/v2\/posts\/1334\/revisions\/1338"}],"wp:attachment":[{"href":"http:\/\/blogdalucianaoliveira.com.br\/blog\/wp-json\/wp\/v2\/media?parent=1334"}],"wp:term":[{"taxonomy":"category","embeddable":true,"href":"http:\/\/blogdalucianaoliveira.com.br\/blog\/wp-json\/wp\/v2\/categories?post=1334"},{"taxonomy":"post_tag","embeddable":true,"href":"http:\/\/blogdalucianaoliveira.com.br\/blog\/wp-json\/wp\/v2\/tags?post=1334"}],"curies":[{"name":"wp","href":"https:\/\/api.w.org\/{rel}","templated":true}]}}