{"id":13357,"date":"2017-08-31T17:57:14","date_gmt":"2017-08-31T21:57:14","guid":{"rendered":"http:\/\/blogdalucianaoliveira.com.br\/blog\/?p=13357"},"modified":"2017-08-31T17:57:14","modified_gmt":"2017-08-31T21:57:14","slug":"um-ano-depois-do-golpe-a-vertigem-do-retrocesso-e-o-silencio-dos-envergonhados","status":"publish","type":"post","link":"http:\/\/blogdalucianaoliveira.com.br\/blog\/2017\/08\/31\/um-ano-depois-do-golpe-a-vertigem-do-retrocesso-e-o-silencio-dos-envergonhados\/","title":{"rendered":"UM ANO DEPOIS DO GOLPE: A VERTIGEM DO RETROCESSO E O SIL\u00caNCIO DOS ENVERGONHADOS"},"content":{"rendered":"<p><img data-recalc-dims=\"1\" loading=\"lazy\" decoding=\"async\" data-attachment-id=\"13358\" data-permalink=\"http:\/\/blogdalucianaoliveira.com.br\/blog\/2017\/08\/31\/um-ano-depois-do-golpe-a-vertigem-do-retrocesso-e-o-silencio-dos-envergonhados\/img_4258\/\" data-orig-file=\"https:\/\/i0.wp.com\/blogdalucianaoliveira.com.br\/blog\/wp-content\/uploads\/2017\/08\/IMG_4258.jpg?fit=490%2C280\" data-orig-size=\"490,280\" data-comments-opened=\"0\" data-image-meta=\"{&quot;aperture&quot;:&quot;0&quot;,&quot;credit&quot;:&quot;&quot;,&quot;camera&quot;:&quot;&quot;,&quot;caption&quot;:&quot;&quot;,&quot;created_timestamp&quot;:&quot;0&quot;,&quot;copyright&quot;:&quot;&quot;,&quot;focal_length&quot;:&quot;0&quot;,&quot;iso&quot;:&quot;0&quot;,&quot;shutter_speed&quot;:&quot;0&quot;,&quot;title&quot;:&quot;&quot;,&quot;orientation&quot;:&quot;0&quot;}\" data-image-title=\"IMG_4258\" data-image-description=\"\" data-image-caption=\"\" data-medium-file=\"https:\/\/i0.wp.com\/blogdalucianaoliveira.com.br\/blog\/wp-content\/uploads\/2017\/08\/IMG_4258.jpg?fit=300%2C171\" data-large-file=\"https:\/\/i0.wp.com\/blogdalucianaoliveira.com.br\/blog\/wp-content\/uploads\/2017\/08\/IMG_4258.jpg?fit=490%2C280\" src=\"https:\/\/i0.wp.com\/blogdalucianaoliveira.com.br\/blog\/wp-content\/uploads\/2017\/08\/IMG_4258.jpg?resize=490%2C280\" alt=\"IMG_4258\" width=\"490\" height=\"280\" class=\"alignnone size-full wp-image-13358\" srcset=\"https:\/\/i0.wp.com\/blogdalucianaoliveira.com.br\/blog\/wp-content\/uploads\/2017\/08\/IMG_4258.jpg?w=490 490w, https:\/\/i0.wp.com\/blogdalucianaoliveira.com.br\/blog\/wp-content\/uploads\/2017\/08\/IMG_4258.jpg?resize=300%2C171 300w\" sizes=\"auto, (max-width: 490px) 100vw, 490px\" \/><\/p>\n<p>No 247, por Tereza Cruvinel &#8211; A passagem do primeiro anivers\u00e1rio do impeachment da presidente eleita Dilma Rousseff tem uma serventia: ela atesta de forma inequ\u00edvoca que o programa do golpe fracassou em todas as frentes e castigou todos os seus articuladores com o cip\u00f3 de aroeira da rejei\u00e7\u00e3o e do descr\u00e9dito. <!--more--><\/p>\n<p>O fracasso e o castigo deles, entretanto, n\u00e3o suprime os efeitos devastadores do golpe sobre a ordem democr\u00e1tica, econ\u00f4mica e social que o Brasil vinha construindo desde a Constitui\u00e7\u00e3o de 1988. Nestes 12 meses, o pa\u00eds embarcou numa espiral vertiginosa de retrocessos em todos os campos, e quando os brasileiros se perguntam pela  luz no fim do t\u00fanel,  novos desatinos s\u00e3o perpetrados pelo governo e seu bloco pol\u00edtico-partid\u00e1rio, descomprometidos com a vontade popular, com a ideia de Na\u00e7\u00e3o e com os horizontes do futuro.  Haver\u00e1 Brasil e haver\u00e1 brasileiros depois que Temer se for mas ele age como se fosse o \u00faltimo monarca.<\/p>\n<p>                Nesta passagem dos 12 meses sob seu governo ileg\u00edtimo, imoral, entreguista e inepto, o que paira sobre tantos alaridos de vulgaridade \u00e9 o sil\u00eancio dos envergonhados, dos que bateram panelas e soltaram gritos irados nas manifesta\u00e7\u00f5es pr\u00f3-impeachment , acreditando (nem todos, pois alguns sabiam exatamente o que faziam) que de uma ruptura democr\u00e1tica poderia sair alguma solu\u00e7\u00e3o virtuosa.  Um ano depois,  eles n\u00e3o t\u00eam nada a declarar. Alguns tentam at\u00e9 dizer que a culpa \u00e9 novamente de Dilma e do PT, que escolheram Temer como vice na chapa vitoriosa em 2014.  Mas quando pediam impeachment, estavam pedindo Temer, estavam avalizando a agenda da \u201cPonte para o Futuro\u201d, o programa golpista que virou ponte para o passado, estavam pedindo este estado de exce\u00e7\u00e3o dissimulado,  que n\u00e3o legitima mas legaliza a supress\u00e3o de direitos, a entrega das riquezas nacionais e a execu\u00e7\u00e3o de uma pol\u00edtica econ\u00f4mica recessiva, que tira empregos, quebra empresas e engorda bancos.<\/p>\n<p>                O fracasso \u00e9 geral, come\u00e7ando pelo moral. Eles deram o golpe vociferando contra a corrup\u00e7\u00e3o e prometendo moralidade: um ano depois, a corrup\u00e7\u00e3o mostra todos os seus dentes e revela sua extens\u00e3o.  Eduardo Cunha, o presidente da C\u00e2mara que conduziu o impeachment, foi para a cadeia poucos dias depois.  As den\u00fancias fulminaram A\u00e9cio Neves, outro grande art\u00edfice do impeachment,  encalacraram dezenas de parlamentares e ministros e fizeram do pr\u00f3prio Temer o primeiro presidente da Rep\u00fablica denunciado por corrup\u00e7\u00e3o. Agora o ser\u00e1 tamb\u00e9m por obstru\u00e7\u00e3o da Justi\u00e7a e participa\u00e7\u00e3o em organiza\u00e7\u00e3o criminosa. A rejei\u00e7\u00e3o de todos eles, como se pode conferir pela pesquisa Ipsos, foi \u00e0s alturas.<\/p>\n<p>                Eles venceram prometendo \u201ccolocar a economia nos trilhos\u201d. Em 12 meses, a recess\u00e3o e o desemprego se agravaram, o consumo despencou, travando qualquer disposi\u00e7\u00e3o de investimento.  Celebram o recuo da infla\u00e7\u00e3o, que nas condi\u00e7\u00f5es recessivas atuais, \u00e9 sinal de doen\u00e7a, n\u00e3o de sa\u00fade da economia.  Nesta data em que completa um ano como presidente efetivo, Temer mandar\u00e1 ao Congresso um or\u00e7amento faz-de-conta,com um deficit inferior em R$ 30 bilh\u00f5es ao tamanho real do buraco, que ontem o Congresso n\u00e3o conseguiu aprovar completamente na noite de ontem,  a nova meta deficit\u00e1ria de R$ 159 bilh\u00f5es.<\/p>\n<p>                Temer tomou posse falando em \u201cOrdem e Progresso\u201d. Em outubro, aprovou o congelamento do gasto p\u00fablico por 20 anos.    Anunciou a reforma trabalhista, que conseguiu aprovar, liquidando com a CLT, e a previdenci\u00e1ria, que o Congresso perdeu qualquer condi\u00e7\u00e3o para aprovar, depois das den\u00fancias da JBS.    A ordem que mant\u00e9m a popula\u00e7\u00e3o receosa em casa decorre do desprezo e do medo de que tudo fique ainda pior.  E em vez de progresso, retrocessos em todas as frentes:  nas pol\u00edticas sociais, na sa\u00fade, na educa\u00e7\u00e3o, na prote\u00e7\u00e3o ao meio ambiente, aos \u00edndios, aos direitos humanos, aos direitos da mulher.  No plano internacional, o Brasil tornou-se irrelevante, perdeu toda a influ\u00eancia conquista com a pol\u00edtica externa altiva e ativa de Lula-Celso Amorim.<\/p>\n<p>                Fracassada a promessa da reforma previdenci\u00e1ria, outra agenda foi oferecida ao mercado, a das privatiza\u00e7\u00f5es  no atacado, que juntam uma Eletrobr\u00e1s com uma entrega das ricas jazidas da Renca \u00e0s transnacionais, passando por portos, aeroportos, estradas, po\u00e7os de petr\u00f3leo, Casa da Moeda etc.etc.<\/p>\n<p>                O que eles podem celebrar nesta data? Estando fora do pa\u00eds, Temer poupou-se de fazer qualquer pronunciamento a respeito. Se fizesse, n\u00e3o haveria panela\u00e7o, mas este sil\u00eancio pesado, o sil\u00eancio dos envergonhados e os dos que resolveram esperar parados pelas elei\u00e7\u00f5es de 2018, que tamb\u00e9m n\u00e3o s\u00e3o t\u00e3o certas.<\/p>\n","protected":false},"excerpt":{"rendered":"<p>No 247, por Tereza Cruvinel &#8211; A passagem do primeiro anivers\u00e1rio do impeachment da presidente eleita Dilma Rousseff tem uma serventia: ela atesta de forma inequ\u00edvoca que o programa do golpe fracassou em todas as frentes e castigou todos os seus articuladores com o cip\u00f3 de aroeira da rejei\u00e7\u00e3o e do descr\u00e9dito.<\/p>\n","protected":false},"author":1,"featured_media":0,"comment_status":"closed","ping_status":"open","sticky":false,"template":"","format":"standard","meta":{"_exactmetrics_skip_tracking":false,"_exactmetrics_sitenote_active":false,"_exactmetrics_sitenote_note":"","_exactmetrics_sitenote_category":0,"jetpack_post_was_ever_published":false,"_jetpack_newsletter_access":"","_jetpack_dont_email_post_to_subs":false,"_jetpack_newsletter_tier_id":0,"_jetpack_memberships_contains_paywalled_content":false,"_jetpack_memberships_contains_paid_content":false,"footnotes":"","jetpack_publicize_message":"","jetpack_publicize_feature_enabled":true,"jetpack_social_post_already_shared":true,"jetpack_social_options":{"image_generator_settings":{"template":"highway","enabled":false},"version":2}},"categories":[1],"tags":[],"class_list":["post-13357","post","type-post","status-publish","format-standard","hentry","category-notas"],"jetpack_publicize_connections":[],"jetpack_sharing_enabled":true,"jetpack_featured_media_url":"","jetpack_shortlink":"https:\/\/wp.me\/p7wKYW-3tr","jetpack-related-posts":[],"_links":{"self":[{"href":"http:\/\/blogdalucianaoliveira.com.br\/blog\/wp-json\/wp\/v2\/posts\/13357","targetHints":{"allow":["GET"]}}],"collection":[{"href":"http:\/\/blogdalucianaoliveira.com.br\/blog\/wp-json\/wp\/v2\/posts"}],"about":[{"href":"http:\/\/blogdalucianaoliveira.com.br\/blog\/wp-json\/wp\/v2\/types\/post"}],"author":[{"embeddable":true,"href":"http:\/\/blogdalucianaoliveira.com.br\/blog\/wp-json\/wp\/v2\/users\/1"}],"replies":[{"embeddable":true,"href":"http:\/\/blogdalucianaoliveira.com.br\/blog\/wp-json\/wp\/v2\/comments?post=13357"}],"version-history":[{"count":1,"href":"http:\/\/blogdalucianaoliveira.com.br\/blog\/wp-json\/wp\/v2\/posts\/13357\/revisions"}],"predecessor-version":[{"id":13359,"href":"http:\/\/blogdalucianaoliveira.com.br\/blog\/wp-json\/wp\/v2\/posts\/13357\/revisions\/13359"}],"wp:attachment":[{"href":"http:\/\/blogdalucianaoliveira.com.br\/blog\/wp-json\/wp\/v2\/media?parent=13357"}],"wp:term":[{"taxonomy":"category","embeddable":true,"href":"http:\/\/blogdalucianaoliveira.com.br\/blog\/wp-json\/wp\/v2\/categories?post=13357"},{"taxonomy":"post_tag","embeddable":true,"href":"http:\/\/blogdalucianaoliveira.com.br\/blog\/wp-json\/wp\/v2\/tags?post=13357"}],"curies":[{"name":"wp","href":"https:\/\/api.w.org\/{rel}","templated":true}]}}