{"id":13360,"date":"2017-08-31T19:05:06","date_gmt":"2017-08-31T23:05:06","guid":{"rendered":"http:\/\/blogdalucianaoliveira.com.br\/blog\/?p=13360"},"modified":"2017-08-31T19:05:06","modified_gmt":"2017-08-31T23:05:06","slug":"a-culpa-do-agora-e-evidente","status":"publish","type":"post","link":"http:\/\/blogdalucianaoliveira.com.br\/blog\/2017\/08\/31\/a-culpa-do-agora-e-evidente\/","title":{"rendered":"A culpa do agora \u00e9 evidente"},"content":{"rendered":"<p><img data-recalc-dims=\"1\" loading=\"lazy\" decoding=\"async\" data-attachment-id=\"13361\" data-permalink=\"http:\/\/blogdalucianaoliveira.com.br\/blog\/2017\/08\/31\/a-culpa-do-agora-e-evidente\/img_4259-2\/\" data-orig-file=\"https:\/\/i0.wp.com\/blogdalucianaoliveira.com.br\/blog\/wp-content\/uploads\/2017\/08\/IMG_4259.jpg?fit=440%2C334\" data-orig-size=\"440,334\" data-comments-opened=\"0\" data-image-meta=\"{&quot;aperture&quot;:&quot;0&quot;,&quot;credit&quot;:&quot;&quot;,&quot;camera&quot;:&quot;&quot;,&quot;caption&quot;:&quot;&quot;,&quot;created_timestamp&quot;:&quot;0&quot;,&quot;copyright&quot;:&quot;&quot;,&quot;focal_length&quot;:&quot;0&quot;,&quot;iso&quot;:&quot;0&quot;,&quot;shutter_speed&quot;:&quot;0&quot;,&quot;title&quot;:&quot;&quot;,&quot;orientation&quot;:&quot;0&quot;}\" data-image-title=\"IMG_4259\" data-image-description=\"\" data-image-caption=\"\" data-medium-file=\"https:\/\/i0.wp.com\/blogdalucianaoliveira.com.br\/blog\/wp-content\/uploads\/2017\/08\/IMG_4259.jpg?fit=300%2C228\" data-large-file=\"https:\/\/i0.wp.com\/blogdalucianaoliveira.com.br\/blog\/wp-content\/uploads\/2017\/08\/IMG_4259.jpg?fit=440%2C334\" src=\"https:\/\/i0.wp.com\/blogdalucianaoliveira.com.br\/blog\/wp-content\/uploads\/2017\/08\/IMG_4259.jpg?resize=440%2C334\" alt=\"IMG_4259\" width=\"440\" height=\"334\" class=\"alignnone size-full wp-image-13361\" srcset=\"https:\/\/i0.wp.com\/blogdalucianaoliveira.com.br\/blog\/wp-content\/uploads\/2017\/08\/IMG_4259.jpg?w=440 440w, https:\/\/i0.wp.com\/blogdalucianaoliveira.com.br\/blog\/wp-content\/uploads\/2017\/08\/IMG_4259.jpg?resize=300%2C228 300w, https:\/\/i0.wp.com\/blogdalucianaoliveira.com.br\/blog\/wp-content\/uploads\/2017\/08\/IMG_4259.jpg?resize=395%2C300 395w\" sizes=\"auto, (max-width: 440px) 100vw, 440px\" \/><\/p>\n<p>H\u00e1 1 ano, o Congresso Nacional, com a m\u00eddia, com o STF, com tudo, sacramentaram um golpe que tirou o poder do povo de escolher seu destino, bem ou mal, por for\u00e7a do voto. <!--more--><\/p>\n<p>O golpe de 2016 se revelou mais que um projeto pol\u00edtico da direita corrupta e incompetente, um plano nefasto pra liquidar o pa\u00eds e extinguir direitos de quem tem menos pra dar a quem tem mais. <\/p>\n<p>O que estamos vivendo de transforma\u00e7\u00f5es abomin\u00e1veis hoje, jamais seria autorizado nas urnas. <\/p>\n<p>Mas, a passividade com que o brasileiro encara suas perdas mant\u00e9m o jogo, o golpe. <\/p>\n<p>N\u00e3o tem adiantado uma e outra movimenta\u00e7\u00e3o pra acabar com a divers\u00e3o dos golpistas. S\u00f3 o povo todo se levantando impediria os canalhas de apostarem milh\u00f5es de vidas e riquezas do pa\u00eds. <\/p>\n<p>De tudo que me angustia desde que o Senado afastou definitivamente a presidenta eleita, sem crime, a covardia do povo \u00e9 o pior. <\/p>\n<p>A meus filhos e netos, fica o registro de que me levantei e lutei ao lado da parcela de brava gente brasileira. <\/p>\n<p>Repito Darcy Ribeiro, que foi citado por Dilma ao deixar o poder de cabe\u00e7a erguida: &#8220;Detestaria estar no lugar de quem me venceu.&#8221;<\/p>\n<p>Suporto as mesmas perdas e vivo sob as mesmas amea\u00e7as, mas n\u00e3o me envergonho quando encaro o espelho e aos meus. <\/p>\n","protected":false},"excerpt":{"rendered":"<p>H\u00e1 1 ano, o Congresso Nacional, com a m\u00eddia, com o STF, com tudo, sacramentaram um golpe que tirou o poder do povo de escolher seu destino, bem ou mal, por for\u00e7a do voto.<\/p>\n","protected":false},"author":1,"featured_media":0,"comment_status":"closed","ping_status":"open","sticky":false,"template":"","format":"standard","meta":{"_exactmetrics_skip_tracking":false,"_exactmetrics_sitenote_active":false,"_exactmetrics_sitenote_note":"","_exactmetrics_sitenote_category":0,"jetpack_post_was_ever_published":false,"_jetpack_newsletter_access":"","_jetpack_dont_email_post_to_subs":false,"_jetpack_newsletter_tier_id":0,"_jetpack_memberships_contains_paywalled_content":false,"_jetpack_memberships_contains_paid_content":false,"footnotes":"","jetpack_publicize_message":"","jetpack_publicize_feature_enabled":true,"jetpack_social_post_already_shared":true,"jetpack_social_options":{"image_generator_settings":{"template":"highway","enabled":false},"version":2}},"categories":[1],"tags":[],"class_list":["post-13360","post","type-post","status-publish","format-standard","hentry","category-notas"],"jetpack_publicize_connections":[],"jetpack_sharing_enabled":true,"jetpack_featured_media_url":"","jetpack_shortlink":"https:\/\/wp.me\/p7wKYW-3tu","jetpack-related-posts":[],"_links":{"self":[{"href":"http:\/\/blogdalucianaoliveira.com.br\/blog\/wp-json\/wp\/v2\/posts\/13360","targetHints":{"allow":["GET"]}}],"collection":[{"href":"http:\/\/blogdalucianaoliveira.com.br\/blog\/wp-json\/wp\/v2\/posts"}],"about":[{"href":"http:\/\/blogdalucianaoliveira.com.br\/blog\/wp-json\/wp\/v2\/types\/post"}],"author":[{"embeddable":true,"href":"http:\/\/blogdalucianaoliveira.com.br\/blog\/wp-json\/wp\/v2\/users\/1"}],"replies":[{"embeddable":true,"href":"http:\/\/blogdalucianaoliveira.com.br\/blog\/wp-json\/wp\/v2\/comments?post=13360"}],"version-history":[{"count":1,"href":"http:\/\/blogdalucianaoliveira.com.br\/blog\/wp-json\/wp\/v2\/posts\/13360\/revisions"}],"predecessor-version":[{"id":13362,"href":"http:\/\/blogdalucianaoliveira.com.br\/blog\/wp-json\/wp\/v2\/posts\/13360\/revisions\/13362"}],"wp:attachment":[{"href":"http:\/\/blogdalucianaoliveira.com.br\/blog\/wp-json\/wp\/v2\/media?parent=13360"}],"wp:term":[{"taxonomy":"category","embeddable":true,"href":"http:\/\/blogdalucianaoliveira.com.br\/blog\/wp-json\/wp\/v2\/categories?post=13360"},{"taxonomy":"post_tag","embeddable":true,"href":"http:\/\/blogdalucianaoliveira.com.br\/blog\/wp-json\/wp\/v2\/tags?post=13360"}],"curies":[{"name":"wp","href":"https:\/\/api.w.org\/{rel}","templated":true}]}}