{"id":13363,"date":"2017-09-01T09:50:44","date_gmt":"2017-09-01T13:50:44","guid":{"rendered":"http:\/\/blogdalucianaoliveira.com.br\/blog\/?p=13363"},"modified":"2017-09-01T09:52:15","modified_gmt":"2017-09-01T13:52:15","slug":"nao-custa-inventar-uma-nova-cancao-que-venha-nos-trazer-sol-de-primavera","status":"publish","type":"post","link":"http:\/\/blogdalucianaoliveira.com.br\/blog\/2017\/09\/01\/nao-custa-inventar-uma-nova-cancao-que-venha-nos-trazer-sol-de-primavera\/","title":{"rendered":"N\u00e3o custa inventar uma nova can\u00e7\u00e3o que venha nos trazer sol de primavera"},"content":{"rendered":"<p><img data-recalc-dims=\"1\" loading=\"lazy\" decoding=\"async\" data-attachment-id=\"13364\" data-permalink=\"http:\/\/blogdalucianaoliveira.com.br\/blog\/2017\/09\/01\/nao-custa-inventar-uma-nova-cancao-que-venha-nos-trazer-sol-de-primavera\/grito\/\" data-orig-file=\"https:\/\/i0.wp.com\/blogdalucianaoliveira.com.br\/blog\/wp-content\/uploads\/2017\/09\/grito.jpg?fit=192%2C262\" data-orig-size=\"192,262\" data-comments-opened=\"0\" data-image-meta=\"{&quot;aperture&quot;:&quot;0&quot;,&quot;credit&quot;:&quot;&quot;,&quot;camera&quot;:&quot;&quot;,&quot;caption&quot;:&quot;&quot;,&quot;created_timestamp&quot;:&quot;0&quot;,&quot;copyright&quot;:&quot;&quot;,&quot;focal_length&quot;:&quot;0&quot;,&quot;iso&quot;:&quot;0&quot;,&quot;shutter_speed&quot;:&quot;0&quot;,&quot;title&quot;:&quot;&quot;,&quot;orientation&quot;:&quot;0&quot;}\" data-image-title=\"grito\" data-image-description=\"\" data-image-caption=\"\" data-medium-file=\"https:\/\/i0.wp.com\/blogdalucianaoliveira.com.br\/blog\/wp-content\/uploads\/2017\/09\/grito.jpg?fit=192%2C262\" data-large-file=\"https:\/\/i0.wp.com\/blogdalucianaoliveira.com.br\/blog\/wp-content\/uploads\/2017\/09\/grito.jpg?fit=192%2C262\" src=\"https:\/\/i0.wp.com\/blogdalucianaoliveira.com.br\/blog\/wp-content\/uploads\/2017\/09\/grito.jpg?resize=192%2C262\" alt=\"grito\" width=\"192\" height=\"262\" class=\"alignnone size-full wp-image-13364\" \/><\/p>\n<p>Chegou mais um Setembro, m\u00eas em que se comemora a independ\u00eancia do Brasil.<\/p>\n<p>E neste, convoco todos ao Grito dos Exclu\u00eddos, a grande marcha que nos une por DIREITOS E DEMOCRACIA.<br \/>\nDuvido que a maioria n\u00e3o se sinta exclu\u00edda das decis\u00f5es pol\u00edticas tomadas por este governo golpista.<br \/>\nDuvido que a maioria n\u00e3o desconfie que a soberania do pa\u00eds est\u00e1 amea\u00e7ada.<!--more--><\/p>\n<p>Por isso, meu bom dia hoje \u00e9 uma convoca\u00e7\u00e3o para o Grito dos Exclu\u00eddos no dia 7 de setembro, no trevo da avenida Imigrantes com a Jorge Teixeira. A partir das 16 horas nos encontraremos l\u00e1.<\/p>\n<p>Grito 2017<\/p>\n<p>&#8220;As mulheres v\u00e3o, os homens tamb\u00e9m<br \/>\nN\u00e3o pode faltar ningu\u00e9m no grito das exclu\u00eddas<br \/>\nOs jovens v\u00e3o, as crian\u00e7as tamb\u00e9m<br \/>\nN\u00e3o pode faltar ningu\u00e9m no grito dos exclu\u00eddos<br \/>\nO Brasil est\u00e1 sendo golpeado<br \/>\nE o povo pagando o pato<br \/>\nSaquearam a democracia<br \/>\nSem direito a aposentadoria<br \/>\nSa\u00fade, educa\u00e7\u00e3o<br \/>\nMoradia e ter dignidade<br \/>\nMelhorar a vida do povo<br \/>\nNo campo e na cidade<br \/>\nPor direitos e democracia<br \/>\nA luta \u00e9 todo dia<br \/>\nPor direitos e democracia<br \/>\nA luta \u00e9 todo dia&#8221;<\/p>\n","protected":false},"excerpt":{"rendered":"<p>Chegou mais um Setembro, m\u00eas em que se comemora a independ\u00eancia do Brasil. E neste, convoco todos ao Grito dos Exclu\u00eddos, a grande marcha que nos une por DIREITOS E DEMOCRACIA. Duvido que a maioria n\u00e3o se sinta exclu\u00edda das decis\u00f5es pol\u00edticas tomadas por este governo golpista. Duvido que a maioria n\u00e3o desconfie que a&#8230;<a class=\"more-link\" href=\"http:\/\/blogdalucianaoliveira.com.br\/blog\/2017\/09\/01\/nao-custa-inventar-uma-nova-cancao-que-venha-nos-trazer-sol-de-primavera\/\">Continue a leitura <span class=\"meta-nav\">&raquo;<\/span><\/a><\/p>\n","protected":false},"author":1,"featured_media":0,"comment_status":"closed","ping_status":"open","sticky":false,"template":"","format":"standard","meta":{"_exactmetrics_skip_tracking":false,"_exactmetrics_sitenote_active":false,"_exactmetrics_sitenote_note":"","_exactmetrics_sitenote_category":0,"jetpack_post_was_ever_published":false,"_jetpack_newsletter_access":"","_jetpack_dont_email_post_to_subs":false,"_jetpack_newsletter_tier_id":0,"_jetpack_memberships_contains_paywalled_content":false,"_jetpack_memberships_contains_paid_content":false,"footnotes":"","jetpack_publicize_message":"","jetpack_publicize_feature_enabled":true,"jetpack_social_post_already_shared":true,"jetpack_social_options":{"image_generator_settings":{"template":"highway","enabled":false},"version":2}},"categories":[1],"tags":[],"class_list":["post-13363","post","type-post","status-publish","format-standard","hentry","category-notas"],"jetpack_publicize_connections":[],"jetpack_sharing_enabled":true,"jetpack_featured_media_url":"","jetpack_shortlink":"https:\/\/wp.me\/p7wKYW-3tx","jetpack-related-posts":[],"_links":{"self":[{"href":"http:\/\/blogdalucianaoliveira.com.br\/blog\/wp-json\/wp\/v2\/posts\/13363","targetHints":{"allow":["GET"]}}],"collection":[{"href":"http:\/\/blogdalucianaoliveira.com.br\/blog\/wp-json\/wp\/v2\/posts"}],"about":[{"href":"http:\/\/blogdalucianaoliveira.com.br\/blog\/wp-json\/wp\/v2\/types\/post"}],"author":[{"embeddable":true,"href":"http:\/\/blogdalucianaoliveira.com.br\/blog\/wp-json\/wp\/v2\/users\/1"}],"replies":[{"embeddable":true,"href":"http:\/\/blogdalucianaoliveira.com.br\/blog\/wp-json\/wp\/v2\/comments?post=13363"}],"version-history":[{"count":3,"href":"http:\/\/blogdalucianaoliveira.com.br\/blog\/wp-json\/wp\/v2\/posts\/13363\/revisions"}],"predecessor-version":[{"id":13368,"href":"http:\/\/blogdalucianaoliveira.com.br\/blog\/wp-json\/wp\/v2\/posts\/13363\/revisions\/13368"}],"wp:attachment":[{"href":"http:\/\/blogdalucianaoliveira.com.br\/blog\/wp-json\/wp\/v2\/media?parent=13363"}],"wp:term":[{"taxonomy":"category","embeddable":true,"href":"http:\/\/blogdalucianaoliveira.com.br\/blog\/wp-json\/wp\/v2\/categories?post=13363"},{"taxonomy":"post_tag","embeddable":true,"href":"http:\/\/blogdalucianaoliveira.com.br\/blog\/wp-json\/wp\/v2\/tags?post=13363"}],"curies":[{"name":"wp","href":"https:\/\/api.w.org\/{rel}","templated":true}]}}