{"id":13369,"date":"2017-09-01T09:54:39","date_gmt":"2017-09-01T13:54:39","guid":{"rendered":"http:\/\/blogdalucianaoliveira.com.br\/blog\/?p=13369"},"modified":"2017-09-01T09:54:39","modified_gmt":"2017-09-01T13:54:39","slug":"ibge-anuncia-estagnacao-de-temer-pib-de-02","status":"publish","type":"post","link":"http:\/\/blogdalucianaoliveira.com.br\/blog\/2017\/09\/01\/ibge-anuncia-estagnacao-de-temer-pib-de-02\/","title":{"rendered":"IBGE ANUNCIA ESTAGNA\u00c7\u00c3O DE TEMER: PIB DE 0,2%"},"content":{"rendered":"<p><img data-recalc-dims=\"1\" loading=\"lazy\" decoding=\"async\" data-attachment-id=\"13370\" data-permalink=\"http:\/\/blogdalucianaoliveira.com.br\/blog\/2017\/09\/01\/ibge-anuncia-estagnacao-de-temer-pib-de-02\/esta\/\" data-orig-file=\"https:\/\/i0.wp.com\/blogdalucianaoliveira.com.br\/blog\/wp-content\/uploads\/2017\/09\/esta.jpg?fit=1000%2C357\" data-orig-size=\"1000,357\" data-comments-opened=\"0\" data-image-meta=\"{&quot;aperture&quot;:&quot;0&quot;,&quot;credit&quot;:&quot;&quot;,&quot;camera&quot;:&quot;&quot;,&quot;caption&quot;:&quot;&quot;,&quot;created_timestamp&quot;:&quot;0&quot;,&quot;copyright&quot;:&quot;&quot;,&quot;focal_length&quot;:&quot;0&quot;,&quot;iso&quot;:&quot;0&quot;,&quot;shutter_speed&quot;:&quot;0&quot;,&quot;title&quot;:&quot;&quot;,&quot;orientation&quot;:&quot;0&quot;}\" data-image-title=\"esta\" data-image-description=\"\" data-image-caption=\"\" data-medium-file=\"https:\/\/i0.wp.com\/blogdalucianaoliveira.com.br\/blog\/wp-content\/uploads\/2017\/09\/esta.jpg?fit=300%2C107\" data-large-file=\"https:\/\/i0.wp.com\/blogdalucianaoliveira.com.br\/blog\/wp-content\/uploads\/2017\/09\/esta.jpg?fit=600%2C214\" src=\"https:\/\/i0.wp.com\/blogdalucianaoliveira.com.br\/blog\/wp-content\/uploads\/2017\/09\/esta.jpg?resize=600%2C214\" alt=\"esta\" width=\"600\" height=\"214\" class=\"alignnone size-full wp-image-13370\" srcset=\"https:\/\/i0.wp.com\/blogdalucianaoliveira.com.br\/blog\/wp-content\/uploads\/2017\/09\/esta.jpg?w=1000 1000w, https:\/\/i0.wp.com\/blogdalucianaoliveira.com.br\/blog\/wp-content\/uploads\/2017\/09\/esta.jpg?resize=300%2C107 300w, https:\/\/i0.wp.com\/blogdalucianaoliveira.com.br\/blog\/wp-content\/uploads\/2017\/09\/esta.jpg?resize=768%2C274 768w, https:\/\/i0.wp.com\/blogdalucianaoliveira.com.br\/blog\/wp-content\/uploads\/2017\/09\/esta.jpg?resize=800%2C286 800w\" sizes=\"auto, (max-width: 600px) 100vw, 600px\" \/><\/p>\n<p>No 247, da Ag\u00eancia Brasil &#8211; O Produto Interno Bruto (PIB), a soma de todas as riquezas produzidas no pa\u00eds, fechou o segundo trimestre do ano com alta de 0,2% na compara\u00e7\u00e3o com primeiro trimestre, na s\u00e9rie ajustada sazonalmente. Na compara\u00e7\u00e3o com o segundo trimestre de 2016, a varia\u00e7\u00e3o do PIB foi de 0,3%.<!--more--><\/p>\n<p>Os dados fazem parte de pesquisa divulgada hoje, no Rio de Janeiro, pelo Instituto Brasileiro de Geografia e Estat\u00edstica (IBGE). Com o resultado, o PIB acumulado nos quatro \u00faltimos trimestres continua negativo em 1,4% em rela\u00e7\u00e3o aos quatro trimestres imediatamente anteriores.<\/p>\n<p>Com o resultado do segundo trimestre, o PIB fecha os primeiros seis meses do ano com &#8220;varia\u00e7\u00e3o nula&#8221; em rela\u00e7\u00e3o ao primeiro semestre de 2016. Em valores correntes, o PIB no segundo trimestre de 2017 alcan\u00e7ou R$ 1,639 trilh\u00e3o.<\/p>\n","protected":false},"excerpt":{"rendered":"<p>No 247, da Ag\u00eancia Brasil &#8211; O Produto Interno Bruto (PIB), a soma de todas as riquezas produzidas no pa\u00eds, fechou o segundo trimestre do ano com alta de 0,2% na compara\u00e7\u00e3o com primeiro trimestre, na s\u00e9rie ajustada sazonalmente. Na compara\u00e7\u00e3o com o segundo trimestre de 2016, a varia\u00e7\u00e3o do PIB foi de 0,3%.<\/p>\n","protected":false},"author":1,"featured_media":0,"comment_status":"closed","ping_status":"open","sticky":false,"template":"","format":"standard","meta":{"_exactmetrics_skip_tracking":false,"_exactmetrics_sitenote_active":false,"_exactmetrics_sitenote_note":"","_exactmetrics_sitenote_category":0,"jetpack_post_was_ever_published":false,"_jetpack_newsletter_access":"","_jetpack_dont_email_post_to_subs":false,"_jetpack_newsletter_tier_id":0,"_jetpack_memberships_contains_paywalled_content":false,"_jetpack_memberships_contains_paid_content":false,"footnotes":"","jetpack_publicize_message":"","jetpack_publicize_feature_enabled":true,"jetpack_social_post_already_shared":true,"jetpack_social_options":{"image_generator_settings":{"template":"highway","enabled":false},"version":2}},"categories":[1],"tags":[],"class_list":["post-13369","post","type-post","status-publish","format-standard","hentry","category-notas"],"jetpack_publicize_connections":[],"jetpack_sharing_enabled":true,"jetpack_featured_media_url":"","jetpack_shortlink":"https:\/\/wp.me\/p7wKYW-3tD","jetpack-related-posts":[],"_links":{"self":[{"href":"http:\/\/blogdalucianaoliveira.com.br\/blog\/wp-json\/wp\/v2\/posts\/13369","targetHints":{"allow":["GET"]}}],"collection":[{"href":"http:\/\/blogdalucianaoliveira.com.br\/blog\/wp-json\/wp\/v2\/posts"}],"about":[{"href":"http:\/\/blogdalucianaoliveira.com.br\/blog\/wp-json\/wp\/v2\/types\/post"}],"author":[{"embeddable":true,"href":"http:\/\/blogdalucianaoliveira.com.br\/blog\/wp-json\/wp\/v2\/users\/1"}],"replies":[{"embeddable":true,"href":"http:\/\/blogdalucianaoliveira.com.br\/blog\/wp-json\/wp\/v2\/comments?post=13369"}],"version-history":[{"count":1,"href":"http:\/\/blogdalucianaoliveira.com.br\/blog\/wp-json\/wp\/v2\/posts\/13369\/revisions"}],"predecessor-version":[{"id":13371,"href":"http:\/\/blogdalucianaoliveira.com.br\/blog\/wp-json\/wp\/v2\/posts\/13369\/revisions\/13371"}],"wp:attachment":[{"href":"http:\/\/blogdalucianaoliveira.com.br\/blog\/wp-json\/wp\/v2\/media?parent=13369"}],"wp:term":[{"taxonomy":"category","embeddable":true,"href":"http:\/\/blogdalucianaoliveira.com.br\/blog\/wp-json\/wp\/v2\/categories?post=13369"},{"taxonomy":"post_tag","embeddable":true,"href":"http:\/\/blogdalucianaoliveira.com.br\/blog\/wp-json\/wp\/v2\/tags?post=13369"}],"curies":[{"name":"wp","href":"https:\/\/api.w.org\/{rel}","templated":true}]}}