{"id":13372,"date":"2017-09-01T09:57:36","date_gmt":"2017-09-01T13:57:36","guid":{"rendered":"http:\/\/blogdalucianaoliveira.com.br\/blog\/?p=13372"},"modified":"2017-09-01T09:58:11","modified_gmt":"2017-09-01T13:58:11","slug":"um-ano-apos-o-golpe-jornalistas-da-ebc-denunciam-desmonte-da-comunicacao-publica","status":"publish","type":"post","link":"http:\/\/blogdalucianaoliveira.com.br\/blog\/2017\/09\/01\/um-ano-apos-o-golpe-jornalistas-da-ebc-denunciam-desmonte-da-comunicacao-publica\/","title":{"rendered":"Um ano ap\u00f3s o golpe, jornalistas da EBC denunciam desmonte da comunica\u00e7\u00e3o p\u00fablica"},"content":{"rendered":"<p><img data-recalc-dims=\"1\" loading=\"lazy\" decoding=\"async\" data-attachment-id=\"13373\" data-permalink=\"http:\/\/blogdalucianaoliveira.com.br\/blog\/2017\/09\/01\/um-ano-apos-o-golpe-jornalistas-da-ebc-denunciam-desmonte-da-comunicacao-publica\/ebc-2\/\" data-orig-file=\"https:\/\/i0.wp.com\/blogdalucianaoliveira.com.br\/blog\/wp-content\/uploads\/2017\/09\/ebc.jpg?fit=640%2C416\" data-orig-size=\"640,416\" data-comments-opened=\"0\" data-image-meta=\"{&quot;aperture&quot;:&quot;0&quot;,&quot;credit&quot;:&quot;&quot;,&quot;camera&quot;:&quot;&quot;,&quot;caption&quot;:&quot;&quot;,&quot;created_timestamp&quot;:&quot;0&quot;,&quot;copyright&quot;:&quot;&quot;,&quot;focal_length&quot;:&quot;0&quot;,&quot;iso&quot;:&quot;0&quot;,&quot;shutter_speed&quot;:&quot;0&quot;,&quot;title&quot;:&quot;&quot;,&quot;orientation&quot;:&quot;0&quot;}\" data-image-title=\"ebc\" data-image-description=\"\" data-image-caption=\"\" data-medium-file=\"https:\/\/i0.wp.com\/blogdalucianaoliveira.com.br\/blog\/wp-content\/uploads\/2017\/09\/ebc.jpg?fit=300%2C195\" data-large-file=\"https:\/\/i0.wp.com\/blogdalucianaoliveira.com.br\/blog\/wp-content\/uploads\/2017\/09\/ebc.jpg?fit=600%2C390\" src=\"https:\/\/i0.wp.com\/blogdalucianaoliveira.com.br\/blog\/wp-content\/uploads\/2017\/09\/ebc.jpg?resize=600%2C390\" alt=\"ebc\" width=\"600\" height=\"390\" class=\"alignnone size-full wp-image-13373\" srcset=\"https:\/\/i0.wp.com\/blogdalucianaoliveira.com.br\/blog\/wp-content\/uploads\/2017\/09\/ebc.jpg?w=640 640w, https:\/\/i0.wp.com\/blogdalucianaoliveira.com.br\/blog\/wp-content\/uploads\/2017\/09\/ebc.jpg?resize=300%2C195 300w, https:\/\/i0.wp.com\/blogdalucianaoliveira.com.br\/blog\/wp-content\/uploads\/2017\/09\/ebc.jpg?resize=462%2C300 462w\" sizes=\"auto, (max-width: 600px) 100vw, 600px\" \/><\/p>\n<p>No Brasil de Fato | Bras\u00edlia (DF, por Cristiane Sampaio &#8211;  Em nota divulgada nesta sexta, conselheiros apontam \u201cexcesso de governismo\u201d na Empresa Brasileira de Comunica\u00e7\u00e3o.<!--more--><\/p>\n<p>Os membros do extinto Conselho Curador da Empresa Brasil de Comunica\u00e7\u00e3o (EBC) lan\u00e7aram uma nota denunciando os impactos da Medida Provis\u00f3ria (MP) 744, que alterou a estrutura da empresa. Publicada pelo governo golpista de Michel Temer (PMDB) no ano passado, a MP completa um ano hoje e ainda \u00e9 motivo de pol\u00eamica entre governistas, funcion\u00e1rios da EBC, comunicadores e outros especialistas.<\/p>\n<p>A \u00faltima presidenta do conselho, Rita Freire, diz que a empresa abandonou o modelo de comunica\u00e7\u00e3o p\u00fablica, que se pauta no interesse social e coletivo. \u201cO que est\u00e1 acontecendo com a EBC hoje, al\u00e9m do desmonte de v\u00e1rios setores, \u00e9 servir ao governo federal como uma linha da transmiss\u00e3o dos seus interesses\u201d, disse Freire, em entrevista ao Brasil de Fato. <\/p>\n<p>Segundo ela, a extin\u00e7\u00e3o do Conselho significou o fim da livre participa\u00e7\u00e3o da sociedade na empresa porque os membros do colegiado eram representantes de v\u00e1rios segmentos populares. Eles exerciam o controle social sobre a programa\u00e7\u00e3o e o conte\u00fado produzido pelos ve\u00edculos da EBC.<\/p>\n<p>Na nota divulgada nesta sexta-feira (1\u00ba), os conselheiros denunciam, entre outras coisas, a situa\u00e7\u00e3o em que se encontra a R\u00e1dio Nacional da Amaz\u00f4nia. O ve\u00edculo \u00e9 apontado como sendo fundamental para comunidades da regi\u00e3o Norte e est\u00e1 sem sinal desde mar\u00e7o deste ano. \u201cEssa r\u00e1dio \u00e9 importante at\u00e9 para uma comunidade informar outra sobre algum evento, algum acontecimento grave que ela esteja enfrentando, informa\u00e7\u00f5es do cotidiano. Ela n\u00e3o tem outro meio de fazer essa comunica\u00e7\u00e3o. O Conselho Curador jamais permitiria isso\u201d, afirma a presidenta cassada. <\/p>\n<p>Al\u00e9m da extin\u00e7\u00e3o do colegiado, a nota divulgada pelos conselheiros critica as outras mudan\u00e7as trazidas pela MP. Uma delas foi a transfer\u00eancia da EBC para as responsabilidades da Casa Civil, que trata das articula\u00e7\u00f5es pol\u00edticas do governo. Outra cr\u00edtica recai sobre o fim do mandato do diretor-presidente da empresa Ricardo Melo. Nomeado por Dilma Rousseff, ele foi exonerado por Michel Temer em 2016. Em seu lugar, o governo nomeou definitivamente o jornalista Laerte Rimoli.<\/p>\n<p>Antes, o mandato s\u00f3 poderia ser interrompido pelo Conselho Curador ou pela pr\u00f3pria ren\u00fancia do diretor-presidente. Atualmente, com a MP, o ocupante do cargo pode ser trocado a qualquer momento, de acordo com os interesses do Pal\u00e1cio do Planalto. Para Ricardo Melo, que chegou a vencer uma batalha judicial no ano passado, antes de ser definitivamente deposto, a mudan\u00e7a atingiu diretamente o car\u00e1ter p\u00fablico da EBC: <\/p>\n<p>\u201cA independ\u00eancia da EBC, o que \u00e9 absolutamente indispens\u00e1vel  e fundamental quando se fala de uma comunica\u00e7\u00e3o realmente plural, aut\u00f4noma, apartid\u00e1ria e que n\u00e3o fique ligada aos des\u00edgnios governamentais \u2013 como ocorre, por exemplo, com a Voz do Brasil, que \u00e9 simplesmente uma reprodutora dos atos oficias \u2013, foi ferida de morte\u201d, analisa o ex-diretor. <\/p>\n<p>A nota dos conselheiros faz refer\u00eancia ainda a um \u201cexcesso de governismo\u201d na cobertura jornal\u00edstica da empresa. A cr\u00edtica tamb\u00e9m \u00e9 feita pela Comiss\u00e3o de Empregados da EBC.<\/p>\n<p>\u201cN\u00e3o se discute mais pauta, quais mat\u00e9rias s\u00e3o relevantes, quais os assuntos importantes, como detalhar os assuntos, como profundar certas coberturas. O que se tem feito, via de regra, \u00e9 o jornalismo oficialesco, que simplesmente d\u00e1 o que o governo fala \u2013 no caso, a Presid\u00eancia e os minist\u00e9rios \u2013 e a base aliada no Congresso. Tudo que foge disso tem tido muita dificuldade para ser trabalhado e para ser publicado\u201d, aponta o funcion\u00e1rio Ivan Richard, membro da Comiss\u00e3o. <\/p>\n<p>O problema tem sido exposto tamb\u00e9m pela Ouvidoria da EBC. O \u00f3rg\u00e3o tem criticado com frequ\u00eancia a falta de contraponto em reportagens e programas que abordam as propostas do atual governo.   <\/p>\n<p>Outro lado<\/p>\n<p>O Brasil de Fato procurou a assessoria de imprensa da EBC para tratar as cr\u00edticas apontadas pelas fontes ouvidas nesta reportagem, mas n\u00e3o obteve retorno at\u00e9 o fechamento da mat\u00e9ria. O espa\u00e7o continua aberto, caso a empresa queira se manifestar.  <\/p>\n<p>Edi\u00e7\u00e3o: Vanessa Martina Silva<\/p>\n","protected":false},"excerpt":{"rendered":"<p>No Brasil de Fato | Bras\u00edlia (DF, por Cristiane Sampaio &#8211; Em nota divulgada nesta sexta, conselheiros apontam \u201cexcesso de governismo\u201d na Empresa Brasileira de Comunica\u00e7\u00e3o.<\/p>\n","protected":false},"author":1,"featured_media":0,"comment_status":"closed","ping_status":"open","sticky":false,"template":"","format":"standard","meta":{"_exactmetrics_skip_tracking":false,"_exactmetrics_sitenote_active":false,"_exactmetrics_sitenote_note":"","_exactmetrics_sitenote_category":0,"jetpack_post_was_ever_published":false,"_jetpack_newsletter_access":"","_jetpack_dont_email_post_to_subs":false,"_jetpack_newsletter_tier_id":0,"_jetpack_memberships_contains_paywalled_content":false,"_jetpack_memberships_contains_paid_content":false,"footnotes":"","jetpack_publicize_message":"","jetpack_publicize_feature_enabled":true,"jetpack_social_post_already_shared":true,"jetpack_social_options":{"image_generator_settings":{"template":"highway","enabled":false},"version":2}},"categories":[1],"tags":[331,332],"class_list":["post-13372","post","type-post","status-publish","format-standard","hentry","category-notas","tag-ebc","tag-nota"],"jetpack_publicize_connections":[],"jetpack_sharing_enabled":true,"jetpack_featured_media_url":"","jetpack_shortlink":"https:\/\/wp.me\/p7wKYW-3tG","jetpack-related-posts":[],"_links":{"self":[{"href":"http:\/\/blogdalucianaoliveira.com.br\/blog\/wp-json\/wp\/v2\/posts\/13372","targetHints":{"allow":["GET"]}}],"collection":[{"href":"http:\/\/blogdalucianaoliveira.com.br\/blog\/wp-json\/wp\/v2\/posts"}],"about":[{"href":"http:\/\/blogdalucianaoliveira.com.br\/blog\/wp-json\/wp\/v2\/types\/post"}],"author":[{"embeddable":true,"href":"http:\/\/blogdalucianaoliveira.com.br\/blog\/wp-json\/wp\/v2\/users\/1"}],"replies":[{"embeddable":true,"href":"http:\/\/blogdalucianaoliveira.com.br\/blog\/wp-json\/wp\/v2\/comments?post=13372"}],"version-history":[{"count":1,"href":"http:\/\/blogdalucianaoliveira.com.br\/blog\/wp-json\/wp\/v2\/posts\/13372\/revisions"}],"predecessor-version":[{"id":13374,"href":"http:\/\/blogdalucianaoliveira.com.br\/blog\/wp-json\/wp\/v2\/posts\/13372\/revisions\/13374"}],"wp:attachment":[{"href":"http:\/\/blogdalucianaoliveira.com.br\/blog\/wp-json\/wp\/v2\/media?parent=13372"}],"wp:term":[{"taxonomy":"category","embeddable":true,"href":"http:\/\/blogdalucianaoliveira.com.br\/blog\/wp-json\/wp\/v2\/categories?post=13372"},{"taxonomy":"post_tag","embeddable":true,"href":"http:\/\/blogdalucianaoliveira.com.br\/blog\/wp-json\/wp\/v2\/tags?post=13372"}],"curies":[{"name":"wp","href":"https:\/\/api.w.org\/{rel}","templated":true}]}}