{"id":13380,"date":"2017-09-01T14:04:08","date_gmt":"2017-09-01T18:04:08","guid":{"rendered":"http:\/\/blogdalucianaoliveira.com.br\/blog\/?p=13380"},"modified":"2017-09-01T14:04:08","modified_gmt":"2017-09-01T18:04:08","slug":"sobre-julgamento-superficial-e-reacao-desproporcional","status":"publish","type":"post","link":"http:\/\/blogdalucianaoliveira.com.br\/blog\/2017\/09\/01\/sobre-julgamento-superficial-e-reacao-desproporcional\/","title":{"rendered":"Sobre julgamento superficial e rea\u00e7\u00e3o desproporcional"},"content":{"rendered":"<p><img data-recalc-dims=\"1\" loading=\"lazy\" decoding=\"async\" data-attachment-id=\"13381\" data-permalink=\"http:\/\/blogdalucianaoliveira.com.br\/blog\/2017\/09\/01\/sobre-julgamento-superficial-e-reacao-desproporcional\/img_4287\/\" data-orig-file=\"https:\/\/i0.wp.com\/blogdalucianaoliveira.com.br\/blog\/wp-content\/uploads\/2017\/09\/IMG_4287.jpg?fit=478%2C308\" data-orig-size=\"478,308\" data-comments-opened=\"0\" data-image-meta=\"{&quot;aperture&quot;:&quot;0&quot;,&quot;credit&quot;:&quot;&quot;,&quot;camera&quot;:&quot;&quot;,&quot;caption&quot;:&quot;&quot;,&quot;created_timestamp&quot;:&quot;0&quot;,&quot;copyright&quot;:&quot;&quot;,&quot;focal_length&quot;:&quot;0&quot;,&quot;iso&quot;:&quot;0&quot;,&quot;shutter_speed&quot;:&quot;0&quot;,&quot;title&quot;:&quot;&quot;,&quot;orientation&quot;:&quot;0&quot;}\" data-image-title=\"IMG_4287\" data-image-description=\"\" data-image-caption=\"\" data-medium-file=\"https:\/\/i0.wp.com\/blogdalucianaoliveira.com.br\/blog\/wp-content\/uploads\/2017\/09\/IMG_4287.jpg?fit=300%2C193\" data-large-file=\"https:\/\/i0.wp.com\/blogdalucianaoliveira.com.br\/blog\/wp-content\/uploads\/2017\/09\/IMG_4287.jpg?fit=478%2C308\" src=\"https:\/\/i0.wp.com\/blogdalucianaoliveira.com.br\/blog\/wp-content\/uploads\/2017\/09\/IMG_4287.jpg?resize=478%2C308\" alt=\"IMG_4287\" width=\"478\" height=\"308\" class=\"alignnone size-full wp-image-13381\" srcset=\"https:\/\/i0.wp.com\/blogdalucianaoliveira.com.br\/blog\/wp-content\/uploads\/2017\/09\/IMG_4287.jpg?w=478 478w, https:\/\/i0.wp.com\/blogdalucianaoliveira.com.br\/blog\/wp-content\/uploads\/2017\/09\/IMG_4287.jpg?resize=300%2C193 300w, https:\/\/i0.wp.com\/blogdalucianaoliveira.com.br\/blog\/wp-content\/uploads\/2017\/09\/IMG_4287.jpg?resize=466%2C300 466w\" sizes=\"auto, (max-width: 478px) 100vw, 478px\" \/><\/p>\n<p>A pris\u00e3o pra mim continua sendo medida excepcional. O que me chocou no caso do concupiscente do coletivo, foi a fundamenta\u00e7\u00e3o do juiz pra relaxar sua pris\u00e3o. <!--more--><\/p>\n<p>O mundo est\u00e1 cheio de portadores de parafilias que precisam de tratamento psiqui\u00e1trico, como estupradores. A pris\u00e3o, por si s\u00f3, nem \u00e9 justa, nem eficaz.<br \/>\nAqui, vejo v\u00e1rios tipos diariamente como que ejaculando discursos s\u00e1dicos. N\u00e3o s\u00e3o repreendidos e quando s\u00e3o, recebem solidariedade. <\/p>\n<p>Cabe um debate imenso sob v\u00e1rios aspectos da conduta do indiciado e da decis\u00e3o, o que an\u00e1lises superficiais n\u00e3o contemplam. <\/p>\n<p>O que me causa espanto \u00e9 o juiz justificar sua soltura de forma t\u00e3o simpl\u00f3ria, potencializando a banalidade do mal. Deixou d\u00favidas sobre a conduta e a medida adequada pra reprimi-la. <\/p>\n<p>Igualmente chocante \u00e9 a sociedade n\u00e3o se indignar com a decis\u00e3o superficial do juiz, tanto quanto demonstrou com ovadas em protesto. A sociedade precisa debater intensamente decis\u00f5es judiciais, n\u00e3o se curvar \u00e0 fundamenta\u00e7\u00f5es superficiais. <\/p>\n<p>N\u00e3o tem sido assim, mas com medida 8 ou 80 no tribunal virtual. <\/p>\n<p>Talvez nem entendam o que quero dizer.<\/p>\n","protected":false},"excerpt":{"rendered":"<p>A pris\u00e3o pra mim continua sendo medida excepcional. O que me chocou no caso do concupiscente do coletivo, foi a fundamenta\u00e7\u00e3o do juiz pra relaxar sua pris\u00e3o.<\/p>\n","protected":false},"author":1,"featured_media":0,"comment_status":"closed","ping_status":"open","sticky":false,"template":"","format":"standard","meta":{"_exactmetrics_skip_tracking":false,"_exactmetrics_sitenote_active":false,"_exactmetrics_sitenote_note":"","_exactmetrics_sitenote_category":0,"jetpack_post_was_ever_published":false,"_jetpack_newsletter_access":"","_jetpack_dont_email_post_to_subs":false,"_jetpack_newsletter_tier_id":0,"_jetpack_memberships_contains_paywalled_content":false,"_jetpack_memberships_contains_paid_content":false,"footnotes":"","jetpack_publicize_message":"","jetpack_publicize_feature_enabled":true,"jetpack_social_post_already_shared":true,"jetpack_social_options":{"image_generator_settings":{"template":"highway","enabled":false},"version":2}},"categories":[1],"tags":[],"class_list":["post-13380","post","type-post","status-publish","format-standard","hentry","category-notas"],"jetpack_publicize_connections":[],"jetpack_sharing_enabled":true,"jetpack_featured_media_url":"","jetpack_shortlink":"https:\/\/wp.me\/p7wKYW-3tO","jetpack-related-posts":[],"_links":{"self":[{"href":"http:\/\/blogdalucianaoliveira.com.br\/blog\/wp-json\/wp\/v2\/posts\/13380","targetHints":{"allow":["GET"]}}],"collection":[{"href":"http:\/\/blogdalucianaoliveira.com.br\/blog\/wp-json\/wp\/v2\/posts"}],"about":[{"href":"http:\/\/blogdalucianaoliveira.com.br\/blog\/wp-json\/wp\/v2\/types\/post"}],"author":[{"embeddable":true,"href":"http:\/\/blogdalucianaoliveira.com.br\/blog\/wp-json\/wp\/v2\/users\/1"}],"replies":[{"embeddable":true,"href":"http:\/\/blogdalucianaoliveira.com.br\/blog\/wp-json\/wp\/v2\/comments?post=13380"}],"version-history":[{"count":1,"href":"http:\/\/blogdalucianaoliveira.com.br\/blog\/wp-json\/wp\/v2\/posts\/13380\/revisions"}],"predecessor-version":[{"id":13382,"href":"http:\/\/blogdalucianaoliveira.com.br\/blog\/wp-json\/wp\/v2\/posts\/13380\/revisions\/13382"}],"wp:attachment":[{"href":"http:\/\/blogdalucianaoliveira.com.br\/blog\/wp-json\/wp\/v2\/media?parent=13380"}],"wp:term":[{"taxonomy":"category","embeddable":true,"href":"http:\/\/blogdalucianaoliveira.com.br\/blog\/wp-json\/wp\/v2\/categories?post=13380"},{"taxonomy":"post_tag","embeddable":true,"href":"http:\/\/blogdalucianaoliveira.com.br\/blog\/wp-json\/wp\/v2\/tags?post=13380"}],"curies":[{"name":"wp","href":"https:\/\/api.w.org\/{rel}","templated":true}]}}