{"id":1339,"date":"2016-05-30T14:05:41","date_gmt":"2016-05-30T18:05:41","guid":{"rendered":"http:\/\/blogdalucianaoliveira.com.br\/blog\/?p=1339"},"modified":"2016-05-30T16:37:19","modified_gmt":"2016-05-30T20:37:19","slug":"quem-tem-duvidas-sobre-o-estupro-coletivo-e-incapaz-de-pensar-banaliza-o-mal","status":"publish","type":"post","link":"http:\/\/blogdalucianaoliveira.com.br\/blog\/2016\/05\/30\/quem-tem-duvidas-sobre-o-estupro-coletivo-e-incapaz-de-pensar-banaliza-o-mal\/","title":{"rendered":"Quem tem d\u00favidas sobre o estupro coletivo \u00e9 incapaz de pensar, banaliza o mal"},"content":{"rendered":"<p> <img data-recalc-dims=\"1\" loading=\"lazy\" decoding=\"async\" data-attachment-id=\"1343\" data-permalink=\"http:\/\/blogdalucianaoliveira.com.br\/blog\/2016\/05\/30\/quem-tem-duvidas-sobre-o-estupro-coletivo-e-incapaz-de-pensar-banaliza-o-mal\/arendt-2\/\" data-orig-file=\"https:\/\/i0.wp.com\/blogdalucianaoliveira.com.br\/blog\/wp-content\/uploads\/2016\/05\/arendt-1.jpg?fit=361%2C288\" data-orig-size=\"361,288\" data-comments-opened=\"0\" data-image-meta=\"{&quot;aperture&quot;:&quot;0&quot;,&quot;credit&quot;:&quot;&quot;,&quot;camera&quot;:&quot;&quot;,&quot;caption&quot;:&quot;&quot;,&quot;created_timestamp&quot;:&quot;0&quot;,&quot;copyright&quot;:&quot;&quot;,&quot;focal_length&quot;:&quot;0&quot;,&quot;iso&quot;:&quot;0&quot;,&quot;shutter_speed&quot;:&quot;0&quot;,&quot;title&quot;:&quot;&quot;,&quot;orientation&quot;:&quot;0&quot;}\" data-image-title=\"arendt\" data-image-description=\"\" data-image-caption=\"\" data-medium-file=\"https:\/\/i0.wp.com\/blogdalucianaoliveira.com.br\/blog\/wp-content\/uploads\/2016\/05\/arendt-1.jpg?fit=300%2C239\" data-large-file=\"https:\/\/i0.wp.com\/blogdalucianaoliveira.com.br\/blog\/wp-content\/uploads\/2016\/05\/arendt-1.jpg?fit=361%2C288\" src=\"https:\/\/i0.wp.com\/blogdalucianaoliveira.com.br\/blog\/wp-content\/uploads\/2016\/05\/arendt-1.jpg?resize=361%2C288\" alt=\"arendt\" width=\"361\" height=\"288\" class=\"alignnone size-full wp-image-1343\" srcset=\"https:\/\/i0.wp.com\/blogdalucianaoliveira.com.br\/blog\/wp-content\/uploads\/2016\/05\/arendt-1.jpg?w=361 361w, https:\/\/i0.wp.com\/blogdalucianaoliveira.com.br\/blog\/wp-content\/uploads\/2016\/05\/arendt-1.jpg?resize=300%2C239 300w\" sizes=\"auto, (max-width: 361px) 100vw, 361px\" \/><\/p>\n<p>A manchete do jornal anuncia: \u201cLaudo sobre estupro coletivo pode contrariar senso comum\u201d. Nas redes sociais o senso comum inclui a d\u00favida sobre se a menor foi estuprada ou consentiu que mais de 30 homens praticassem sexo com ela desacordada.<!--more--><\/p>\n<p>Num debate sobre o caso no WhatsApp em grupo restrito a servidores da UNIR, um professor compartilha fotos que seriam da garota segurando uma arma, em flagrante tentativa de mostrar que a v\u00edtima colaborou com a circunst\u00e2ncia do crime.<br \/>\nNo Facebook, uma advogada compartilha um banner com os dizeres: \u201cFalou em cultura do estupro, j\u00e1 sei que \u00e9 retardada\u201d e se despede com \u201cpor isso, voto em Bolsonaro\u201d.<\/p>\n<p>O que isso revela sen\u00e3o a mensagem oculta no filme de Margarethe von Trotta que demonstra que o mal pode assumir faces \u201cnormais\u201d e que seria indissoci\u00e1vel de um cen\u00e1rio de democracia ut\u00f3pica?<\/p>\n<p>Quantos Adolf Eichmann circulam no ambiente real e virtual que expressam um assustador relativismo do bem e do mal?<br \/>\nA an\u00e1lise que a fil\u00f3sofa Hannah Arendt fez sobre o julgamento do nazista para o jornal New Yorker, serviu como pano de fundo para o filme e se mostra atual\u00edssima para compreendermos porque h\u00e1 pessoas aparentemente \u2018normais\u2019 se contorcendo pra associar a conduta da v\u00edtima \u00e0 circunst\u00e2ncia determinante \u00e0 barb\u00e1rie.<\/p>\n<p>O mal n\u00e3o se restringe aos criminosos, mas se agiganta e perpetua pelos que se dizem \u2018normais\u2019 e banalizam casos como o do estupro coletivo. \u00c9 o relativismo desses \u2018normais\u2019 que cria um sistema que permite que a viol\u00eancia tome uma propor\u00e7\u00e3o ainda mais grave.<\/p>\n<p>Quando Hannah ponderou que Eichmman n\u00e3o era um psicopata, mas um \u201cburocrata preocupado em cumprir as ordens, para quem as ordens substitu\u00edam a reflex\u00e3o, qualquer pensamento que n\u00e3o fosse o de bem cumprir as ordens\u201d, foi duramente criticada, sobretudo pela comunidade judaica, a qual pertencia.<\/p>\n<p>O que ela quis real\u00e7ar \u00e9 que pessoas \u2018normais\u2019, sem caracter\u00edsticas de psicopatas, podem banalizar crimes b\u00e1rbaros seja por alegar cumprimento do dever, ou simplesmente por buscar qualquer argumento que os justifique.<br \/>\n\u00c9 onde se encaixam os professores universit\u00e1rios e a advogada que tratam como habitual, um crime que deveria ser apenas inaceit\u00e1vel por senso comum.<\/p>\n<p>A v\u00edtima \u00e9 menor e aparece no v\u00eddeo divulgado na internet dopada, com v\u00e1rios homens lhe abusando sexualmente. Isso n\u00e3o basta para compreender que nada justifica que um bando fa\u00e7a sexo com ela e propague as cenas, com ou sem consentimento?<br \/>\nSe a menor estivesse l\u00facida, as cenas de sexo grupal seriam vistas s\u00f3 como uma conduta prom\u00edscua dela?<\/p>\n<p>Bom, em um dos cinco artigos que Hannah escreveu sobre o julgamento de Eichmman, h\u00e1 um trecho em que ela destaca que o perfil do nazista \u201cfigurava-se como algo totalmente negativo: n\u00e3o se tratava de estupidez, mas de uma curiosa e bastante aut\u00eantica incapacidade de pensar.<\/p>\n<p>Quem banaliza o crime estupro \u00e9 igualmente mal, ainda que seja s\u00f3 pela incapacidade de pensar.<\/p>\n","protected":false},"excerpt":{"rendered":"<p>A manchete do jornal anuncia: \u201cLaudo sobre estupro coletivo pode contrariar senso comum\u201d. Nas redes sociais o senso comum inclui a d\u00favida sobre se a menor foi estuprada ou consentiu que mais de 30 homens praticassem sexo com ela desacordada.<\/p>\n","protected":false},"author":1,"featured_media":0,"comment_status":"closed","ping_status":"open","sticky":false,"template":"","format":"standard","meta":{"_exactmetrics_skip_tracking":false,"_exactmetrics_sitenote_active":false,"_exactmetrics_sitenote_note":"","_exactmetrics_sitenote_category":0,"jetpack_post_was_ever_published":false,"_jetpack_newsletter_access":"","_jetpack_dont_email_post_to_subs":false,"_jetpack_newsletter_tier_id":0,"_jetpack_memberships_contains_paywalled_content":false,"_jetpack_memberships_contains_paid_content":false,"footnotes":"","jetpack_publicize_message":"","jetpack_publicize_feature_enabled":true,"jetpack_social_post_already_shared":true,"jetpack_social_options":{"image_generator_settings":{"template":"highway","enabled":false},"version":2}},"categories":[1],"tags":[88,87,34],"class_list":["post-1339","post","type-post","status-publish","format-standard","hentry","category-notas","tag-banalizacao","tag-estupro","tag-violencia"],"jetpack_publicize_connections":[],"jetpack_sharing_enabled":true,"jetpack_featured_media_url":"","jetpack_shortlink":"https:\/\/wp.me\/p7wKYW-lB","jetpack-related-posts":[],"_links":{"self":[{"href":"http:\/\/blogdalucianaoliveira.com.br\/blog\/wp-json\/wp\/v2\/posts\/1339","targetHints":{"allow":["GET"]}}],"collection":[{"href":"http:\/\/blogdalucianaoliveira.com.br\/blog\/wp-json\/wp\/v2\/posts"}],"about":[{"href":"http:\/\/blogdalucianaoliveira.com.br\/blog\/wp-json\/wp\/v2\/types\/post"}],"author":[{"embeddable":true,"href":"http:\/\/blogdalucianaoliveira.com.br\/blog\/wp-json\/wp\/v2\/users\/1"}],"replies":[{"embeddable":true,"href":"http:\/\/blogdalucianaoliveira.com.br\/blog\/wp-json\/wp\/v2\/comments?post=1339"}],"version-history":[{"count":5,"href":"http:\/\/blogdalucianaoliveira.com.br\/blog\/wp-json\/wp\/v2\/posts\/1339\/revisions"}],"predecessor-version":[{"id":1347,"href":"http:\/\/blogdalucianaoliveira.com.br\/blog\/wp-json\/wp\/v2\/posts\/1339\/revisions\/1347"}],"wp:attachment":[{"href":"http:\/\/blogdalucianaoliveira.com.br\/blog\/wp-json\/wp\/v2\/media?parent=1339"}],"wp:term":[{"taxonomy":"category","embeddable":true,"href":"http:\/\/blogdalucianaoliveira.com.br\/blog\/wp-json\/wp\/v2\/categories?post=1339"},{"taxonomy":"post_tag","embeddable":true,"href":"http:\/\/blogdalucianaoliveira.com.br\/blog\/wp-json\/wp\/v2\/tags?post=1339"}],"curies":[{"name":"wp","href":"https:\/\/api.w.org\/{rel}","templated":true}]}}