{"id":13401,"date":"2017-09-02T11:09:33","date_gmt":"2017-09-02T15:09:33","guid":{"rendered":"http:\/\/blogdalucianaoliveira.com.br\/blog\/?p=13401"},"modified":"2017-09-02T11:09:33","modified_gmt":"2017-09-02T15:09:33","slug":"fernando-morais-ninguem-juntou-tanto-ladrao-num-governo-como-o-temer","status":"publish","type":"post","link":"http:\/\/blogdalucianaoliveira.com.br\/blog\/2017\/09\/02\/fernando-morais-ninguem-juntou-tanto-ladrao-num-governo-como-o-temer\/","title":{"rendered":"FERNANDO MORAIS: NINGU\u00c9M JUNTOU TANTO LADR\u00c3O NUM GOVERNO COMO O TEMER"},"content":{"rendered":"<p><img data-recalc-dims=\"1\" loading=\"lazy\" decoding=\"async\" data-attachment-id=\"13402\" data-permalink=\"http:\/\/blogdalucianaoliveira.com.br\/blog\/2017\/09\/02\/fernando-morais-ninguem-juntou-tanto-ladrao-num-governo-como-o-temer\/fer\/\" data-orig-file=\"https:\/\/i0.wp.com\/blogdalucianaoliveira.com.br\/blog\/wp-content\/uploads\/2017\/09\/fer.jpg?fit=1000%2C357\" data-orig-size=\"1000,357\" data-comments-opened=\"0\" data-image-meta=\"{&quot;aperture&quot;:&quot;0&quot;,&quot;credit&quot;:&quot;&quot;,&quot;camera&quot;:&quot;&quot;,&quot;caption&quot;:&quot;&quot;,&quot;created_timestamp&quot;:&quot;0&quot;,&quot;copyright&quot;:&quot;&quot;,&quot;focal_length&quot;:&quot;0&quot;,&quot;iso&quot;:&quot;0&quot;,&quot;shutter_speed&quot;:&quot;0&quot;,&quot;title&quot;:&quot;&quot;,&quot;orientation&quot;:&quot;0&quot;}\" data-image-title=\"fer\" data-image-description=\"\" data-image-caption=\"\" data-medium-file=\"https:\/\/i0.wp.com\/blogdalucianaoliveira.com.br\/blog\/wp-content\/uploads\/2017\/09\/fer.jpg?fit=300%2C107\" data-large-file=\"https:\/\/i0.wp.com\/blogdalucianaoliveira.com.br\/blog\/wp-content\/uploads\/2017\/09\/fer.jpg?fit=600%2C214\" src=\"https:\/\/i0.wp.com\/blogdalucianaoliveira.com.br\/blog\/wp-content\/uploads\/2017\/09\/fer.jpg?resize=600%2C214\" alt=\"fer\" width=\"600\" height=\"214\" class=\"alignnone size-full wp-image-13402\" srcset=\"https:\/\/i0.wp.com\/blogdalucianaoliveira.com.br\/blog\/wp-content\/uploads\/2017\/09\/fer.jpg?w=1000 1000w, https:\/\/i0.wp.com\/blogdalucianaoliveira.com.br\/blog\/wp-content\/uploads\/2017\/09\/fer.jpg?resize=300%2C107 300w, https:\/\/i0.wp.com\/blogdalucianaoliveira.com.br\/blog\/wp-content\/uploads\/2017\/09\/fer.jpg?resize=768%2C274 768w, https:\/\/i0.wp.com\/blogdalucianaoliveira.com.br\/blog\/wp-content\/uploads\/2017\/09\/fer.jpg?resize=800%2C286 800w\" sizes=\"auto, (max-width: 600px) 100vw, 600px\" \/><\/p>\n<p>247 \u2013 Ex-deputado federal pelo PMDB, o jornalista e escritor Fernando Morais conviveu durante mais de quarenta anos com Michel Temer, a quem chama de &#8220;posti\u00e7o&#8221;, por ter usurpado a presid\u00eancia da Rep\u00fablica.<!--more--><\/p>\n<p>Em entrevista aos jornalistas Leonardo Attuch e Renato Rovai, da TV 247 e da revista F\u00f3rum, Morais afirma que Temer conseguiu um prod\u00edgio. &#8220;Nunca algu\u00e9m havia conseguido juntar tanto ladr\u00e3o e tanto batedor de carteira num \u00fanico governo&#8221;.<\/p>\n<p>O escritor, autor de cl\u00e1ssicos como &#8220;Olga&#8221;, &#8220;A Ilha&#8221; e &#8220;Chat\u00f4, o rei do Brasil&#8221;, enxerga Temer como &#8220;chefe da quadrilha&#8221; e diz que se ele conseguir chegar ao fim do seu mandato, n\u00e3o restar\u00e1 um figo podre nas m\u00e3os do Estado brasileiro.<\/p>\n<p>Na entrevista, ele disse que a direita, que hoje instrumentaliza o Poder Judici\u00e1rio, dificilmente permitir\u00e1 a candidatura do ex-presidente Lula. &#8220;N\u00e3o fizeram essa confus\u00e3o toda no Pa\u00eds para depois devolver o poder ao Lula&#8221;, afirma.<\/p>\n<p>Morais, no entanto, ainda n\u00e3o enxerga um plano B e diz que os brasileiros ter\u00e3o que se mobilizar para garantir a candidatura Lula.<\/p>\n<p>Al\u00e9m de editor do Nocaute, Morais se dedica a escrever uma biografia do ex-presidente Lula e diz que ele ser\u00e1 lembrado pela Hist\u00f3ria como um nome ainda maior do que Get\u00falio Vargas.<\/p>\n<p>Em rela\u00e7\u00e3o ao golpe, ele, que entrevistou Julian Assange, fundador do Wikileaks, diz estar convencido da participa\u00e7\u00e3o dos Estados Unidos nesse processo.<\/p>\n<p>Assista, abaixo, \u00e0 \u00edntegra da entrevista e se inscreva no canal da TV 247 no Youtube:<\/p>\n<div class=\"jetpack-video-wrapper\"><iframe loading=\"lazy\" title=\"TV 247 - Entrevista ao vivo com Fernando Morais\" width=\"600\" height=\"338\" src=\"https:\/\/www.youtube.com\/embed\/4mEjZ9b2JjU?feature=oembed\" frameborder=\"0\" allow=\"accelerometer; autoplay; clipboard-write; encrypted-media; gyroscope; picture-in-picture; web-share\" referrerpolicy=\"strict-origin-when-cross-origin\" allowfullscreen><\/iframe><\/div>\n","protected":false},"excerpt":{"rendered":"<p>247 \u2013 Ex-deputado federal pelo PMDB, o jornalista e escritor Fernando Morais conviveu durante mais de quarenta anos com Michel Temer, a quem chama de &#8220;posti\u00e7o&#8221;, por ter usurpado a presid\u00eancia da Rep\u00fablica.<\/p>\n","protected":false},"author":1,"featured_media":0,"comment_status":"closed","ping_status":"open","sticky":false,"template":"","format":"standard","meta":{"_exactmetrics_skip_tracking":false,"_exactmetrics_sitenote_active":false,"_exactmetrics_sitenote_note":"","_exactmetrics_sitenote_category":0,"jetpack_post_was_ever_published":false,"_jetpack_newsletter_access":"","_jetpack_dont_email_post_to_subs":false,"_jetpack_newsletter_tier_id":0,"_jetpack_memberships_contains_paywalled_content":false,"_jetpack_memberships_contains_paid_content":false,"footnotes":"","jetpack_publicize_message":"","jetpack_publicize_feature_enabled":true,"jetpack_social_post_already_shared":true,"jetpack_social_options":{"image_generator_settings":{"template":"highway","enabled":false},"version":2}},"categories":[1],"tags":[],"class_list":["post-13401","post","type-post","status-publish","format-standard","hentry","category-notas"],"jetpack_publicize_connections":[],"jetpack_sharing_enabled":true,"jetpack_featured_media_url":"","jetpack_shortlink":"https:\/\/wp.me\/p7wKYW-3u9","jetpack-related-posts":[],"_links":{"self":[{"href":"http:\/\/blogdalucianaoliveira.com.br\/blog\/wp-json\/wp\/v2\/posts\/13401","targetHints":{"allow":["GET"]}}],"collection":[{"href":"http:\/\/blogdalucianaoliveira.com.br\/blog\/wp-json\/wp\/v2\/posts"}],"about":[{"href":"http:\/\/blogdalucianaoliveira.com.br\/blog\/wp-json\/wp\/v2\/types\/post"}],"author":[{"embeddable":true,"href":"http:\/\/blogdalucianaoliveira.com.br\/blog\/wp-json\/wp\/v2\/users\/1"}],"replies":[{"embeddable":true,"href":"http:\/\/blogdalucianaoliveira.com.br\/blog\/wp-json\/wp\/v2\/comments?post=13401"}],"version-history":[{"count":1,"href":"http:\/\/blogdalucianaoliveira.com.br\/blog\/wp-json\/wp\/v2\/posts\/13401\/revisions"}],"predecessor-version":[{"id":13403,"href":"http:\/\/blogdalucianaoliveira.com.br\/blog\/wp-json\/wp\/v2\/posts\/13401\/revisions\/13403"}],"wp:attachment":[{"href":"http:\/\/blogdalucianaoliveira.com.br\/blog\/wp-json\/wp\/v2\/media?parent=13401"}],"wp:term":[{"taxonomy":"category","embeddable":true,"href":"http:\/\/blogdalucianaoliveira.com.br\/blog\/wp-json\/wp\/v2\/categories?post=13401"},{"taxonomy":"post_tag","embeddable":true,"href":"http:\/\/blogdalucianaoliveira.com.br\/blog\/wp-json\/wp\/v2\/tags?post=13401"}],"curies":[{"name":"wp","href":"https:\/\/api.w.org\/{rel}","templated":true}]}}