{"id":13409,"date":"2017-09-04T10:21:40","date_gmt":"2017-09-04T14:21:40","guid":{"rendered":"http:\/\/blogdalucianaoliveira.com.br\/blog\/?p=13409"},"modified":"2017-09-04T10:41:04","modified_gmt":"2017-09-04T14:41:04","slug":"temer-quer-roubar-ate-o-ar-que-respiramos-e-a-torcida-do-golpe-nao-reage","status":"publish","type":"post","link":"http:\/\/blogdalucianaoliveira.com.br\/blog\/2017\/09\/04\/temer-quer-roubar-ate-o-ar-que-respiramos-e-a-torcida-do-golpe-nao-reage\/","title":{"rendered":"Temer quer vender at\u00e9 o ar que respiramos e a torcida do golpe n\u00e3o reage"},"content":{"rendered":"<p> <img data-recalc-dims=\"1\" loading=\"lazy\" decoding=\"async\" data-attachment-id=\"13410\" data-permalink=\"http:\/\/blogdalucianaoliveira.com.br\/blog\/2017\/09\/04\/temer-quer-roubar-ate-o-ar-que-respiramos-e-a-torcida-do-golpe-nao-reage\/ultimo\/\" data-orig-file=\"https:\/\/i0.wp.com\/blogdalucianaoliveira.com.br\/blog\/wp-content\/uploads\/2017\/09\/ultimo.jpg?fit=1000%2C357\" data-orig-size=\"1000,357\" data-comments-opened=\"0\" data-image-meta=\"{&quot;aperture&quot;:&quot;0&quot;,&quot;credit&quot;:&quot;&quot;,&quot;camera&quot;:&quot;&quot;,&quot;caption&quot;:&quot;&quot;,&quot;created_timestamp&quot;:&quot;0&quot;,&quot;copyright&quot;:&quot;&quot;,&quot;focal_length&quot;:&quot;0&quot;,&quot;iso&quot;:&quot;0&quot;,&quot;shutter_speed&quot;:&quot;0&quot;,&quot;title&quot;:&quot;&quot;,&quot;orientation&quot;:&quot;0&quot;}\" data-image-title=\"ultimo\" data-image-description=\"\" data-image-caption=\"\" data-medium-file=\"https:\/\/i0.wp.com\/blogdalucianaoliveira.com.br\/blog\/wp-content\/uploads\/2017\/09\/ultimo.jpg?fit=300%2C107\" data-large-file=\"https:\/\/i0.wp.com\/blogdalucianaoliveira.com.br\/blog\/wp-content\/uploads\/2017\/09\/ultimo.jpg?fit=600%2C214\" src=\"https:\/\/i0.wp.com\/blogdalucianaoliveira.com.br\/blog\/wp-content\/uploads\/2017\/09\/ultimo.jpg?resize=600%2C214\" alt=\"ultimo\" width=\"600\" height=\"214\" class=\"alignnone size-full wp-image-13410\" srcset=\"https:\/\/i0.wp.com\/blogdalucianaoliveira.com.br\/blog\/wp-content\/uploads\/2017\/09\/ultimo.jpg?w=1000 1000w, https:\/\/i0.wp.com\/blogdalucianaoliveira.com.br\/blog\/wp-content\/uploads\/2017\/09\/ultimo.jpg?resize=300%2C107 300w, https:\/\/i0.wp.com\/blogdalucianaoliveira.com.br\/blog\/wp-content\/uploads\/2017\/09\/ultimo.jpg?resize=768%2C274 768w, https:\/\/i0.wp.com\/blogdalucianaoliveira.com.br\/blog\/wp-content\/uploads\/2017\/09\/ultimo.jpg?resize=800%2C286 800w\" sizes=\"auto, (max-width: 600px) 100vw, 600px\" \/><\/p>\n<p>Onde est\u00e3o os que embarcaram nos protestos a favor da deposi\u00e7\u00e3o da presidenta eleita Dilma Rousseff?<br \/>\nMuitos aderiram aos chamados de movimentos como Brasil Livre e Vem Pra Rua alegando motiva\u00e7\u00f5es distintas \u00e0 pauta que se restringia ao Fora Dilma por perda de governabilidade e pelo fim da corrup\u00e7\u00e3o.<!--more--><\/p>\n<p>\u201cN\u00e3o tenho partido, meu partido \u00e9 meu pa\u00eds\u201d, diziam.<br \/>\n\u201cQuero todos na cadeia. Primeiro a gente tira a Dilma e depois os outros\u201d, repetiam quando perguntados por que seguiam manifesta\u00e7\u00f5es que s\u00f3 miravam no PT.<\/p>\n<p>Foi h\u00e1 um ano que esses movimentos sa\u00edram nas ruas pela \u00faltima vez para celebrar o fim de um governo e in\u00edcio de outro. Quem insinuou outros motivos para apoiar o golpe, se deu por satisfeito com a substitui\u00e7\u00e3o de Dilma por Michel Temer.<\/p>\n<p>Fam\u00edlias inteiras vestidas com verde e amarelo embarcaram em manifesta\u00e7\u00f5es que foram determinantes ao desfecho do impeachment no 31 de agosto de 2016.<\/p>\n<p>Muitos levaram os filhos para ensin\u00e1-los como lutar pela perda de seus direitos. <\/p>\n<p><img data-recalc-dims=\"1\" loading=\"lazy\" decoding=\"async\" data-attachment-id=\"13412\" data-permalink=\"http:\/\/blogdalucianaoliveira.com.br\/blog\/2017\/09\/04\/temer-quer-roubar-ate-o-ar-que-respiramos-e-a-torcida-do-golpe-nao-reage\/escu-reacas-podem-com-baba\/\" data-orig-file=\"https:\/\/i0.wp.com\/blogdalucianaoliveira.com.br\/blog\/wp-content\/uploads\/2017\/09\/escu-reacas-podem-com-baba.png?fit=614%2C341\" data-orig-size=\"614,341\" data-comments-opened=\"0\" data-image-meta=\"{&quot;aperture&quot;:&quot;0&quot;,&quot;credit&quot;:&quot;&quot;,&quot;camera&quot;:&quot;&quot;,&quot;caption&quot;:&quot;&quot;,&quot;created_timestamp&quot;:&quot;0&quot;,&quot;copyright&quot;:&quot;&quot;,&quot;focal_length&quot;:&quot;0&quot;,&quot;iso&quot;:&quot;0&quot;,&quot;shutter_speed&quot;:&quot;0&quot;,&quot;title&quot;:&quot;&quot;,&quot;orientation&quot;:&quot;0&quot;}\" data-image-title=\"escu reacas podem com baba\" data-image-description=\"\" data-image-caption=\"\" data-medium-file=\"https:\/\/i0.wp.com\/blogdalucianaoliveira.com.br\/blog\/wp-content\/uploads\/2017\/09\/escu-reacas-podem-com-baba.png?fit=300%2C167\" data-large-file=\"https:\/\/i0.wp.com\/blogdalucianaoliveira.com.br\/blog\/wp-content\/uploads\/2017\/09\/escu-reacas-podem-com-baba.png?fit=600%2C333\" src=\"https:\/\/i0.wp.com\/blogdalucianaoliveira.com.br\/blog\/wp-content\/uploads\/2017\/09\/escu-reacas-podem-com-baba.png?resize=600%2C333\" alt=\"escu reacas podem com baba\" width=\"600\" height=\"333\" class=\"alignnone size-full wp-image-13412\" srcset=\"https:\/\/i0.wp.com\/blogdalucianaoliveira.com.br\/blog\/wp-content\/uploads\/2017\/09\/escu-reacas-podem-com-baba.png?w=614 614w, https:\/\/i0.wp.com\/blogdalucianaoliveira.com.br\/blog\/wp-content\/uploads\/2017\/09\/escu-reacas-podem-com-baba.png?resize=300%2C167 300w, https:\/\/i0.wp.com\/blogdalucianaoliveira.com.br\/blog\/wp-content\/uploads\/2017\/09\/escu-reacas-podem-com-baba.png?resize=540%2C300 540w\" sizes=\"auto, (max-width: 600px) 100vw, 600px\" \/><\/p>\n<p>\u00c9 justo, portanto, cobrar dos que ajudaram na deposi\u00e7\u00e3o da presidenta eleita, o empurr\u00e3ozinho que falta para tirar Temer do poder.<\/p>\n<p>Se Temer mant\u00e9m a governabilidade com os acordos mais esp\u00farios e a corrup\u00e7\u00e3o alcan\u00e7ou n\u00edveis imensur\u00e1veis, por que se escondem os combatentes da direita?<\/p>\n<p>Vergonha em admitir que foram ludibriados?<\/p>\n<p>Pior \u00e9 carregar a vergonha como enrolados \u00e0 mortalhas costuradas com as pr\u00f3prias m\u00e3os.<\/p>\n<p>N\u00e3o, n\u00e3o \u00e9 acanhamento, \u00e9 s\u00f3 hipocrisia mesmo.<\/p>\n<p>Mais insuport\u00e1vel que tudo o que os golpistas fazem contra o povo e o pa\u00eds \u00e9 conviver com essa catinga de hipocrisia dos que se diziam bons brasileiros.<\/p>\n<p>Seus filhos devem estar se perguntando quando ir\u00e3o protestar novamente.<\/p>\n<p>Papai e mam\u00e3e podem fingir que o pa\u00eds melhorou, mas n\u00e3o combina com o notici\u00e1rio.<\/p>\n<p>Temer segue governando como primeiro presidente denunciado por corrup\u00e7\u00e3o, cercado de ministros investigados como ele, ap\u00f3s roubar direitos e tentar roubar at\u00e9 o ar que os brasileiros respiram, com um decreto que extinguia a Reserva Nacional do Cobre e Associados (Renca), localizada entre os Estados do Amap\u00e1 e do Par\u00e1, no Norte do Brasil.<\/p>\n<p>\u201cA extin\u00e7\u00e3o da Renca abre caminho para que a extra\u00e7\u00e3o mineral de escala empresarial chegue \u00e0 regi\u00e3o, trazendo desmatamento, contamina\u00e7\u00e3o de solos e de rios. Al\u00e9m disso, trar\u00e1 transtorno cultural e social, pois atrai fluxo grande de pessoas, grilagem, conflitos e viol\u00eancia contra as popula\u00e7\u00f5es locais\u201d, afirmou Cassandra Oliveira, analista ambiental do Instituto Chico Mendes de Biodiversidade (ICMBio). <\/p>\n<p>\u00c9 cada vez maior o desmantelo econ\u00f4mico, social e moral que promovem os \u2018patriotas\u2019 da direita que n\u00e3o protestam nas ruas e sequer nas redes sociais.  <\/p>\n<p>O governo golpista e mais corrupto da hist\u00f3ria os t\u00eam como aliados de ontem e hoje.<\/p>\n<p>Mas, como bem disse Mill\u00f4r, \u201cPode-se brincar com a hipocrisia alheia como quem brinca com a roleta russa com a certeza de que a arma est\u00e1 descarregada.\u201d<\/p>\n<p>Os patos botaram ovos e vamos atirar at\u00e9 sempre, nos que se orgulham de conservar a imposturice moral.<\/p>\n","protected":false},"excerpt":{"rendered":"<p>Onde est\u00e3o os que embarcaram nos protestos a favor da deposi\u00e7\u00e3o da presidenta eleita Dilma Rousseff? Muitos aderiram aos chamados de movimentos como Brasil Livre e Vem Pra Rua alegando motiva\u00e7\u00f5es distintas \u00e0 pauta que se restringia ao Fora Dilma por perda de governabilidade e pelo fim da corrup\u00e7\u00e3o.<\/p>\n","protected":false},"author":1,"featured_media":0,"comment_status":"closed","ping_status":"open","sticky":false,"template":"","format":"standard","meta":{"_exactmetrics_skip_tracking":false,"_exactmetrics_sitenote_active":false,"_exactmetrics_sitenote_note":"","_exactmetrics_sitenote_category":0,"jetpack_post_was_ever_published":false,"_jetpack_newsletter_access":"","_jetpack_dont_email_post_to_subs":false,"_jetpack_newsletter_tier_id":0,"_jetpack_memberships_contains_paywalled_content":false,"_jetpack_memberships_contains_paid_content":false,"footnotes":"","jetpack_publicize_message":"","jetpack_publicize_feature_enabled":true,"jetpack_social_post_already_shared":true,"jetpack_social_options":{"image_generator_settings":{"template":"highway","enabled":false},"version":2}},"categories":[1],"tags":[252,21,144,45,333],"class_list":["post-13409","post","type-post","status-publish","format-standard","hentry","category-notas","tag-amazonia","tag-corrupcao","tag-mbl","tag-temer","tag-vpr"],"jetpack_publicize_connections":[],"jetpack_sharing_enabled":true,"jetpack_featured_media_url":"","jetpack_shortlink":"https:\/\/wp.me\/p7wKYW-3uh","jetpack-related-posts":[],"_links":{"self":[{"href":"http:\/\/blogdalucianaoliveira.com.br\/blog\/wp-json\/wp\/v2\/posts\/13409","targetHints":{"allow":["GET"]}}],"collection":[{"href":"http:\/\/blogdalucianaoliveira.com.br\/blog\/wp-json\/wp\/v2\/posts"}],"about":[{"href":"http:\/\/blogdalucianaoliveira.com.br\/blog\/wp-json\/wp\/v2\/types\/post"}],"author":[{"embeddable":true,"href":"http:\/\/blogdalucianaoliveira.com.br\/blog\/wp-json\/wp\/v2\/users\/1"}],"replies":[{"embeddable":true,"href":"http:\/\/blogdalucianaoliveira.com.br\/blog\/wp-json\/wp\/v2\/comments?post=13409"}],"version-history":[{"count":7,"href":"http:\/\/blogdalucianaoliveira.com.br\/blog\/wp-json\/wp\/v2\/posts\/13409\/revisions"}],"predecessor-version":[{"id":13418,"href":"http:\/\/blogdalucianaoliveira.com.br\/blog\/wp-json\/wp\/v2\/posts\/13409\/revisions\/13418"}],"wp:attachment":[{"href":"http:\/\/blogdalucianaoliveira.com.br\/blog\/wp-json\/wp\/v2\/media?parent=13409"}],"wp:term":[{"taxonomy":"category","embeddable":true,"href":"http:\/\/blogdalucianaoliveira.com.br\/blog\/wp-json\/wp\/v2\/categories?post=13409"},{"taxonomy":"post_tag","embeddable":true,"href":"http:\/\/blogdalucianaoliveira.com.br\/blog\/wp-json\/wp\/v2\/tags?post=13409"}],"curies":[{"name":"wp","href":"https:\/\/api.w.org\/{rel}","templated":true}]}}