{"id":13419,"date":"2017-09-04T10:46:04","date_gmt":"2017-09-04T14:46:04","guid":{"rendered":"http:\/\/blogdalucianaoliveira.com.br\/blog\/?p=13419"},"modified":"2017-09-04T10:46:04","modified_gmt":"2017-09-04T14:46:04","slug":"o-psdb-morreu-diz-o-principal-intelectual-tucano","status":"publish","type":"post","link":"http:\/\/blogdalucianaoliveira.com.br\/blog\/2017\/09\/04\/o-psdb-morreu-diz-o-principal-intelectual-tucano\/","title":{"rendered":"\u201cO PSDB MORREU\u201d, DIZ O PRINCIPAL INTELECTUAL TUCANO"},"content":{"rendered":"<p><img data-recalc-dims=\"1\" loading=\"lazy\" decoding=\"async\" data-attachment-id=\"13420\" data-permalink=\"http:\/\/blogdalucianaoliveira.com.br\/blog\/2017\/09\/04\/o-psdb-morreu-diz-o-principal-intelectual-tucano\/tuca-2\/\" data-orig-file=\"https:\/\/i0.wp.com\/blogdalucianaoliveira.com.br\/blog\/wp-content\/uploads\/2017\/09\/tuca.jpg?fit=1001%2C357\" data-orig-size=\"1001,357\" data-comments-opened=\"0\" data-image-meta=\"{&quot;aperture&quot;:&quot;0&quot;,&quot;credit&quot;:&quot;&quot;,&quot;camera&quot;:&quot;&quot;,&quot;caption&quot;:&quot;&quot;,&quot;created_timestamp&quot;:&quot;0&quot;,&quot;copyright&quot;:&quot;&quot;,&quot;focal_length&quot;:&quot;0&quot;,&quot;iso&quot;:&quot;0&quot;,&quot;shutter_speed&quot;:&quot;0&quot;,&quot;title&quot;:&quot;&quot;,&quot;orientation&quot;:&quot;0&quot;}\" data-image-title=\"tuca\" data-image-description=\"\" data-image-caption=\"\" data-medium-file=\"https:\/\/i0.wp.com\/blogdalucianaoliveira.com.br\/blog\/wp-content\/uploads\/2017\/09\/tuca.jpg?fit=300%2C107\" data-large-file=\"https:\/\/i0.wp.com\/blogdalucianaoliveira.com.br\/blog\/wp-content\/uploads\/2017\/09\/tuca.jpg?fit=600%2C214\" src=\"https:\/\/i0.wp.com\/blogdalucianaoliveira.com.br\/blog\/wp-content\/uploads\/2017\/09\/tuca.jpg?resize=600%2C214\" alt=\"tuca\" width=\"600\" height=\"214\" class=\"alignnone size-full wp-image-13420\" srcset=\"https:\/\/i0.wp.com\/blogdalucianaoliveira.com.br\/blog\/wp-content\/uploads\/2017\/09\/tuca.jpg?w=1001 1001w, https:\/\/i0.wp.com\/blogdalucianaoliveira.com.br\/blog\/wp-content\/uploads\/2017\/09\/tuca.jpg?resize=300%2C107 300w, https:\/\/i0.wp.com\/blogdalucianaoliveira.com.br\/blog\/wp-content\/uploads\/2017\/09\/tuca.jpg?resize=768%2C274 768w, https:\/\/i0.wp.com\/blogdalucianaoliveira.com.br\/blog\/wp-content\/uploads\/2017\/09\/tuca.jpg?resize=800%2C285 800w\" sizes=\"auto, (max-width: 600px) 100vw, 600px\" \/><\/p>\n<p>SP 247 \u2013 Principal refer\u00eancia intelectual do PSDB, o fil\u00f3sofo Jos\u00e9 Arthur Giannotti decretou a morte do partido, em entrevista a Naief Haddad.<!--more--><\/p>\n<p>&#8220;O PSDB morreu. Quer que eu fale de defuntos? O PSDB n\u00e3o \u00e9 mais um partido. Funcionava como um partido quando as decis\u00f5es eram tomadas em bons restaurantes e todos estavam de acordo. Agora isso n\u00e3o h\u00e1 mais. E n\u00e3o existe algu\u00e9m como Lula para aglutinar todos&#8221;, diz ele, que \u00e9 tamb\u00e9m professor aposentado da USP.<\/p>\n<p>Giannotti disse ainda que Jo\u00e3o Doria n\u00e3o pode nem ser considerado gestor. &#8220;Ele \u00e9 um bom comunicador, que se veste de gari e assim por diante. At\u00e9 agora n\u00e3o vi ele provar ser um grande gestor&#8221;.<\/p>\n<p>Segundo o fil\u00f3sofo, a crise atual \u00e9 mais grave do que a de 1964 e disse que o ex-presidente Lula tem chances de voltar ao poder.<\/p>\n<p>&#8220;O Lula \u00e9 um g\u00eanio pol\u00edtico, \u00e9 absolutamente extraordin\u00e1rio. At\u00e9 que ponto ele foi tomado pela corrup\u00e7\u00e3o a Justi\u00e7a vai dizer. As pesquisas mostram que o Lula tem chance, mas, se entrar, vai haver muito protesto&#8221;, afirma.<\/p>\n<p>&#8220;A nossa crise \u00e9 pior que a de 1964&#8221;, diz ainda Giannotti. &#8220;L\u00e1 tinha a merda dos militares. Eles mataram gente etc., mas botaram ordem. Agora nem isso n\u00f3s temos. N\u00e3o quero a volta dos milicos n\u00e3o [enf\u00e1tico]. Mas hoje n\u00e3o temos processos de resolu\u00e7\u00e3o da crise. Isso \u00e9 um problema muito s\u00e9rio. Quem diz ter a solu\u00e7\u00e3o para a crise? Ningu\u00e9m.&#8221;<\/p>\n","protected":false},"excerpt":{"rendered":"<p>SP 247 \u2013 Principal refer\u00eancia intelectual do PSDB, o fil\u00f3sofo Jos\u00e9 Arthur Giannotti decretou a morte do partido, em entrevista a Naief Haddad.<\/p>\n","protected":false},"author":1,"featured_media":0,"comment_status":"closed","ping_status":"open","sticky":false,"template":"","format":"standard","meta":{"_exactmetrics_skip_tracking":false,"_exactmetrics_sitenote_active":false,"_exactmetrics_sitenote_note":"","_exactmetrics_sitenote_category":0,"jetpack_post_was_ever_published":false,"_jetpack_newsletter_access":"","_jetpack_dont_email_post_to_subs":false,"_jetpack_newsletter_tier_id":0,"_jetpack_memberships_contains_paywalled_content":false,"_jetpack_memberships_contains_paid_content":false,"footnotes":"","jetpack_publicize_message":"","jetpack_publicize_feature_enabled":true,"jetpack_social_post_already_shared":true,"jetpack_social_options":{"image_generator_settings":{"template":"highway","enabled":false},"version":2}},"categories":[1],"tags":[],"class_list":["post-13419","post","type-post","status-publish","format-standard","hentry","category-notas"],"jetpack_publicize_connections":[],"jetpack_sharing_enabled":true,"jetpack_featured_media_url":"","jetpack_shortlink":"https:\/\/wp.me\/p7wKYW-3ur","jetpack-related-posts":[],"_links":{"self":[{"href":"http:\/\/blogdalucianaoliveira.com.br\/blog\/wp-json\/wp\/v2\/posts\/13419","targetHints":{"allow":["GET"]}}],"collection":[{"href":"http:\/\/blogdalucianaoliveira.com.br\/blog\/wp-json\/wp\/v2\/posts"}],"about":[{"href":"http:\/\/blogdalucianaoliveira.com.br\/blog\/wp-json\/wp\/v2\/types\/post"}],"author":[{"embeddable":true,"href":"http:\/\/blogdalucianaoliveira.com.br\/blog\/wp-json\/wp\/v2\/users\/1"}],"replies":[{"embeddable":true,"href":"http:\/\/blogdalucianaoliveira.com.br\/blog\/wp-json\/wp\/v2\/comments?post=13419"}],"version-history":[{"count":1,"href":"http:\/\/blogdalucianaoliveira.com.br\/blog\/wp-json\/wp\/v2\/posts\/13419\/revisions"}],"predecessor-version":[{"id":13421,"href":"http:\/\/blogdalucianaoliveira.com.br\/blog\/wp-json\/wp\/v2\/posts\/13419\/revisions\/13421"}],"wp:attachment":[{"href":"http:\/\/blogdalucianaoliveira.com.br\/blog\/wp-json\/wp\/v2\/media?parent=13419"}],"wp:term":[{"taxonomy":"category","embeddable":true,"href":"http:\/\/blogdalucianaoliveira.com.br\/blog\/wp-json\/wp\/v2\/categories?post=13419"},{"taxonomy":"post_tag","embeddable":true,"href":"http:\/\/blogdalucianaoliveira.com.br\/blog\/wp-json\/wp\/v2\/tags?post=13419"}],"curies":[{"name":"wp","href":"https:\/\/api.w.org\/{rel}","templated":true}]}}