{"id":13422,"date":"2017-09-04T10:54:44","date_gmt":"2017-09-04T14:54:44","guid":{"rendered":"http:\/\/blogdalucianaoliveira.com.br\/blog\/?p=13422"},"modified":"2017-09-04T10:57:07","modified_gmt":"2017-09-04T14:57:07","slug":"cnbb-mensagem-aos-brasileiros-para-as-celebracoes-de-7-de-setembro","status":"publish","type":"post","link":"http:\/\/blogdalucianaoliveira.com.br\/blog\/2017\/09\/04\/cnbb-mensagem-aos-brasileiros-para-as-celebracoes-de-7-de-setembro\/","title":{"rendered":"CNBB: mensagem aos brasileiros para as celebra\u00e7\u00f5es de 7 de setembro"},"content":{"rendered":"<p> <img data-recalc-dims=\"1\" loading=\"lazy\" decoding=\"async\" data-attachment-id=\"13426\" data-permalink=\"http:\/\/blogdalucianaoliveira.com.br\/blog\/2017\/09\/04\/cnbb-mensagem-aos-brasileiros-para-as-celebracoes-de-7-de-setembro\/image_large\/\" data-orig-file=\"https:\/\/i0.wp.com\/blogdalucianaoliveira.com.br\/blog\/wp-content\/uploads\/2017\/09\/image_large.jpg?fit=780%2C490\" data-orig-size=\"780,490\" data-comments-opened=\"0\" data-image-meta=\"{&quot;aperture&quot;:&quot;0&quot;,&quot;credit&quot;:&quot;&quot;,&quot;camera&quot;:&quot;&quot;,&quot;caption&quot;:&quot;&quot;,&quot;created_timestamp&quot;:&quot;0&quot;,&quot;copyright&quot;:&quot;&quot;,&quot;focal_length&quot;:&quot;0&quot;,&quot;iso&quot;:&quot;0&quot;,&quot;shutter_speed&quot;:&quot;0&quot;,&quot;title&quot;:&quot;&quot;,&quot;orientation&quot;:&quot;0&quot;}\" data-image-title=\"image_large\" data-image-description=\"\" data-image-caption=\"\" data-medium-file=\"https:\/\/i0.wp.com\/blogdalucianaoliveira.com.br\/blog\/wp-content\/uploads\/2017\/09\/image_large.jpg?fit=300%2C188\" data-large-file=\"https:\/\/i0.wp.com\/blogdalucianaoliveira.com.br\/blog\/wp-content\/uploads\/2017\/09\/image_large.jpg?fit=600%2C377\" src=\"https:\/\/i0.wp.com\/blogdalucianaoliveira.com.br\/blog\/wp-content\/uploads\/2017\/09\/image_large.jpg?resize=600%2C377\" alt=\"image_large\" width=\"600\" height=\"377\" class=\"alignnone size-full wp-image-13426\" srcset=\"https:\/\/i0.wp.com\/blogdalucianaoliveira.com.br\/blog\/wp-content\/uploads\/2017\/09\/image_large.jpg?w=780 780w, https:\/\/i0.wp.com\/blogdalucianaoliveira.com.br\/blog\/wp-content\/uploads\/2017\/09\/image_large.jpg?resize=300%2C188 300w, https:\/\/i0.wp.com\/blogdalucianaoliveira.com.br\/blog\/wp-content\/uploads\/2017\/09\/image_large.jpg?resize=768%2C482 768w, https:\/\/i0.wp.com\/blogdalucianaoliveira.com.br\/blog\/wp-content\/uploads\/2017\/09\/image_large.jpg?resize=478%2C300 478w\" sizes=\"auto, (max-width: 600px) 100vw, 600px\" \/><\/p>\n<p>Bras\u00edlia (RV) &#8211; A Confer\u00eancia Nacional dos Bispos do Brasil (CNBB) divulgou, nesta sexta-feira (1\u00ba\/09), a mensagem para o dia 7 de setembro, data que marca a Independ\u00eancia do Brasil. <\/p>\n<p>No documento, o organismo incentiva as pessoas de boa vontade a se mobilizarem pacificamente na defesa da dignidade e dos direitos do povo brasileiro, propondo \u201ca vida em primeiro lugar\u201d. <!--more--><\/p>\n<p>A institui\u00e7\u00e3o convida as comunidades a se unirem ao movimento  \u201cGrito dos Exclu\u00eddos\u201d. Nesta data tamb\u00e9m, o Conselho Permanente da CNBB sugere \u00e0s comunidades para que rezem juntas pela realidade brasileira no \u201cO Dia de Ora\u00e7\u00e3o e Jejum pelo Brasil\u201d.<\/p>\n<p>Leia a mensagem na \u00edntegra.<\/p>\n<p>Mensagem da CNBB<\/p>\n<p>Vida em primeiro lugar<\/p>\n<p>O \u201cGrito dos Exclu\u00eddos\u201d nasceu com o objetivo de responder aos desafios levantados por ocasi\u00e3o da 2\u00aa Semana Social Brasileira, realizada em 1994, cujo tema era \u201cBrasil, alternativas e protagonistas\u201d, e aprofundar o tema da Campanha da Fraternidade em 1995, que tinha como lema \u201cEras tu, Senhor\u201d.<\/p>\n<p>O Grito, realizado no dia 7 de setembro, com suas v\u00e1rias modalidades, \u00e9 constru\u00eddo com a participa\u00e7\u00e3o das comunidades crist\u00e3s, movimentos, pastorais sociais e organiza\u00e7\u00f5es da sociedade civil, tem, em 2017, como tema: \u201cVida em primeiro lugar\u201d, e como lema: \u201cPor direito e democracia, a luta \u00e9 de todo dia\u201d.<\/p>\n<p>A sociedade brasileira est\u00e1 cada vez mais perplexa, diante da profunda crise \u00e9tica que tem levado a decis\u00f5es pol\u00edticas e econ\u00f4micas que, tomadas sem a participa\u00e7\u00e3o da sociedade, implicam em perda de direitos, agravam situa\u00e7\u00f5es de exclus\u00e3o e penalizam o povo brasileiro pobre.<\/p>\n<p>O Conselho Permanente da Confer\u00eancia Nacional dos Bispos do Brasil \u2013 CNBB, diante do grave e prolongado momento triste vivido no pa\u00eds, sugere \u00e0s comunidades que, nesta data, sejam acrescentados dois elementos importantes da espiritualidade crist\u00e3, para acompanhar as reflex\u00f5es e as a\u00e7\u00f5es sobre a realidade brasileira: UM DIA DE JEJUM E DE ORA\u00c7\u00c3O PELO BRASIL.<\/p>\n<p>Encorajamos, mais uma vez, as pessoas de boa vontade, particularmente em nossas comunidades, a se mobilizarem pacificamente na defesa da dignidade e dos direitos do povo brasileiro, propondo \u201ca vida em primeiro lugar\u201d.<br \/>\nNossa Senhora Aparecida, Padroeira do Brasil, acompanhe o povo brasileiro com sua materna intercess\u00e3o!<\/p>\n<p>Bras\u00edlia, 31 de agosto de 2017<\/p>\n<p>Cardeal Sergio da Rocha<br \/>\nArcebispo de Bras\u00edlia<br \/>\nPresidente da CNBB<br \/>\nDom Murilo S. R. Krieger<br \/>\nArcebispo de S\u00e3o Salvador<br \/>\nVice-Presidente da CNBB<br \/>\nDom Leonardo Steiner<br \/>\nBispo Auxiliar de Bras\u00edlia<br \/>\nSecret\u00e1rio-Geral da CNBB<\/p>\n<p>Nota do blog: Em Porto Velho, a concentra\u00e7\u00e3o do Grito ser\u00e1 no trevo da Jorge Teixeira com Imigrantes, a partir das 16 horas.<\/p>\n","protected":false},"excerpt":{"rendered":"<p>Bras\u00edlia (RV) &#8211; A Confer\u00eancia Nacional dos Bispos do Brasil (CNBB) divulgou, nesta sexta-feira (1\u00ba\/09), a mensagem para o dia 7 de setembro, data que marca a Independ\u00eancia do Brasil. No documento, o organismo incentiva as pessoas de boa vontade a se mobilizarem pacificamente na defesa da dignidade e dos direitos do povo brasileiro, propondo&#8230;<a class=\"more-link\" href=\"http:\/\/blogdalucianaoliveira.com.br\/blog\/2017\/09\/04\/cnbb-mensagem-aos-brasileiros-para-as-celebracoes-de-7-de-setembro\/\">Continue a leitura <span class=\"meta-nav\">&raquo;<\/span><\/a><\/p>\n","protected":false},"author":1,"featured_media":13426,"comment_status":"closed","ping_status":"open","sticky":false,"template":"","format":"standard","meta":{"_exactmetrics_skip_tracking":false,"_exactmetrics_sitenote_active":false,"_exactmetrics_sitenote_note":"","_exactmetrics_sitenote_category":0,"jetpack_post_was_ever_published":false,"_jetpack_newsletter_access":"","_jetpack_dont_email_post_to_subs":false,"_jetpack_newsletter_tier_id":0,"_jetpack_memberships_contains_paywalled_content":false,"_jetpack_memberships_contains_paid_content":false,"footnotes":"","jetpack_publicize_message":"","jetpack_publicize_feature_enabled":true,"jetpack_social_post_already_shared":true,"jetpack_social_options":{"image_generator_settings":{"template":"highway","enabled":false},"version":2}},"categories":[1],"tags":[197,64,335,334],"class_list":["post-13422","post","type-post","status-publish","format-standard","has-post-thumbnail","hentry","category-notas","tag-7-de-setembro","tag-democracia","tag-direitos","tag-grito-dos-excluidos-2017"],"jetpack_publicize_connections":[],"jetpack_sharing_enabled":true,"jetpack_featured_media_url":"https:\/\/i0.wp.com\/blogdalucianaoliveira.com.br\/blog\/wp-content\/uploads\/2017\/09\/image_large.jpg?fit=780%2C490","jetpack_shortlink":"https:\/\/wp.me\/p7wKYW-3uu","jetpack-related-posts":[],"_links":{"self":[{"href":"http:\/\/blogdalucianaoliveira.com.br\/blog\/wp-json\/wp\/v2\/posts\/13422","targetHints":{"allow":["GET"]}}],"collection":[{"href":"http:\/\/blogdalucianaoliveira.com.br\/blog\/wp-json\/wp\/v2\/posts"}],"about":[{"href":"http:\/\/blogdalucianaoliveira.com.br\/blog\/wp-json\/wp\/v2\/types\/post"}],"author":[{"embeddable":true,"href":"http:\/\/blogdalucianaoliveira.com.br\/blog\/wp-json\/wp\/v2\/users\/1"}],"replies":[{"embeddable":true,"href":"http:\/\/blogdalucianaoliveira.com.br\/blog\/wp-json\/wp\/v2\/comments?post=13422"}],"version-history":[{"count":3,"href":"http:\/\/blogdalucianaoliveira.com.br\/blog\/wp-json\/wp\/v2\/posts\/13422\/revisions"}],"predecessor-version":[{"id":13427,"href":"http:\/\/blogdalucianaoliveira.com.br\/blog\/wp-json\/wp\/v2\/posts\/13422\/revisions\/13427"}],"wp:featuredmedia":[{"embeddable":true,"href":"http:\/\/blogdalucianaoliveira.com.br\/blog\/wp-json\/wp\/v2\/media\/13426"}],"wp:attachment":[{"href":"http:\/\/blogdalucianaoliveira.com.br\/blog\/wp-json\/wp\/v2\/media?parent=13422"}],"wp:term":[{"taxonomy":"category","embeddable":true,"href":"http:\/\/blogdalucianaoliveira.com.br\/blog\/wp-json\/wp\/v2\/categories?post=13422"},{"taxonomy":"post_tag","embeddable":true,"href":"http:\/\/blogdalucianaoliveira.com.br\/blog\/wp-json\/wp\/v2\/tags?post=13422"}],"curies":[{"name":"wp","href":"https:\/\/api.w.org\/{rel}","templated":true}]}}