{"id":13428,"date":"2017-09-04T11:03:44","date_gmt":"2017-09-04T15:03:44","guid":{"rendered":"http:\/\/blogdalucianaoliveira.com.br\/blog\/?p=13428"},"modified":"2017-09-04T11:03:44","modified_gmt":"2017-09-04T15:03:44","slug":"psicologia-brasileira-completa-55-anos-de-luta-pelos-direitos-humanos","status":"publish","type":"post","link":"http:\/\/blogdalucianaoliveira.com.br\/blog\/2017\/09\/04\/psicologia-brasileira-completa-55-anos-de-luta-pelos-direitos-humanos\/","title":{"rendered":"Psicologia brasileira completa 55 anos de luta pelos direitos humanos"},"content":{"rendered":"<p><img data-recalc-dims=\"1\" loading=\"lazy\" decoding=\"async\" data-attachment-id=\"13429\" data-permalink=\"http:\/\/blogdalucianaoliveira.com.br\/blog\/2017\/09\/04\/psicologia-brasileira-completa-55-anos-de-luta-pelos-direitos-humanos\/psico\/\" data-orig-file=\"https:\/\/i0.wp.com\/blogdalucianaoliveira.com.br\/blog\/wp-content\/uploads\/2017\/09\/psico.jpg?fit=640%2C428\" data-orig-size=\"640,428\" data-comments-opened=\"0\" data-image-meta=\"{&quot;aperture&quot;:&quot;0&quot;,&quot;credit&quot;:&quot;&quot;,&quot;camera&quot;:&quot;&quot;,&quot;caption&quot;:&quot;&quot;,&quot;created_timestamp&quot;:&quot;0&quot;,&quot;copyright&quot;:&quot;&quot;,&quot;focal_length&quot;:&quot;0&quot;,&quot;iso&quot;:&quot;0&quot;,&quot;shutter_speed&quot;:&quot;0&quot;,&quot;title&quot;:&quot;&quot;,&quot;orientation&quot;:&quot;0&quot;}\" data-image-title=\"psico\" data-image-description=\"\" data-image-caption=\"\" data-medium-file=\"https:\/\/i0.wp.com\/blogdalucianaoliveira.com.br\/blog\/wp-content\/uploads\/2017\/09\/psico.jpg?fit=300%2C201\" data-large-file=\"https:\/\/i0.wp.com\/blogdalucianaoliveira.com.br\/blog\/wp-content\/uploads\/2017\/09\/psico.jpg?fit=600%2C401\" src=\"https:\/\/i0.wp.com\/blogdalucianaoliveira.com.br\/blog\/wp-content\/uploads\/2017\/09\/psico.jpg?resize=600%2C401\" alt=\"psico\" width=\"600\" height=\"401\" class=\"alignnone size-full wp-image-13429\" srcset=\"https:\/\/i0.wp.com\/blogdalucianaoliveira.com.br\/blog\/wp-content\/uploads\/2017\/09\/psico.jpg?w=640 640w, https:\/\/i0.wp.com\/blogdalucianaoliveira.com.br\/blog\/wp-content\/uploads\/2017\/09\/psico.jpg?resize=300%2C201 300w, https:\/\/i0.wp.com\/blogdalucianaoliveira.com.br\/blog\/wp-content\/uploads\/2017\/09\/psico.jpg?resize=449%2C300 449w\" sizes=\"auto, (max-width: 600px) 100vw, 600px\" \/><\/p>\n<p>Brasil de Fato | Belo Horizonte (MG), por Cristina Ribeiro &#8211; Compromisso social e conquista de novos campos de atua\u00e7\u00e3o marcam a trajet\u00f3ria da profiss\u00e3o<\/p>\n<p>Fundamentar o trabalho \u201cno respeito e na promo\u00e7\u00e3o da liberdade, da dignidade, da igualdade e da integridade do ser humano, apoiado nos valores que embasam a Declara\u00e7\u00e3o Universal dos Direitos Humanos\u201d. Esse \u00e9 o princ\u00edpio n\u00famero um do C\u00f3digo de \u00c9tica Profissional da(o) Psic\u00f3loga(o) e revela que, desde a origem, a profiss\u00e3o n\u00e3o se furta a enfrentar estigmas, estere\u00f3tipos e preconceitos para olhar as pessoas como realmente s\u00e3o.  <!--more--><\/p>\n<p>No \u00faltimo dia 27, foi comemorado o dia da psic\u00f3loga e do psic\u00f3logo. A regulamenta\u00e7\u00e3o da Psicologia no Brasil completa 55 anos e traz em sua hist\u00f3ria transforma\u00e7\u00f5es orientadas pela defesa dos Direitos Humanos. A psic\u00f3loga e vice-presidenta do Conselho Regional de Psicologia Minas Gerais (CRP-MG), M\u00e1rcia Mansur, explica que a mais significativa foi retirar o foco do particular para priorizar o coletivo. \u201cPartiu da pr\u00f3pria categoria que, j\u00e1 na d\u00e9cada de 70, come\u00e7ava a se incomodar com essa psicologia muito individual. Tamb\u00e9m foi demandada pela sociedade, que convocava para as tem\u00e1ticas sociais, sobretudo durante a abertura democr\u00e1tica no pa\u00eds e no campo da sa\u00fade mental\u201d, relembra.<\/p>\n<p>Em n\u00fameros a mudan\u00e7a \u00e9 clara. At\u00e9 1988 havia apenas quatro \u00e1reas de trabalho da psicologia no Cat\u00e1logo Brasileiro de Ocupa\u00e7\u00f5es (CBO): cl\u00ednica, organizacional, escolar e doc\u00eancia. Hoje, o Minist\u00e9rio do Trabalho regulamenta 12 atividades, com destaque para as pol\u00edticas p\u00fablicas.<\/p>\n<p>Lutas<\/p>\n<p>A passagem do individual para o coletivo ficou bem definida com o in\u00edcio do movimento denominado Luta Antimanicomial e, na sequ\u00eancia, com os processos de implanta\u00e7\u00e3o de dois sistemas p\u00fablicos no Brasil o de Sa\u00fade (SUS) e o de Assist\u00eancia Social (SUAS). \u201cO envolvimento da psicologia se deu naturalmente nas conquistas dos direitos previstos na Constitui\u00e7\u00e3o de 1988 e marcou ainda mais essa transforma\u00e7\u00e3o da profiss\u00e3o, que passava a exigir pol\u00edticas p\u00fablicas decorrentes da lei\u201d, explica M\u00e1rcia Mansur. A constru\u00e7\u00e3o do SUS, como exemplifica a presidenta do Sindicato das (os) Psic\u00f3logas (os) de Minas Gerais, Lourdes Machado, foi uma das propostas \u201cdessa nova psicologia baseada no combate \u00e0 desigualdade social e na erradica\u00e7\u00e3o da mis\u00e9ria como pressuposto b\u00e1sico e como recurso de promo\u00e7\u00e3o \u00e0 sa\u00fade\u201d.<\/p>\n<p>No campo da teoria, a psicologia passou a construir metodologias coerentes com esse novo olhar e foi determinante para que os novos servi\u00e7os p\u00fablicos de sa\u00fade tivessem o cuidado com a humaniza\u00e7\u00e3o. O principal exemplo dessa abordagem que coloca o ser humano como centro nos servi\u00e7os de sa\u00fade \u00e9 a luta antimanicomial. A psic\u00f3loga e coordenadora Estadual de Sa\u00fade Mental da Secretaria de Sa\u00fade do Estado de Minas Gerais, Marta Elizabete de Souza, explica que a milit\u00e2ncia pelo fim dos manic\u00f4mios se deu a partir de uma nova forma de interven\u00e7\u00e3o junto \u00e0s pessoas com transtornos mentais graves ou em uso prejudicial de \u00e1lcool e outras drogas, levando em considera\u00e7\u00e3o a linguagem e o que elas sabem sobre a sua doen\u00e7a e seu sofrimento. Trata-se de a\u00e7\u00f5es humanizadas de conviv\u00eancia, que possibilitam a essas pessoas se organizarem por meio de atividades coletivas, para al\u00e9m do uso de medica\u00e7\u00e3o e psicoterapias individuais.<\/p>\n<p>\u201cA luta antimanicomial foi o primeiro grande movimento da psicologia na defesa dos Direitos Humanos. Levou psic\u00f3logas e psic\u00f3logos a refletir sobre sua pr\u00e1tica, colocou o c\u00f3digo de \u00e9tica em funcionamento, visto que ele prev\u00ea uma psicologia comprometida com a realidade brasileira, que fala das rela\u00e7\u00f5es do profissional com seu paciente de uma maneira \u00e9tica e respeitosa, reconhecendo as pessoas como sujeitos de direito e cidadania\u201d, avalia a coordenadora Estadual de Sa\u00fade Mental.<\/p>\n<p>Protagonismo<\/p>\n<p> A psic\u00f3loga e conselheira do Conselho Federal de Psicologia (CFP) J\u00fania Lara ressalta que a profiss\u00e3o fomenta o protagonismo e a cidadania. \u201cTemos um grande compromisso na educa\u00e7\u00e3o, no combate \u00e0s viol\u00eancias e viola\u00e7\u00f5es dos direitos humanos\u201d, ressalta.<\/p>\n<p>Para a psic\u00f3loga Thalita Rodrigues, as lutas feministas e antirracistas deram mais pot\u00eancia para a psicologia lutar contra todas as desigualdades. \u201cPrimeiro ao explicitar que esse sujeito hegem\u00f4nico constru\u00eddo a partir de um padr\u00e3o social machista e mis\u00f3gino n\u00e3o pode continuar a ser tomado como universal. Para al\u00e9m dessa den\u00fancia, temos pessoas como eu e outras mulheres negras, l\u00e9sbicas, trans e outras ditas como minorias, que no campo da profiss\u00e3o est\u00e3o produzindo conhecimento, pr\u00e1ticas e propondo outras formas de fazer psicologia\u201d, declara.<\/p>\n<p>A presidenta do CRP-MG, Cl\u00e1udia Natividade, explica que \u00e9 tamb\u00e9m preciso dar sentido ao fato de ser uma profiss\u00e3o majoritariamente exercida por mulheres (89% da categoria no Brasil e tamb\u00e9m em Minas Gerais). Al\u00e9m disso, segundo ela, \u201ctemos na ci\u00eancia psicol\u00f3gica v\u00e1rios recortes anal\u00edticos que ajudam as leituras deste fen\u00f4meno, inclusive a chamada psicologia feminista, que n\u00e3o somente estuda as mulheres, mas as desigualdades e hierarquias que marcam as rela\u00e7\u00f5es e s\u00e3o danosas para o desenvolvimento das pessoas\u201d, aponta. \u201cAs teorias feministas prop\u00f5em uma s\u00e9rie de an\u00e1lises em conjunto com outros campos como classes e territorialidade, formando um sistema bastante complexo, instrumentalizando os sujeitos para serem participativos e aut\u00f4nomos\u201d, explica a presidenta do CRP-MG.<\/p>\n<p>No \u00e2mbito das atualiza\u00e7\u00f5es da profiss\u00e3o, o campo das sexualidades tem sido um dos mais requisitados, na avalia\u00e7\u00e3o da psic\u00f3loga e conselheira secret\u00e1ria do CRP-MG Dalcira Ferr\u00e3o. Segundo ela, partir de 1999, com a publica\u00e7\u00e3o da Resolu\u00e7\u00e3o do Conselho Federal de Psicologia que estabeleceu normas para a atua\u00e7\u00e3o de psic\u00f3logas e psic\u00f3logos em rela\u00e7\u00e3o \u00e0 quest\u00e3o da orienta\u00e7\u00e3o sexual, houve avan\u00e7os. \u201cAtualmente a Psicologia contribui para essas constru\u00e7\u00f5es identit\u00e1rias, refutando a ideia de considerar doentes aquelas pessoas que n\u00e3o se encaixam na cisheteronormatividade compuls\u00f3ria\u201d, afirma.<\/p>\n<p>Edi\u00e7\u00e3o: Joana Tavares<\/p>\n","protected":false},"excerpt":{"rendered":"<p>Brasil de Fato | Belo Horizonte (MG), por Cristina Ribeiro &#8211; Compromisso social e conquista de novos campos de atua\u00e7\u00e3o marcam a trajet\u00f3ria da profiss\u00e3o Fundamentar o trabalho \u201cno respeito e na promo\u00e7\u00e3o da liberdade, da dignidade, da igualdade e da integridade do ser humano, apoiado nos valores que embasam a Declara\u00e7\u00e3o Universal dos Direitos&#8230;<a class=\"more-link\" href=\"http:\/\/blogdalucianaoliveira.com.br\/blog\/2017\/09\/04\/psicologia-brasileira-completa-55-anos-de-luta-pelos-direitos-humanos\/\">Continue a leitura <span class=\"meta-nav\">&raquo;<\/span><\/a><\/p>\n","protected":false},"author":1,"featured_media":0,"comment_status":"closed","ping_status":"open","sticky":false,"template":"","format":"standard","meta":{"_exactmetrics_skip_tracking":false,"_exactmetrics_sitenote_active":false,"_exactmetrics_sitenote_note":"","_exactmetrics_sitenote_category":0,"jetpack_post_was_ever_published":false,"_jetpack_newsletter_access":"","_jetpack_dont_email_post_to_subs":false,"_jetpack_newsletter_tier_id":0,"_jetpack_memberships_contains_paywalled_content":false,"_jetpack_memberships_contains_paid_content":false,"footnotes":"","jetpack_publicize_message":"","jetpack_publicize_feature_enabled":true,"jetpack_social_post_already_shared":true,"jetpack_social_options":{"image_generator_settings":{"template":"highway","enabled":false},"version":2}},"categories":[1],"tags":[],"class_list":["post-13428","post","type-post","status-publish","format-standard","hentry","category-notas"],"jetpack_publicize_connections":[],"jetpack_sharing_enabled":true,"jetpack_featured_media_url":"","jetpack_shortlink":"https:\/\/wp.me\/p7wKYW-3uA","jetpack-related-posts":[],"_links":{"self":[{"href":"http:\/\/blogdalucianaoliveira.com.br\/blog\/wp-json\/wp\/v2\/posts\/13428","targetHints":{"allow":["GET"]}}],"collection":[{"href":"http:\/\/blogdalucianaoliveira.com.br\/blog\/wp-json\/wp\/v2\/posts"}],"about":[{"href":"http:\/\/blogdalucianaoliveira.com.br\/blog\/wp-json\/wp\/v2\/types\/post"}],"author":[{"embeddable":true,"href":"http:\/\/blogdalucianaoliveira.com.br\/blog\/wp-json\/wp\/v2\/users\/1"}],"replies":[{"embeddable":true,"href":"http:\/\/blogdalucianaoliveira.com.br\/blog\/wp-json\/wp\/v2\/comments?post=13428"}],"version-history":[{"count":1,"href":"http:\/\/blogdalucianaoliveira.com.br\/blog\/wp-json\/wp\/v2\/posts\/13428\/revisions"}],"predecessor-version":[{"id":13430,"href":"http:\/\/blogdalucianaoliveira.com.br\/blog\/wp-json\/wp\/v2\/posts\/13428\/revisions\/13430"}],"wp:attachment":[{"href":"http:\/\/blogdalucianaoliveira.com.br\/blog\/wp-json\/wp\/v2\/media?parent=13428"}],"wp:term":[{"taxonomy":"category","embeddable":true,"href":"http:\/\/blogdalucianaoliveira.com.br\/blog\/wp-json\/wp\/v2\/categories?post=13428"},{"taxonomy":"post_tag","embeddable":true,"href":"http:\/\/blogdalucianaoliveira.com.br\/blog\/wp-json\/wp\/v2\/tags?post=13428"}],"curies":[{"name":"wp","href":"https:\/\/api.w.org\/{rel}","templated":true}]}}