{"id":13439,"date":"2017-09-04T20:10:51","date_gmt":"2017-09-05T00:10:51","guid":{"rendered":"http:\/\/blogdalucianaoliveira.com.br\/blog\/?p=13439"},"modified":"2017-09-04T20:10:51","modified_gmt":"2017-09-05T00:10:51","slug":"janot-ameaca-cancelar-delacao-da-jbs-sem-afetar-provas-contra-temer","status":"publish","type":"post","link":"http:\/\/blogdalucianaoliveira.com.br\/blog\/2017\/09\/04\/janot-ameaca-cancelar-delacao-da-jbs-sem-afetar-provas-contra-temer\/","title":{"rendered":"JANOT AMEA\u00c7A CANCELAR DELA\u00c7\u00c3O DA JBS, SEM AFETAR PROVAS CONTRA TEMER"},"content":{"rendered":"<p><img data-recalc-dims=\"1\" loading=\"lazy\" decoding=\"async\" data-attachment-id=\"13440\" data-permalink=\"http:\/\/blogdalucianaoliveira.com.br\/blog\/2017\/09\/04\/janot-ameaca-cancelar-delacao-da-jbs-sem-afetar-provas-contra-temer\/jaja-2\/\" data-orig-file=\"https:\/\/i0.wp.com\/blogdalucianaoliveira.com.br\/blog\/wp-content\/uploads\/2017\/09\/jaja.jpg?fit=1000%2C357\" data-orig-size=\"1000,357\" data-comments-opened=\"0\" data-image-meta=\"{&quot;aperture&quot;:&quot;0&quot;,&quot;credit&quot;:&quot;&quot;,&quot;camera&quot;:&quot;&quot;,&quot;caption&quot;:&quot;&quot;,&quot;created_timestamp&quot;:&quot;0&quot;,&quot;copyright&quot;:&quot;&quot;,&quot;focal_length&quot;:&quot;0&quot;,&quot;iso&quot;:&quot;0&quot;,&quot;shutter_speed&quot;:&quot;0&quot;,&quot;title&quot;:&quot;&quot;,&quot;orientation&quot;:&quot;0&quot;}\" data-image-title=\"jaja\" data-image-description=\"\" data-image-caption=\"\" data-medium-file=\"https:\/\/i0.wp.com\/blogdalucianaoliveira.com.br\/blog\/wp-content\/uploads\/2017\/09\/jaja.jpg?fit=300%2C107\" data-large-file=\"https:\/\/i0.wp.com\/blogdalucianaoliveira.com.br\/blog\/wp-content\/uploads\/2017\/09\/jaja.jpg?fit=600%2C214\" src=\"https:\/\/i0.wp.com\/blogdalucianaoliveira.com.br\/blog\/wp-content\/uploads\/2017\/09\/jaja.jpg?resize=600%2C214\" alt=\"jaja\" width=\"600\" height=\"214\" class=\"alignnone size-full wp-image-13440\" srcset=\"https:\/\/i0.wp.com\/blogdalucianaoliveira.com.br\/blog\/wp-content\/uploads\/2017\/09\/jaja.jpg?w=1000 1000w, https:\/\/i0.wp.com\/blogdalucianaoliveira.com.br\/blog\/wp-content\/uploads\/2017\/09\/jaja.jpg?resize=300%2C107 300w, https:\/\/i0.wp.com\/blogdalucianaoliveira.com.br\/blog\/wp-content\/uploads\/2017\/09\/jaja.jpg?resize=768%2C274 768w, https:\/\/i0.wp.com\/blogdalucianaoliveira.com.br\/blog\/wp-content\/uploads\/2017\/09\/jaja.jpg?resize=800%2C286 800w\" sizes=\"auto, (max-width: 600px) 100vw, 600px\" \/><\/p>\n<p>247 &#8211; O procurador-geral da Rep\u00fablica, Rodrigo Janot, convocou uma coletiva de imprensa \u00e0s pressas na noite desta segunda-feira 4 para anunciar que determinou a abertura de uma investiga\u00e7\u00e3o para apurar ind\u00edcios de oculta\u00e7\u00e3o de informa\u00e7\u00e3o sobre o acordo de dela\u00e7\u00e3o premiada da JBS.<!--more--><\/p>\n<p>Janot afirmou que foram encontrados &#8220;\u00e1udios grav\u00edssimos&#8221; no material entregue nos \u00faltimos dias pelos delatores da JBS &#8220;espontaneamente&#8221; \u00e0 PGR, que haviam sido &#8220;omitidos do Minist\u00e9rio P\u00fablico Federal&#8221;.<\/p>\n<p>Trata-se de uma conversa de quatro horas &#8220;entre dois colaboradores&#8221;, segundo ele, que se refere \u00e0 &#8220;privacidade da vida de pessoas&#8221; e &#8220;refer\u00eancias indevidas&#8221; \u00e0 PGR e ao Supremo. A grava\u00e7\u00e3o traz ind\u00edcios de conduta criminosa atribu\u00edda ao ex-procurador Marcelo Muller. &#8220;As insinua\u00e7\u00f5es s\u00e3o muito graves&#8221;, ressaltou.<\/p>\n<p>A conversa foi gravada em 17 de mar\u00e7o deste ano e aconteceu entre Joesley Batista, um dos donos da JBS, e Ricardo Saud, ex-executivo do grupo e tamb\u00e9m delator, respons\u00e1vel pela distribui\u00e7\u00e3o de propinas da empresa a pol\u00edticos.<\/p>\n<p>Ele submeteu a grava\u00e7\u00e3o ao STF e disse que \u00e9 &#8220;prov\u00e1vel&#8221; a rescis\u00e3o do acordo de colabora\u00e7\u00e3o premiada da JBS. No entanto, isso &#8220;n\u00e3o invalida nenhuma prova&#8221; trazida \u00e0 tona pelos delatores do grupo, assegurou. As den\u00fancias dos delatores da JBS atingem diretamente Michel Temer e o senador A\u00e9cio Neves (PSDB-MG), entre outros pol\u00edticos.<\/p>\n<p>Caso a dela\u00e7\u00e3o seja rescindida, haver\u00e1 revers\u00e3o apenas dos benef\u00edcios concedidos aos delatores, entre eles o empres\u00e1rio Joesley Batista.<\/p>\n<p>&#8220;Se os executivos da JBS erraram, pagar\u00e3o por isso, mas nem por isso pagar\u00e1 o instituto [da dela\u00e7\u00e3o], que dever\u00e1 ser preservado. Assistimos hoje for\u00e7as que se levantam contra o instituto da colabora\u00e7\u00e3o premiada&#8221;, disse Janot.<\/p>\n","protected":false},"excerpt":{"rendered":"<p>247 &#8211; O procurador-geral da Rep\u00fablica, Rodrigo Janot, convocou uma coletiva de imprensa \u00e0s pressas na noite desta segunda-feira 4 para anunciar que determinou a abertura de uma investiga\u00e7\u00e3o para apurar ind\u00edcios de oculta\u00e7\u00e3o de informa\u00e7\u00e3o sobre o acordo de dela\u00e7\u00e3o premiada da JBS.<\/p>\n","protected":false},"author":1,"featured_media":0,"comment_status":"closed","ping_status":"open","sticky":false,"template":"","format":"standard","meta":{"_exactmetrics_skip_tracking":false,"_exactmetrics_sitenote_active":false,"_exactmetrics_sitenote_note":"","_exactmetrics_sitenote_category":0,"jetpack_post_was_ever_published":false,"_jetpack_newsletter_access":"","_jetpack_dont_email_post_to_subs":false,"_jetpack_newsletter_tier_id":0,"_jetpack_memberships_contains_paywalled_content":false,"_jetpack_memberships_contains_paid_content":false,"footnotes":"","jetpack_publicize_message":"","jetpack_publicize_feature_enabled":true,"jetpack_social_post_already_shared":true,"jetpack_social_options":{"image_generator_settings":{"template":"highway","enabled":false},"version":2}},"categories":[1],"tags":[],"class_list":["post-13439","post","type-post","status-publish","format-standard","hentry","category-notas"],"jetpack_publicize_connections":[],"jetpack_sharing_enabled":true,"jetpack_featured_media_url":"","jetpack_shortlink":"https:\/\/wp.me\/p7wKYW-3uL","jetpack-related-posts":[],"_links":{"self":[{"href":"http:\/\/blogdalucianaoliveira.com.br\/blog\/wp-json\/wp\/v2\/posts\/13439","targetHints":{"allow":["GET"]}}],"collection":[{"href":"http:\/\/blogdalucianaoliveira.com.br\/blog\/wp-json\/wp\/v2\/posts"}],"about":[{"href":"http:\/\/blogdalucianaoliveira.com.br\/blog\/wp-json\/wp\/v2\/types\/post"}],"author":[{"embeddable":true,"href":"http:\/\/blogdalucianaoliveira.com.br\/blog\/wp-json\/wp\/v2\/users\/1"}],"replies":[{"embeddable":true,"href":"http:\/\/blogdalucianaoliveira.com.br\/blog\/wp-json\/wp\/v2\/comments?post=13439"}],"version-history":[{"count":1,"href":"http:\/\/blogdalucianaoliveira.com.br\/blog\/wp-json\/wp\/v2\/posts\/13439\/revisions"}],"predecessor-version":[{"id":13441,"href":"http:\/\/blogdalucianaoliveira.com.br\/blog\/wp-json\/wp\/v2\/posts\/13439\/revisions\/13441"}],"wp:attachment":[{"href":"http:\/\/blogdalucianaoliveira.com.br\/blog\/wp-json\/wp\/v2\/media?parent=13439"}],"wp:term":[{"taxonomy":"category","embeddable":true,"href":"http:\/\/blogdalucianaoliveira.com.br\/blog\/wp-json\/wp\/v2\/categories?post=13439"},{"taxonomy":"post_tag","embeddable":true,"href":"http:\/\/blogdalucianaoliveira.com.br\/blog\/wp-json\/wp\/v2\/tags?post=13439"}],"curies":[{"name":"wp","href":"https:\/\/api.w.org\/{rel}","templated":true}]}}