{"id":13442,"date":"2017-09-04T20:21:09","date_gmt":"2017-09-05T00:21:09","guid":{"rendered":"http:\/\/blogdalucianaoliveira.com.br\/blog\/?p=13442"},"modified":"2017-09-04T20:21:09","modified_gmt":"2017-09-05T00:21:09","slug":"mais-de-80-mil-muculmanos-perseguidos-em-mianmar-se-refugiam-em-bangladesh","status":"publish","type":"post","link":"http:\/\/blogdalucianaoliveira.com.br\/blog\/2017\/09\/04\/mais-de-80-mil-muculmanos-perseguidos-em-mianmar-se-refugiam-em-bangladesh\/","title":{"rendered":"Mais de 80 mil mu\u00e7ulmanos perseguidos em Mianmar se refugiam em Bangladesh"},"content":{"rendered":"<p><img data-recalc-dims=\"1\" loading=\"lazy\" decoding=\"async\" data-attachment-id=\"13443\" data-permalink=\"http:\/\/blogdalucianaoliveira.com.br\/blog\/2017\/09\/04\/mais-de-80-mil-muculmanos-perseguidos-em-mianmar-se-refugiam-em-bangladesh\/mia\/\" data-orig-file=\"https:\/\/i0.wp.com\/blogdalucianaoliveira.com.br\/blog\/wp-content\/uploads\/2017\/09\/mia.jpg?fit=1024%2C578\" data-orig-size=\"1024,578\" data-comments-opened=\"0\" data-image-meta=\"{&quot;aperture&quot;:&quot;0&quot;,&quot;credit&quot;:&quot;&quot;,&quot;camera&quot;:&quot;&quot;,&quot;caption&quot;:&quot;&quot;,&quot;created_timestamp&quot;:&quot;0&quot;,&quot;copyright&quot;:&quot;&quot;,&quot;focal_length&quot;:&quot;0&quot;,&quot;iso&quot;:&quot;0&quot;,&quot;shutter_speed&quot;:&quot;0&quot;,&quot;title&quot;:&quot;&quot;,&quot;orientation&quot;:&quot;0&quot;}\" data-image-title=\"mia\" data-image-description=\"\" data-image-caption=\"\" data-medium-file=\"https:\/\/i0.wp.com\/blogdalucianaoliveira.com.br\/blog\/wp-content\/uploads\/2017\/09\/mia.jpg?fit=300%2C169\" data-large-file=\"https:\/\/i0.wp.com\/blogdalucianaoliveira.com.br\/blog\/wp-content\/uploads\/2017\/09\/mia.jpg?fit=600%2C339\" src=\"https:\/\/i0.wp.com\/blogdalucianaoliveira.com.br\/blog\/wp-content\/uploads\/2017\/09\/mia.jpg?resize=600%2C339\" alt=\"mia\" width=\"600\" height=\"339\" class=\"alignnone size-full wp-image-13443\" srcset=\"https:\/\/i0.wp.com\/blogdalucianaoliveira.com.br\/blog\/wp-content\/uploads\/2017\/09\/mia.jpg?w=1024 1024w, https:\/\/i0.wp.com\/blogdalucianaoliveira.com.br\/blog\/wp-content\/uploads\/2017\/09\/mia.jpg?resize=300%2C169 300w, https:\/\/i0.wp.com\/blogdalucianaoliveira.com.br\/blog\/wp-content\/uploads\/2017\/09\/mia.jpg?resize=768%2C434 768w, https:\/\/i0.wp.com\/blogdalucianaoliveira.com.br\/blog\/wp-content\/uploads\/2017\/09\/mia.jpg?resize=531%2C300 531w\" sizes=\"auto, (max-width: 600px) 100vw, 600px\" \/><\/p>\n<p>Pelo menos 87 mil pessoas, grande parte refugiados rohingyas, chegaram a Bangladesh nos \u00faltimos dez dias. A minoria mu\u00e7ulmana \u00e9 perseguida em Mianmar, a antiga Birm\u00e2nia, um pa\u00eds de maioria budista.<\/p>\n<p>Os refugiados n\u00e3o param de cruzar a fronteira com Bangladesh desde que os confrontos come\u00e7aram, em 25 de agosto, e se amontoam em acampamentos. Segundo informa\u00e7\u00f5es das Na\u00e7\u00f5es Unidas, cerca de 20 mil pessoas continuam no estado de Rakain, no oeste de Mianmar, \u00e0 espera de poder entrar no territ\u00f3rio bengal\u00eas.<!--more--><\/p>\n<p>A ONU afirmou tamb\u00e9m que a maioria dos rec\u00e9m-chegados se instalou nos j\u00e1 saturados acampamentos de refugiados rohingya dos arredores da cidade costeira de Cox&#8217;s Bazar. A situa\u00e7\u00e3o ficou ainda mais complicada com as fortes chuvas das mon\u00e7\u00f5es desta \u00e9poca do ano.<\/p>\n<p>Apesar dos controles fronteiri\u00e7os instaurados pelo governo de Daca, as autoridades de Bangladesh n\u00e3o t\u00eam conseguido conter os refugiados.<\/p>\n<p>Viol\u00eancia entre budistas e mu\u00e7ulmanos existe h\u00e1 anos<\/p>\n<p>A viol\u00eancia entre diferentes religi\u00f5es \u00e9 algo que existe h\u00e1 v\u00e1rios anos em Mianmar. As disputas entre a maioria budista e a minoria mu\u00e7ulmana \u00e9 concentrada principalmente no oeste do pa\u00eds.<\/p>\n<p>Mianmar vive sob um sistema de nacionalismo budista, que considera os mu\u00e7ulmanos como uma amea\u00e7a. As autoridades do pa\u00eds afirmam que os cerca de um milh\u00e3o de rohingya do pa\u00eds s\u00e3o imigrantes ilegais vindos do vizinho Bangladesh, mesmo se eles vivem no territ\u00f3rio birman\u00eas h\u00e1 v\u00e1rias gera\u00e7\u00f5es.<\/p>\n<p>A nova onda de viol\u00eancia come\u00e7ou quando o Arakan Rohingya Salvation Army (ARSA), um grupo que defende os direitos da minoria mu\u00e7ulmana, atacou cerca de 30 delegacias em Mianmar. Desde ent\u00e3o, o ex\u00e9rcito birman\u00eas lan\u00e7ou uma opera\u00e7\u00e3o de resposta que j\u00e1 resultou na morte de mais de 400 pessoas. Mais de 2,6 mil casas foram destru\u00eddas.<\/p>\n<p>Aung San Suu Kyi, l\u00edder do governo birman\u00eas, \u00e9 cada vez mais criticada pela comunidade internacional por mostrar pouca disposi\u00e7\u00e3o em falar sobre o tratamento dado aos rohingyas. Desde a explos\u00e3o do \u00faltimo epis\u00f3dio de viol\u00eancia, ela n\u00e3o se pronunciou.<\/p>\n<p>(Com informa\u00e7\u00f5es da AFP)<\/p>\n","protected":false},"excerpt":{"rendered":"<p>Pelo menos 87 mil pessoas, grande parte refugiados rohingyas, chegaram a Bangladesh nos \u00faltimos dez dias. A minoria mu\u00e7ulmana \u00e9 perseguida em Mianmar, a antiga Birm\u00e2nia, um pa\u00eds de maioria budista. Os refugiados n\u00e3o param de cruzar a fronteira com Bangladesh desde que os confrontos come\u00e7aram, em 25 de agosto, e se amontoam em acampamentos&#8230;.<a class=\"more-link\" href=\"http:\/\/blogdalucianaoliveira.com.br\/blog\/2017\/09\/04\/mais-de-80-mil-muculmanos-perseguidos-em-mianmar-se-refugiam-em-bangladesh\/\">Continue a leitura <span class=\"meta-nav\">&raquo;<\/span><\/a><\/p>\n","protected":false},"author":1,"featured_media":0,"comment_status":"closed","ping_status":"open","sticky":false,"template":"","format":"standard","meta":{"_exactmetrics_skip_tracking":false,"_exactmetrics_sitenote_active":false,"_exactmetrics_sitenote_note":"","_exactmetrics_sitenote_category":0,"jetpack_post_was_ever_published":false,"_jetpack_newsletter_access":"","_jetpack_dont_email_post_to_subs":false,"_jetpack_newsletter_tier_id":0,"_jetpack_memberships_contains_paywalled_content":false,"_jetpack_memberships_contains_paid_content":false,"footnotes":"","jetpack_publicize_message":"","jetpack_publicize_feature_enabled":true,"jetpack_social_post_already_shared":true,"jetpack_social_options":{"image_generator_settings":{"template":"highway","enabled":false},"version":2}},"categories":[1],"tags":[],"class_list":["post-13442","post","type-post","status-publish","format-standard","hentry","category-notas"],"jetpack_publicize_connections":[],"jetpack_sharing_enabled":true,"jetpack_featured_media_url":"","jetpack_shortlink":"https:\/\/wp.me\/p7wKYW-3uO","jetpack-related-posts":[],"_links":{"self":[{"href":"http:\/\/blogdalucianaoliveira.com.br\/blog\/wp-json\/wp\/v2\/posts\/13442","targetHints":{"allow":["GET"]}}],"collection":[{"href":"http:\/\/blogdalucianaoliveira.com.br\/blog\/wp-json\/wp\/v2\/posts"}],"about":[{"href":"http:\/\/blogdalucianaoliveira.com.br\/blog\/wp-json\/wp\/v2\/types\/post"}],"author":[{"embeddable":true,"href":"http:\/\/blogdalucianaoliveira.com.br\/blog\/wp-json\/wp\/v2\/users\/1"}],"replies":[{"embeddable":true,"href":"http:\/\/blogdalucianaoliveira.com.br\/blog\/wp-json\/wp\/v2\/comments?post=13442"}],"version-history":[{"count":1,"href":"http:\/\/blogdalucianaoliveira.com.br\/blog\/wp-json\/wp\/v2\/posts\/13442\/revisions"}],"predecessor-version":[{"id":13444,"href":"http:\/\/blogdalucianaoliveira.com.br\/blog\/wp-json\/wp\/v2\/posts\/13442\/revisions\/13444"}],"wp:attachment":[{"href":"http:\/\/blogdalucianaoliveira.com.br\/blog\/wp-json\/wp\/v2\/media?parent=13442"}],"wp:term":[{"taxonomy":"category","embeddable":true,"href":"http:\/\/blogdalucianaoliveira.com.br\/blog\/wp-json\/wp\/v2\/categories?post=13442"},{"taxonomy":"post_tag","embeddable":true,"href":"http:\/\/blogdalucianaoliveira.com.br\/blog\/wp-json\/wp\/v2\/tags?post=13442"}],"curies":[{"name":"wp","href":"https:\/\/api.w.org\/{rel}","templated":true}]}}