{"id":13453,"date":"2017-09-05T15:14:45","date_gmt":"2017-09-05T19:14:45","guid":{"rendered":"http:\/\/blogdalucianaoliveira.com.br\/blog\/?p=13453"},"modified":"2017-09-05T15:14:45","modified_gmt":"2017-09-05T19:14:45","slug":"ouca-joesley-o-aecio-e-um-bandidao","status":"publish","type":"post","link":"http:\/\/blogdalucianaoliveira.com.br\/blog\/2017\/09\/05\/ouca-joesley-o-aecio-e-um-bandidao\/","title":{"rendered":"OU\u00c7A JOESLEY: \u201cO A\u00c9CIO \u00c9 UM BANDID\u00c3O\u201d"},"content":{"rendered":"<p><img data-recalc-dims=\"1\" loading=\"lazy\" decoding=\"async\" data-attachment-id=\"13454\" data-permalink=\"http:\/\/blogdalucianaoliveira.com.br\/blog\/2017\/09\/05\/ouca-joesley-o-aecio-e-um-bandidao\/jojoi\/\" data-orig-file=\"https:\/\/i0.wp.com\/blogdalucianaoliveira.com.br\/blog\/wp-content\/uploads\/2017\/09\/jojoi.jpg?fit=1000%2C357\" data-orig-size=\"1000,357\" data-comments-opened=\"0\" data-image-meta=\"{&quot;aperture&quot;:&quot;0&quot;,&quot;credit&quot;:&quot;&quot;,&quot;camera&quot;:&quot;&quot;,&quot;caption&quot;:&quot;&quot;,&quot;created_timestamp&quot;:&quot;0&quot;,&quot;copyright&quot;:&quot;&quot;,&quot;focal_length&quot;:&quot;0&quot;,&quot;iso&quot;:&quot;0&quot;,&quot;shutter_speed&quot;:&quot;0&quot;,&quot;title&quot;:&quot;&quot;,&quot;orientation&quot;:&quot;0&quot;}\" data-image-title=\"jojoi\" data-image-description=\"\" data-image-caption=\"\" data-medium-file=\"https:\/\/i0.wp.com\/blogdalucianaoliveira.com.br\/blog\/wp-content\/uploads\/2017\/09\/jojoi.jpg?fit=300%2C107\" data-large-file=\"https:\/\/i0.wp.com\/blogdalucianaoliveira.com.br\/blog\/wp-content\/uploads\/2017\/09\/jojoi.jpg?fit=600%2C214\" class=\"alignnone size-full wp-image-13454\" src=\"https:\/\/i0.wp.com\/blogdalucianaoliveira.com.br\/blog\/wp-content\/uploads\/2017\/09\/jojoi.jpg?resize=600%2C214\" alt=\"jojoi\" width=\"600\" height=\"214\" srcset=\"https:\/\/i0.wp.com\/blogdalucianaoliveira.com.br\/blog\/wp-content\/uploads\/2017\/09\/jojoi.jpg?w=1000 1000w, https:\/\/i0.wp.com\/blogdalucianaoliveira.com.br\/blog\/wp-content\/uploads\/2017\/09\/jojoi.jpg?resize=300%2C107 300w, https:\/\/i0.wp.com\/blogdalucianaoliveira.com.br\/blog\/wp-content\/uploads\/2017\/09\/jojoi.jpg?resize=768%2C274 768w, https:\/\/i0.wp.com\/blogdalucianaoliveira.com.br\/blog\/wp-content\/uploads\/2017\/09\/jojoi.jpg?resize=800%2C286 800w\" sizes=\"auto, (max-width: 600px) 100vw, 600px\" \/><\/p>\n<p>247 &#8211; Em uma das grava\u00e7\u00f5es entregues \u00e0 Procuradoria-Geral da Rep\u00fablica, os delatores da JBS Joesley Batista e Ricardo Saud discutem quais autoridades deveriam ser gravadas por eles para compor o acervo do acordo de dela\u00e7\u00e3o premiada que negociavam com o Minist\u00e9rio P\u00fablico Federal.<!--more--><\/p>\n<p>Al\u00e9m de acertarem grava\u00e7\u00f5es com Michel Temer e com o ex-ministro da Justi\u00e7a Eduardo Cardozo, Joesley e Saud afirmam ter informa\u00e7\u00f5es que comprometem o senador A\u00e9cio Neves (PSDB-MG), um dos articuladores principais do golpe parlamentar de 2016. &#8220;Vamos pegar o A\u00e9cio tamb\u00e9m. Ele vai ficar chateado&#8221;, diz Saud.<\/p>\n<p>Embora Joesley considere A\u00e9cio um pol\u00edtico de import\u00e2ncia menor diante de alvos como Michel Temer, o empres\u00e1rio dono da JBS se justifica: &#8220;Ele ficou pequenininho&#8230; (risos). N\u00e3o, n\u00f3s vamos, s\u00f3 porque ele \u00e9 bandid\u00e3o mesmo. Voc\u00ea sabe que esse aqui, os outros vai ficar pequenininho, pequenas causas, n\u00e3o vai precisar&#8221;.<\/p>\n<p>A\u00e9cio Neves tem contra si pedido de pris\u00e3o feito pelo procurador geral da Rep\u00fablica Rodrigo Janot, o terceiro, que est\u00e1 h\u00e1 mais de um m\u00eas nas m\u00e3os do ministro Marco Aur\u00e9lio Mello, do Supremo Tribunal Federal, para ser julgado. Janot pretende anular a decis\u00e3o do ministro Marco Aur\u00e9lio, que havia negado a pris\u00e3o do tucano, al\u00e9m de ter lhe devolvido \u00e0s atividades no Senado.<\/p>\n<p>O senador tucano \u00e9 acusado de corrup\u00e7\u00e3o passiva e obstru\u00e7\u00e3o da Justi\u00e7a; ele teria pedido e recebido R$ 2 milh\u00f5es da JBS e atuado no Senado e junto ao Executivo para embara\u00e7ar as investiga\u00e7\u00f5es da Lava Jato.<\/p>\n<p>Ou\u00e7a:\u00a0<a href=\"https:\/\/soundcloud.com\/veja-com\/joesley-aecio-e-bandidao\">https:\/\/soundcloud.com\/veja-com\/joesley-aecio-e-bandidao<\/a><\/p>\n","protected":false},"excerpt":{"rendered":"<p>247 &#8211; Em uma das grava\u00e7\u00f5es entregues \u00e0 Procuradoria-Geral da Rep\u00fablica, os delatores da JBS Joesley Batista e Ricardo Saud discutem quais autoridades deveriam ser gravadas por eles para compor o acervo do acordo de dela\u00e7\u00e3o premiada que negociavam com o Minist\u00e9rio P\u00fablico Federal.<\/p>\n","protected":false},"author":1,"featured_media":0,"comment_status":"closed","ping_status":"open","sticky":false,"template":"","format":"standard","meta":{"_exactmetrics_skip_tracking":false,"_exactmetrics_sitenote_active":false,"_exactmetrics_sitenote_note":"","_exactmetrics_sitenote_category":0,"jetpack_post_was_ever_published":false,"_jetpack_newsletter_access":"","_jetpack_dont_email_post_to_subs":false,"_jetpack_newsletter_tier_id":0,"_jetpack_memberships_contains_paywalled_content":false,"_jetpack_memberships_contains_paid_content":false,"footnotes":"","jetpack_publicize_message":"","jetpack_publicize_feature_enabled":true,"jetpack_social_post_already_shared":true,"jetpack_social_options":{"image_generator_settings":{"template":"highway","enabled":false},"version":2}},"categories":[1],"tags":[],"class_list":["post-13453","post","type-post","status-publish","format-standard","hentry","category-notas"],"jetpack_publicize_connections":[],"jetpack_sharing_enabled":true,"jetpack_featured_media_url":"","jetpack_shortlink":"https:\/\/wp.me\/p7wKYW-3uZ","jetpack-related-posts":[],"_links":{"self":[{"href":"http:\/\/blogdalucianaoliveira.com.br\/blog\/wp-json\/wp\/v2\/posts\/13453","targetHints":{"allow":["GET"]}}],"collection":[{"href":"http:\/\/blogdalucianaoliveira.com.br\/blog\/wp-json\/wp\/v2\/posts"}],"about":[{"href":"http:\/\/blogdalucianaoliveira.com.br\/blog\/wp-json\/wp\/v2\/types\/post"}],"author":[{"embeddable":true,"href":"http:\/\/blogdalucianaoliveira.com.br\/blog\/wp-json\/wp\/v2\/users\/1"}],"replies":[{"embeddable":true,"href":"http:\/\/blogdalucianaoliveira.com.br\/blog\/wp-json\/wp\/v2\/comments?post=13453"}],"version-history":[{"count":1,"href":"http:\/\/blogdalucianaoliveira.com.br\/blog\/wp-json\/wp\/v2\/posts\/13453\/revisions"}],"predecessor-version":[{"id":13455,"href":"http:\/\/blogdalucianaoliveira.com.br\/blog\/wp-json\/wp\/v2\/posts\/13453\/revisions\/13455"}],"wp:attachment":[{"href":"http:\/\/blogdalucianaoliveira.com.br\/blog\/wp-json\/wp\/v2\/media?parent=13453"}],"wp:term":[{"taxonomy":"category","embeddable":true,"href":"http:\/\/blogdalucianaoliveira.com.br\/blog\/wp-json\/wp\/v2\/categories?post=13453"},{"taxonomy":"post_tag","embeddable":true,"href":"http:\/\/blogdalucianaoliveira.com.br\/blog\/wp-json\/wp\/v2\/tags?post=13453"}],"curies":[{"name":"wp","href":"https:\/\/api.w.org\/{rel}","templated":true}]}}