{"id":13456,"date":"2017-09-05T15:19:38","date_gmt":"2017-09-05T19:19:38","guid":{"rendered":"http:\/\/blogdalucianaoliveira.com.br\/blog\/?p=13456"},"modified":"2017-09-05T15:19:38","modified_gmt":"2017-09-05T19:19:38","slug":"pf-encontra-bunker-atribuido-a-geddel-com-malas-de-dinheiro","status":"publish","type":"post","link":"http:\/\/blogdalucianaoliveira.com.br\/blog\/2017\/09\/05\/pf-encontra-bunker-atribuido-a-geddel-com-malas-de-dinheiro\/","title":{"rendered":"PF encontra \u201cbunker\u201d atribu\u00eddo a Geddel com malas de dinheiro"},"content":{"rendered":"<p><img data-recalc-dims=\"1\" loading=\"lazy\" decoding=\"async\" data-attachment-id=\"13457\" data-permalink=\"http:\/\/blogdalucianaoliveira.com.br\/blog\/2017\/09\/05\/pf-encontra-bunker-atribuido-a-geddel-com-malas-de-dinheiro\/fdp1\/\" data-orig-file=\"https:\/\/i0.wp.com\/blogdalucianaoliveira.com.br\/blog\/wp-content\/uploads\/2017\/09\/fdp1.jpg?fit=1000%2C357\" data-orig-size=\"1000,357\" data-comments-opened=\"0\" data-image-meta=\"{&quot;aperture&quot;:&quot;0&quot;,&quot;credit&quot;:&quot;&quot;,&quot;camera&quot;:&quot;&quot;,&quot;caption&quot;:&quot;&quot;,&quot;created_timestamp&quot;:&quot;0&quot;,&quot;copyright&quot;:&quot;&quot;,&quot;focal_length&quot;:&quot;0&quot;,&quot;iso&quot;:&quot;0&quot;,&quot;shutter_speed&quot;:&quot;0&quot;,&quot;title&quot;:&quot;&quot;,&quot;orientation&quot;:&quot;0&quot;}\" data-image-title=\"fdp1\" data-image-description=\"\" data-image-caption=\"\" data-medium-file=\"https:\/\/i0.wp.com\/blogdalucianaoliveira.com.br\/blog\/wp-content\/uploads\/2017\/09\/fdp1.jpg?fit=300%2C107\" data-large-file=\"https:\/\/i0.wp.com\/blogdalucianaoliveira.com.br\/blog\/wp-content\/uploads\/2017\/09\/fdp1.jpg?fit=600%2C214\" src=\"https:\/\/i0.wp.com\/blogdalucianaoliveira.com.br\/blog\/wp-content\/uploads\/2017\/09\/fdp1.jpg?resize=600%2C214\" alt=\"fdp1\" width=\"600\" height=\"214\" class=\"alignnone size-full wp-image-13457\" srcset=\"https:\/\/i0.wp.com\/blogdalucianaoliveira.com.br\/blog\/wp-content\/uploads\/2017\/09\/fdp1.jpg?w=1000 1000w, https:\/\/i0.wp.com\/blogdalucianaoliveira.com.br\/blog\/wp-content\/uploads\/2017\/09\/fdp1.jpg?resize=300%2C107 300w, https:\/\/i0.wp.com\/blogdalucianaoliveira.com.br\/blog\/wp-content\/uploads\/2017\/09\/fdp1.jpg?resize=768%2C274 768w, https:\/\/i0.wp.com\/blogdalucianaoliveira.com.br\/blog\/wp-content\/uploads\/2017\/09\/fdp1.jpg?resize=800%2C286 800w\" sizes=\"auto, (max-width: 600px) 100vw, 600px\" \/><\/p>\n<p>Da Bahia Not\u00edcias:<\/p>\n<p>A Pol\u00edcia Federal divulgou, nesta ter\u00e7a-feira (5), a localiza\u00e7\u00e3o de um \u201cbunker\u201d com ao menos oito malas e seis caixas de dinheiro em um endere\u00e7o ligado ao ex-ministro Geddel Vieira Lima, em pris\u00e3o domiciliar desde o m\u00eas de julho em Salvador.<!--more--><\/p>\n<p>\u201cAp\u00f3s investiga\u00e7\u00f5es decorrentes de dados coletados nas \u00faltimas fases da Opera\u00e7\u00e3o Cui Bono?, a PF chegou a um endere\u00e7o em Salvador\/BA, que seria, supostamente, utilizado por Geddel Vieira Lima como \u201cbunker\u201d para armazenagem de dinheiro em esp\u00e9cie\u201d, afirmou a PF, por meio de nota.<\/p>\n<p>Foram localizadas milhares de notas de reais na opera\u00e7\u00e3o Tesouro Perdido, autorizada pela 10\u00aa Vara Federal em Bras\u00edlia, que analisa processos relacionadas \u00e0 Opera\u00e7\u00e3o Cui Bono?, respons\u00e1vel pela pris\u00e3o de Geddel no \u00faltimo dia 3 de julho. Dados obtidos pela primeira opera\u00e7\u00e3o apontaram o endere\u00e7o, em Salvador, que seria utilizado para armazenagem do dinheiro.<\/p>\n<p>Os valores apreendidos ser\u00e3o transportados a um banco para contabiliza\u00e7\u00e3o e depositados em conta judicial.<\/p>\n","protected":false},"excerpt":{"rendered":"<p>Da Bahia Not\u00edcias: A Pol\u00edcia Federal divulgou, nesta ter\u00e7a-feira (5), a localiza\u00e7\u00e3o de um \u201cbunker\u201d com ao menos oito malas e seis caixas de dinheiro em um endere\u00e7o ligado ao ex-ministro Geddel Vieira Lima, em pris\u00e3o domiciliar desde o m\u00eas de julho em Salvador.<\/p>\n","protected":false},"author":1,"featured_media":0,"comment_status":"closed","ping_status":"open","sticky":false,"template":"","format":"standard","meta":{"_exactmetrics_skip_tracking":false,"_exactmetrics_sitenote_active":false,"_exactmetrics_sitenote_note":"","_exactmetrics_sitenote_category":0,"jetpack_post_was_ever_published":false,"_jetpack_newsletter_access":"","_jetpack_dont_email_post_to_subs":false,"_jetpack_newsletter_tier_id":0,"_jetpack_memberships_contains_paywalled_content":false,"_jetpack_memberships_contains_paid_content":false,"footnotes":"","jetpack_publicize_message":"","jetpack_publicize_feature_enabled":true,"jetpack_social_post_already_shared":true,"jetpack_social_options":{"image_generator_settings":{"template":"highway","enabled":false},"version":2}},"categories":[1],"tags":[],"class_list":["post-13456","post","type-post","status-publish","format-standard","hentry","category-notas"],"jetpack_publicize_connections":[],"jetpack_sharing_enabled":true,"jetpack_featured_media_url":"","jetpack_shortlink":"https:\/\/wp.me\/p7wKYW-3v2","jetpack-related-posts":[],"_links":{"self":[{"href":"http:\/\/blogdalucianaoliveira.com.br\/blog\/wp-json\/wp\/v2\/posts\/13456","targetHints":{"allow":["GET"]}}],"collection":[{"href":"http:\/\/blogdalucianaoliveira.com.br\/blog\/wp-json\/wp\/v2\/posts"}],"about":[{"href":"http:\/\/blogdalucianaoliveira.com.br\/blog\/wp-json\/wp\/v2\/types\/post"}],"author":[{"embeddable":true,"href":"http:\/\/blogdalucianaoliveira.com.br\/blog\/wp-json\/wp\/v2\/users\/1"}],"replies":[{"embeddable":true,"href":"http:\/\/blogdalucianaoliveira.com.br\/blog\/wp-json\/wp\/v2\/comments?post=13456"}],"version-history":[{"count":1,"href":"http:\/\/blogdalucianaoliveira.com.br\/blog\/wp-json\/wp\/v2\/posts\/13456\/revisions"}],"predecessor-version":[{"id":13458,"href":"http:\/\/blogdalucianaoliveira.com.br\/blog\/wp-json\/wp\/v2\/posts\/13456\/revisions\/13458"}],"wp:attachment":[{"href":"http:\/\/blogdalucianaoliveira.com.br\/blog\/wp-json\/wp\/v2\/media?parent=13456"}],"wp:term":[{"taxonomy":"category","embeddable":true,"href":"http:\/\/blogdalucianaoliveira.com.br\/blog\/wp-json\/wp\/v2\/categories?post=13456"},{"taxonomy":"post_tag","embeddable":true,"href":"http:\/\/blogdalucianaoliveira.com.br\/blog\/wp-json\/wp\/v2\/tags?post=13456"}],"curies":[{"name":"wp","href":"https:\/\/api.w.org\/{rel}","templated":true}]}}