{"id":13459,"date":"2017-09-05T15:22:36","date_gmt":"2017-09-05T19:22:36","guid":{"rendered":"http:\/\/blogdalucianaoliveira.com.br\/blog\/?p=13459"},"modified":"2017-09-05T15:22:36","modified_gmt":"2017-09-05T19:22:36","slug":"combinar-para-joesley-gravar-e-crime-so-nao-e-quando-moro-combina","status":"publish","type":"post","link":"http:\/\/blogdalucianaoliveira.com.br\/blog\/2017\/09\/05\/combinar-para-joesley-gravar-e-crime-so-nao-e-quando-moro-combina\/","title":{"rendered":"Combinar para Joesley gravar \u00e9 crime. S\u00f3 n\u00e3o \u00e9 quando Moro combina?"},"content":{"rendered":"<p><img data-recalc-dims=\"1\" loading=\"lazy\" decoding=\"async\" data-attachment-id=\"13460\" data-permalink=\"http:\/\/blogdalucianaoliveira.com.br\/blog\/2017\/09\/05\/combinar-para-joesley-gravar-e-crime-so-nao-e-quando-moro-combina\/vele\/\" data-orig-file=\"https:\/\/i0.wp.com\/blogdalucianaoliveira.com.br\/blog\/wp-content\/uploads\/2017\/09\/vele.jpg?fit=600%2C296\" data-orig-size=\"600,296\" data-comments-opened=\"0\" data-image-meta=\"{&quot;aperture&quot;:&quot;0&quot;,&quot;credit&quot;:&quot;&quot;,&quot;camera&quot;:&quot;&quot;,&quot;caption&quot;:&quot;&quot;,&quot;created_timestamp&quot;:&quot;0&quot;,&quot;copyright&quot;:&quot;&quot;,&quot;focal_length&quot;:&quot;0&quot;,&quot;iso&quot;:&quot;0&quot;,&quot;shutter_speed&quot;:&quot;0&quot;,&quot;title&quot;:&quot;&quot;,&quot;orientation&quot;:&quot;0&quot;}\" data-image-title=\"vele\" data-image-description=\"\" data-image-caption=\"\" data-medium-file=\"https:\/\/i0.wp.com\/blogdalucianaoliveira.com.br\/blog\/wp-content\/uploads\/2017\/09\/vele.jpg?fit=300%2C148\" data-large-file=\"https:\/\/i0.wp.com\/blogdalucianaoliveira.com.br\/blog\/wp-content\/uploads\/2017\/09\/vele.jpg?fit=600%2C296\" src=\"https:\/\/i0.wp.com\/blogdalucianaoliveira.com.br\/blog\/wp-content\/uploads\/2017\/09\/vele.jpg?resize=600%2C296\" alt=\"vele\" width=\"600\" height=\"296\" class=\"alignnone size-full wp-image-13460\" srcset=\"https:\/\/i0.wp.com\/blogdalucianaoliveira.com.br\/blog\/wp-content\/uploads\/2017\/09\/vele.jpg?w=600 600w, https:\/\/i0.wp.com\/blogdalucianaoliveira.com.br\/blog\/wp-content\/uploads\/2017\/09\/vele.jpg?resize=300%2C148 300w\" sizes=\"auto, (max-width: 600px) 100vw, 600px\" \/><\/p>\n<p>No Tijola\u00e7o, por Fernando Brito &#8211; No rompimento da barragem de lama da Procuradoria Geral da Rep\u00fablica ficamos sabendo, com grande esc\u00e2ndalo, que as grava\u00e7\u00f5es feitas por Joesley Batista foram solicitadas e  orientadas pelo Minist\u00e9rio P\u00fablico.<!--more--><\/p>\n<p>Muito bem, isso \u00e9 correto? Se n\u00e3o \u00e9, porque o Tribunal Regional Federal da 4\u00aa Regi\u00e3o referendou a atitude do \u201cjuiz-investigador\u201d S\u00e9rgio Moro em fazer o mesmo com um dos delatores do caso Banestado, como se l\u00ea no voto do desembargador Jos\u00e9 Paulo Baltazar Junior, em caso em que o juiz, defendido por sua mulher Ros\u00e2ngela, era parte nos embargos de um pedido de nulidade?<\/p>\n<p>Leia s\u00f3 o trecho do voto de Baltazar dizendo que um dos condenados por Moro o havia  caluniado ao  dizer que ele mandara fazer grampos ilegais:<\/p>\n<p>De fato, o r\u00e9u fez acusa\u00e7\u00e3o falsa ao afirmar na entrevista do dia 15.03.2006 que o Juiz S\u00e9rgio Fernando Moro teria ordenado Tony Garcia fazer um \u201cgrampo\u201d ilegal contra a pessoa do Presidente do Tribunal de Contas do Paran\u00e1.<br \/>\nTrata-se de afirma\u00e7\u00e3o que diz respeito a fato definido como crime, pois a intercepta\u00e7\u00e3o telef\u00f4nica com objetivos n\u00e3o autorizados est\u00e1 prevista como crime no art. 10 da Lei 9.296\/96.<br \/>\nSucede que o magistrado ofendido havia autorizado no acordo de dela\u00e7\u00e3o premiada (autos 2004.70.00.043116-0), a pedido do Minist\u00e9rio P\u00fablico Federal, que a pessoa de Tony Garcia gravasse conversas que passaria a entabular com outras pessoas. Se uma dessas pessoas que travou conversa\u00e7\u00e3o com Tony Garcia era o Presidente do Tribunal de Contas do Paran\u00e1, \u00e9 decorr\u00eancia natural da medida. Ali\u00e1s, tal autoriza\u00e7\u00e3o seria inclusive dispens\u00e1vel, pois \u00e9 not\u00f3rio que a grava\u00e7\u00e3o de conversa por um dos interlocutores n\u00e3o equivale a intercepta\u00e7\u00e3o telef\u00f4nica.<br \/>\nEnt\u00e3o, por favor, pode ou n\u00e3o pode?<\/p>\n<p>Se isso n\u00e3o vale para o delator Joesley Batista, como \u00e9 que valia no Paran\u00e1? E se uma das pessoas que travou conversa\u00e7\u00e3o com ele foi o Presidente da Rep\u00fablica, n\u00e3o se aplica o mesmo conceito que o presidente do TCE paranaense, que igualmente disp\u00f5e de foro privilegiado?<\/p>\n<p>O voto do Relator, aprovado pelos seus pares, nos EMBARGOS DE DECLARA\u00c7\u00c3O EM EMBARGOS INFRINGENTES E DE NULIDADE N\u00ba 0011412-81.2007.404.7000\/PR est\u00e3o \u00e0 disposi\u00e7\u00e3o de qualquer um.<\/p>\n","protected":false},"excerpt":{"rendered":"<p>No Tijola\u00e7o, por Fernando Brito &#8211; No rompimento da barragem de lama da Procuradoria Geral da Rep\u00fablica ficamos sabendo, com grande esc\u00e2ndalo, que as grava\u00e7\u00f5es feitas por Joesley Batista foram solicitadas e orientadas pelo Minist\u00e9rio P\u00fablico.<\/p>\n","protected":false},"author":1,"featured_media":0,"comment_status":"closed","ping_status":"open","sticky":false,"template":"","format":"standard","meta":{"_exactmetrics_skip_tracking":false,"_exactmetrics_sitenote_active":false,"_exactmetrics_sitenote_note":"","_exactmetrics_sitenote_category":0,"jetpack_post_was_ever_published":false,"_jetpack_newsletter_access":"","_jetpack_dont_email_post_to_subs":false,"_jetpack_newsletter_tier_id":0,"_jetpack_memberships_contains_paywalled_content":false,"_jetpack_memberships_contains_paid_content":false,"footnotes":"","jetpack_publicize_message":"","jetpack_publicize_feature_enabled":true,"jetpack_social_post_already_shared":true,"jetpack_social_options":{"image_generator_settings":{"template":"highway","enabled":false},"version":2}},"categories":[1],"tags":[],"class_list":["post-13459","post","type-post","status-publish","format-standard","hentry","category-notas"],"jetpack_publicize_connections":[],"jetpack_sharing_enabled":true,"jetpack_featured_media_url":"","jetpack_shortlink":"https:\/\/wp.me\/p7wKYW-3v5","jetpack-related-posts":[],"_links":{"self":[{"href":"http:\/\/blogdalucianaoliveira.com.br\/blog\/wp-json\/wp\/v2\/posts\/13459","targetHints":{"allow":["GET"]}}],"collection":[{"href":"http:\/\/blogdalucianaoliveira.com.br\/blog\/wp-json\/wp\/v2\/posts"}],"about":[{"href":"http:\/\/blogdalucianaoliveira.com.br\/blog\/wp-json\/wp\/v2\/types\/post"}],"author":[{"embeddable":true,"href":"http:\/\/blogdalucianaoliveira.com.br\/blog\/wp-json\/wp\/v2\/users\/1"}],"replies":[{"embeddable":true,"href":"http:\/\/blogdalucianaoliveira.com.br\/blog\/wp-json\/wp\/v2\/comments?post=13459"}],"version-history":[{"count":1,"href":"http:\/\/blogdalucianaoliveira.com.br\/blog\/wp-json\/wp\/v2\/posts\/13459\/revisions"}],"predecessor-version":[{"id":13461,"href":"http:\/\/blogdalucianaoliveira.com.br\/blog\/wp-json\/wp\/v2\/posts\/13459\/revisions\/13461"}],"wp:attachment":[{"href":"http:\/\/blogdalucianaoliveira.com.br\/blog\/wp-json\/wp\/v2\/media?parent=13459"}],"wp:term":[{"taxonomy":"category","embeddable":true,"href":"http:\/\/blogdalucianaoliveira.com.br\/blog\/wp-json\/wp\/v2\/categories?post=13459"},{"taxonomy":"post_tag","embeddable":true,"href":"http:\/\/blogdalucianaoliveira.com.br\/blog\/wp-json\/wp\/v2\/tags?post=13459"}],"curies":[{"name":"wp","href":"https:\/\/api.w.org\/{rel}","templated":true}]}}