{"id":13462,"date":"2017-09-06T09:19:49","date_gmt":"2017-09-06T13:19:49","guid":{"rendered":"http:\/\/blogdalucianaoliveira.com.br\/blog\/?p=13462"},"modified":"2017-09-06T09:19:49","modified_gmt":"2017-09-06T13:19:49","slug":"dois-trefegos-premiaram-temer","status":"publish","type":"post","link":"http:\/\/blogdalucianaoliveira.com.br\/blog\/2017\/09\/06\/dois-trefegos-premiaram-temer\/","title":{"rendered":"DOIS TR\u00caFEGOS PREMIARAM TEMER"},"content":{"rendered":"<p><img data-recalc-dims=\"1\" loading=\"lazy\" decoding=\"async\" data-attachment-id=\"13463\" data-permalink=\"http:\/\/blogdalucianaoliveira.com.br\/blog\/2017\/09\/06\/dois-trefegos-premiaram-temer\/tre\/\" data-orig-file=\"https:\/\/i0.wp.com\/blogdalucianaoliveira.com.br\/blog\/wp-content\/uploads\/2017\/09\/tre.jpg?fit=1000%2C357\" data-orig-size=\"1000,357\" data-comments-opened=\"0\" data-image-meta=\"{&quot;aperture&quot;:&quot;0&quot;,&quot;credit&quot;:&quot;&quot;,&quot;camera&quot;:&quot;&quot;,&quot;caption&quot;:&quot;&quot;,&quot;created_timestamp&quot;:&quot;0&quot;,&quot;copyright&quot;:&quot;&quot;,&quot;focal_length&quot;:&quot;0&quot;,&quot;iso&quot;:&quot;0&quot;,&quot;shutter_speed&quot;:&quot;0&quot;,&quot;title&quot;:&quot;&quot;,&quot;orientation&quot;:&quot;0&quot;}\" data-image-title=\"tre\" data-image-description=\"\" data-image-caption=\"\" data-medium-file=\"https:\/\/i0.wp.com\/blogdalucianaoliveira.com.br\/blog\/wp-content\/uploads\/2017\/09\/tre.jpg?fit=300%2C107\" data-large-file=\"https:\/\/i0.wp.com\/blogdalucianaoliveira.com.br\/blog\/wp-content\/uploads\/2017\/09\/tre.jpg?fit=600%2C214\" src=\"https:\/\/i0.wp.com\/blogdalucianaoliveira.com.br\/blog\/wp-content\/uploads\/2017\/09\/tre.jpg?resize=600%2C214\" alt=\"tre\" width=\"600\" height=\"214\" class=\"alignnone size-full wp-image-13463\" srcset=\"https:\/\/i0.wp.com\/blogdalucianaoliveira.com.br\/blog\/wp-content\/uploads\/2017\/09\/tre.jpg?w=1000 1000w, https:\/\/i0.wp.com\/blogdalucianaoliveira.com.br\/blog\/wp-content\/uploads\/2017\/09\/tre.jpg?resize=300%2C107 300w, https:\/\/i0.wp.com\/blogdalucianaoliveira.com.br\/blog\/wp-content\/uploads\/2017\/09\/tre.jpg?resize=768%2C274 768w, https:\/\/i0.wp.com\/blogdalucianaoliveira.com.br\/blog\/wp-content\/uploads\/2017\/09\/tre.jpg?resize=800%2C286 800w\" sizes=\"auto, (max-width: 600px) 100vw, 600px\" \/><\/p>\n<p>No 247, por Tereza Cruvinel &#8211; A falsidade e arrog\u00e2ncia de Joesley Batista s\u00e3o espantosas, embora presum\u00edveis. Elas percorrem o fragmento divulgado pela revista Veja, da conversa de quatro horas entre ele e seu operador Ricardo Saud, que chama \u00e0s vezes de Ricardinho. <!--more--><\/p>\n<p>\u00c9 uma conversa entre dois tr\u00eafegos que, embora planejando alvejar at\u00e9 mesmo a suprema corte, conseguem produzir um auto-grampo e entreg\u00e1-lo \u00e0 Procuradoria Geral da Rep\u00fablica. Com tanto dinheiro, podiam ter contratado um operador de \u00e1udio. Por tr\u00eafegos, devem perder os benef\u00edcios da dela\u00e7\u00e3o e acabar presos, e conseguiram premiar Temer com argumentos para escapar da nova den\u00fancia a ser apresentada pelo procurador-geral, Rodrigo Janot, agora atirado \u00e0s feras.  <\/p>\n<p>Nenhum v\u00edcio do acordo de dela\u00e7\u00e3o suprimir\u00e1 a gravidades dos fatos j\u00e1 levantados contra o ocupante da Presid\u00eancia. Se a den\u00fancia de corrup\u00e7\u00e3o passiva foi rejeitada pela C\u00e2mara, Temer deve responder por obstru\u00e7\u00e3o da Justi\u00e7a, por ter incentivado Joesley a prosseguir com a compra do sil\u00eancio de Eduardo Cunha e L\u00facio Funaro e o aliciamento de ju\u00edzes e procuradores. Deve responder por forma\u00e7\u00e3o de organiza\u00e7\u00e3o criminosa, apontado que foi, n\u00e3o s\u00f3 por Joesley, como chefe e l\u00edder do chamado PMDB da C\u00e2mara. Nessa organiza\u00e7\u00e3o, tinha papel destacado o ex-ministro Geddel Vieira Lima, de quem foram encontradas hoje, pela Pol\u00edcia Federal, malas de dinheiro ocultas num im\u00f3vel. Mas o fato \u00e9 que, com a licitude do acordo de dela\u00e7\u00e3o questionada, Temer e os seus ganharam muni\u00e7\u00e3o e argumentos para enterrar a segunda den\u00fancia, que havia adquirido chances de acolhimento com a crise em sua base. Seus aliados j\u00e1 cobram, como fez hoje o presidente interino (e da C\u00e2mara), Rodrigo Maia, uma r\u00e1pida decis\u00e3o de Janot sobre o destino da dela\u00e7\u00e3o, embora ele precise aguardar a conclus\u00e3o das investiga\u00e7\u00f5es. O que Janot precisa apresentar logo \u00e9 a segunda den\u00fancia contra Temer, fazendo prevalecer a validade das provas, tal como afirmou ontem. Depois, ser\u00e1 com o STF envi\u00e1-la ou n\u00e3o \u00e0 C\u00e2mara.<\/p>\n<p>Na conversa entre os dois tr\u00eafegos h\u00e1 falas machistas e vulgares, muito deboche, coisas que n\u00e3o v\u00eam ao caso. Problema pessoal de Joesley. Ele declara supor-se capaz de ler almas e mentes mas, no acidente com um gravador, revelou a sua pr\u00f3pria. Joesley \u00e9 o que sempre foi, e n\u00e3o aquele que aparece na entrevista \u00e0 revista Veja desta semana, um convertido \u00e0s boas pr\u00e1ticas, que um dia descobriu ter sido arrastado para o crime pelos pol\u00edticos \u201cbandidos\u201d. \u201cDescobri que era um criminoso\u201d. Ou ainda: \u201cN\u00f3s somos empres\u00e1rios e os empres\u00e1rios est\u00e3o subordinados ao Estado. Se os mandat\u00e1rios negociam com voc\u00ea daquela forma, voc\u00ea acaba achando que opera dentro de um padr\u00e3o de normalidade. A gente vai ficando anestesiado\u201d.<\/p>\n<p>Nenhum pol\u00edtico, entretanto, sugeriu que ele tentasse obter muni\u00e7\u00e3o contra os ministros do STF, na linha de sua met\u00e1fora: a Odebrecht moeu o Legislativo, n\u00f3s vamos moer o Judici\u00e1rio. E achou que obteria a muni\u00e7\u00e3o gravando o ex-ministro da Justi\u00e7a de Dilma, Jos\u00e9 Eduardo Cardozo, que deve ter percebido a trampa, disse apenas obviedades sobre os ministros do Supremo (dos quais s\u00f3 obteve omiss\u00e3o, no curso do golpe contra Dilma) e n\u00e3o aceitou prestar servi\u00e7os recebendo \u201cpor fora\u201d. Ningu\u00e9m sugeriu que omitisse informa\u00e7\u00f5es na negocia\u00e7\u00e3o do acordo, como o pagamento de R$ 500 mil ao deputado Ciro Nogueira. Em certo ponto, o cinismo \u00e9 rombudo. \u201cO sistema era um, nois (sic) era um. O sistema mudou, a gente mudou de lado. Somos contra tudo isso\u201d.<\/p>\n<p>No mais, s\u00e3o fartas as indica\u00e7\u00f5es de que receberam mesmo orienta\u00e7\u00e3o do ex-procurador Marcello Miller mas, at\u00e9 onde pude ouvir, nada disseram sobre pagamentos e vantagens indevidas para o ex-auxiliar de Janot. Este tamb\u00e9m est\u00e1 perdido. Ajudava o delator antes mesmo de desligar-se do Minist\u00e9rio P\u00fablico para tomar posse como s\u00f3cio de um escrit\u00f3rio que trabalhava para a JBS.<\/p>\n<p>Dois tr\u00eafegos, atrapalhados com um gravador, tentando enganar a PGR, fulminar o Supremo e lacrar o caix\u00e3o da pol\u00edtica nacional, n\u00e3o apenas se danaram como parecem ter garantido a sobrevida de Temer at\u00e9 o final de seu mandato, com todo o custo que isso representa para o Brasil e para os brasileiros.<\/p>\n<p>As conversas j\u00e1 vazadas obrigam qualquer ouvinte a uma constata\u00e7\u00e3o. Se a elite que temos \u00e9 feita de Joesleys, estamos fritos.<\/p>\n","protected":false},"excerpt":{"rendered":"<p>No 247, por Tereza Cruvinel &#8211; A falsidade e arrog\u00e2ncia de Joesley Batista s\u00e3o espantosas, embora presum\u00edveis. Elas percorrem o fragmento divulgado pela revista Veja, da conversa de quatro horas entre ele e seu operador Ricardo Saud, que chama \u00e0s vezes de Ricardinho.<\/p>\n","protected":false},"author":1,"featured_media":0,"comment_status":"closed","ping_status":"open","sticky":false,"template":"","format":"standard","meta":{"_exactmetrics_skip_tracking":false,"_exactmetrics_sitenote_active":false,"_exactmetrics_sitenote_note":"","_exactmetrics_sitenote_category":0,"jetpack_post_was_ever_published":false,"_jetpack_newsletter_access":"","_jetpack_dont_email_post_to_subs":false,"_jetpack_newsletter_tier_id":0,"_jetpack_memberships_contains_paywalled_content":false,"_jetpack_memberships_contains_paid_content":false,"footnotes":"","jetpack_publicize_message":"","jetpack_publicize_feature_enabled":true,"jetpack_social_post_already_shared":true,"jetpack_social_options":{"image_generator_settings":{"template":"highway","enabled":false},"version":2}},"categories":[1],"tags":[],"class_list":["post-13462","post","type-post","status-publish","format-standard","hentry","category-notas"],"jetpack_publicize_connections":[],"jetpack_sharing_enabled":true,"jetpack_featured_media_url":"","jetpack_shortlink":"https:\/\/wp.me\/p7wKYW-3v8","jetpack-related-posts":[],"_links":{"self":[{"href":"http:\/\/blogdalucianaoliveira.com.br\/blog\/wp-json\/wp\/v2\/posts\/13462","targetHints":{"allow":["GET"]}}],"collection":[{"href":"http:\/\/blogdalucianaoliveira.com.br\/blog\/wp-json\/wp\/v2\/posts"}],"about":[{"href":"http:\/\/blogdalucianaoliveira.com.br\/blog\/wp-json\/wp\/v2\/types\/post"}],"author":[{"embeddable":true,"href":"http:\/\/blogdalucianaoliveira.com.br\/blog\/wp-json\/wp\/v2\/users\/1"}],"replies":[{"embeddable":true,"href":"http:\/\/blogdalucianaoliveira.com.br\/blog\/wp-json\/wp\/v2\/comments?post=13462"}],"version-history":[{"count":1,"href":"http:\/\/blogdalucianaoliveira.com.br\/blog\/wp-json\/wp\/v2\/posts\/13462\/revisions"}],"predecessor-version":[{"id":13464,"href":"http:\/\/blogdalucianaoliveira.com.br\/blog\/wp-json\/wp\/v2\/posts\/13462\/revisions\/13464"}],"wp:attachment":[{"href":"http:\/\/blogdalucianaoliveira.com.br\/blog\/wp-json\/wp\/v2\/media?parent=13462"}],"wp:term":[{"taxonomy":"category","embeddable":true,"href":"http:\/\/blogdalucianaoliveira.com.br\/blog\/wp-json\/wp\/v2\/categories?post=13462"},{"taxonomy":"post_tag","embeddable":true,"href":"http:\/\/blogdalucianaoliveira.com.br\/blog\/wp-json\/wp\/v2\/tags?post=13462"}],"curies":[{"name":"wp","href":"https:\/\/api.w.org\/{rel}","templated":true}]}}