{"id":13468,"date":"2017-09-06T09:29:18","date_gmt":"2017-09-06T13:29:18","guid":{"rendered":"http:\/\/blogdalucianaoliveira.com.br\/blog\/?p=13468"},"modified":"2017-09-06T09:29:18","modified_gmt":"2017-09-06T13:29:18","slug":"como-lula-e-dilma-iriam-ser-os-chefes-de-uma-quadrilha-que-tirou-eles-mesmo-do-poder","status":"publish","type":"post","link":"http:\/\/blogdalucianaoliveira.com.br\/blog\/2017\/09\/06\/como-lula-e-dilma-iriam-ser-os-chefes-de-uma-quadrilha-que-tirou-eles-mesmo-do-poder\/","title":{"rendered":"Como Lula e Dilma iriam ser os chefes de uma quadrilha que tirou eles mesmo do poder?"},"content":{"rendered":"<p><img data-recalc-dims=\"1\" loading=\"lazy\" decoding=\"async\" data-attachment-id=\"13469\" data-permalink=\"http:\/\/blogdalucianaoliveira.com.br\/blog\/2017\/09\/06\/como-lula-e-dilma-iriam-ser-os-chefes-de-uma-quadrilha-que-tirou-eles-mesmo-do-poder\/linda\/\" data-orig-file=\"https:\/\/i0.wp.com\/blogdalucianaoliveira.com.br\/blog\/wp-content\/uploads\/2017\/09\/linda.jpg?fit=262%2C192\" data-orig-size=\"262,192\" data-comments-opened=\"0\" data-image-meta=\"{&quot;aperture&quot;:&quot;0&quot;,&quot;credit&quot;:&quot;&quot;,&quot;camera&quot;:&quot;&quot;,&quot;caption&quot;:&quot;&quot;,&quot;created_timestamp&quot;:&quot;0&quot;,&quot;copyright&quot;:&quot;&quot;,&quot;focal_length&quot;:&quot;0&quot;,&quot;iso&quot;:&quot;0&quot;,&quot;shutter_speed&quot;:&quot;0&quot;,&quot;title&quot;:&quot;&quot;,&quot;orientation&quot;:&quot;0&quot;}\" data-image-title=\"linda\" data-image-description=\"\" data-image-caption=\"\" data-medium-file=\"https:\/\/i0.wp.com\/blogdalucianaoliveira.com.br\/blog\/wp-content\/uploads\/2017\/09\/linda.jpg?fit=262%2C192\" data-large-file=\"https:\/\/i0.wp.com\/blogdalucianaoliveira.com.br\/blog\/wp-content\/uploads\/2017\/09\/linda.jpg?fit=262%2C192\" src=\"https:\/\/i0.wp.com\/blogdalucianaoliveira.com.br\/blog\/wp-content\/uploads\/2017\/09\/linda.jpg?resize=262%2C192\" alt=\"linda\" width=\"262\" height=\"192\" class=\"alignnone size-full wp-image-13469\" \/><\/p>\n<p>No Central Pol\u00edtico &#8211; &#8220;A den\u00fancia apresentada nesta ter\u00e7a-feira (5\/9) pela Procuradoria Geral da Rep\u00fablica parece uma tentativa do atual procurador-geral de desviar o foco de outras investiga\u00e7\u00f5es, que tamb\u00e9m envolvem um membro do Minist\u00e9rio P\u00fablico Federal, no momento em que ele se prepara para deixar o cargo&#8221;, diz o partido em nota. <\/p>\n<p>O PT diz que n\u00e3o h\u00e1 fundamento algum nas acusa\u00e7\u00f5es. &#8220;Desde o in\u00edcio das investiga\u00e7\u00f5es da Lava Jato, o PT vem denunciando a persegui\u00e7\u00e3o e a seletividade de agentes p\u00fablicos que tentam incriminar a legenda para enfraquec\u00ea-la politicamente&#8221;, afirma. <\/p>\n<p>Leia, abaixo, a nota do PT:<\/p>\n<p>&#8220;NOTA OFICIAL PARTIDO DOS TRABALHADORES<\/p>\n<p>A den\u00fancia apresentada nesta ter\u00e7a-feira (5\/9) pela Procuradoria Geral da Rep\u00fablica parece uma tentativa do atual procurador-geral de desviar o foco de outras investiga\u00e7\u00f5es, que tamb\u00e9m envolvem um membro do Minist\u00e9rio P\u00fablico Federal, no momento em que ele se prepara para deixar o cargo.<\/p>\n<p>N\u00e3o h\u00e1 fundamento algum nas acusa\u00e7\u00f5es contra o Partido dos Trabalhadores. Desde o in\u00edcio das investiga\u00e7\u00f5es da Lava Jato, o PT vem denunciando a persegui\u00e7\u00e3o e a seletividade de agentes p\u00fablicos que tentam incriminar a legenda para enfraquec\u00ea-la politicamente.<\/p>\n<p>Esperamos que essas mentiras sejam tratadas com serenidade pela justi\u00e7a brasileira, e terminem arquivadas como j\u00e1 ocorreu com outras den\u00fancias sem provas apresentadas contra o partido.<\/p>\n<p>Assessoria de Imprensa do Partido dos Trabalhadores&#8221;<\/p>\n","protected":false},"excerpt":{"rendered":"<p>No Central Pol\u00edtico &#8211; &#8220;A den\u00fancia apresentada nesta ter\u00e7a-feira (5\/9) pela Procuradoria Geral da Rep\u00fablica parece uma tentativa do atual procurador-geral de desviar o foco de outras investiga\u00e7\u00f5es, que tamb\u00e9m envolvem um membro do Minist\u00e9rio P\u00fablico Federal, no momento em que ele se prepara para deixar o cargo&#8221;, diz o partido em nota. O PT&#8230;<a class=\"more-link\" href=\"http:\/\/blogdalucianaoliveira.com.br\/blog\/2017\/09\/06\/como-lula-e-dilma-iriam-ser-os-chefes-de-uma-quadrilha-que-tirou-eles-mesmo-do-poder\/\">Continue a leitura <span class=\"meta-nav\">&raquo;<\/span><\/a><\/p>\n","protected":false},"author":1,"featured_media":0,"comment_status":"closed","ping_status":"open","sticky":false,"template":"","format":"standard","meta":{"_exactmetrics_skip_tracking":false,"_exactmetrics_sitenote_active":false,"_exactmetrics_sitenote_note":"","_exactmetrics_sitenote_category":0,"jetpack_post_was_ever_published":false,"_jetpack_newsletter_access":"","_jetpack_dont_email_post_to_subs":false,"_jetpack_newsletter_tier_id":0,"_jetpack_memberships_contains_paywalled_content":false,"_jetpack_memberships_contains_paid_content":false,"footnotes":"","jetpack_publicize_message":"","jetpack_publicize_feature_enabled":true,"jetpack_social_post_already_shared":true,"jetpack_social_options":{"image_generator_settings":{"template":"highway","enabled":false},"version":2}},"categories":[1],"tags":[],"class_list":["post-13468","post","type-post","status-publish","format-standard","hentry","category-notas"],"jetpack_publicize_connections":[],"jetpack_sharing_enabled":true,"jetpack_featured_media_url":"","jetpack_shortlink":"https:\/\/wp.me\/p7wKYW-3ve","jetpack-related-posts":[],"_links":{"self":[{"href":"http:\/\/blogdalucianaoliveira.com.br\/blog\/wp-json\/wp\/v2\/posts\/13468","targetHints":{"allow":["GET"]}}],"collection":[{"href":"http:\/\/blogdalucianaoliveira.com.br\/blog\/wp-json\/wp\/v2\/posts"}],"about":[{"href":"http:\/\/blogdalucianaoliveira.com.br\/blog\/wp-json\/wp\/v2\/types\/post"}],"author":[{"embeddable":true,"href":"http:\/\/blogdalucianaoliveira.com.br\/blog\/wp-json\/wp\/v2\/users\/1"}],"replies":[{"embeddable":true,"href":"http:\/\/blogdalucianaoliveira.com.br\/blog\/wp-json\/wp\/v2\/comments?post=13468"}],"version-history":[{"count":1,"href":"http:\/\/blogdalucianaoliveira.com.br\/blog\/wp-json\/wp\/v2\/posts\/13468\/revisions"}],"predecessor-version":[{"id":13470,"href":"http:\/\/blogdalucianaoliveira.com.br\/blog\/wp-json\/wp\/v2\/posts\/13468\/revisions\/13470"}],"wp:attachment":[{"href":"http:\/\/blogdalucianaoliveira.com.br\/blog\/wp-json\/wp\/v2\/media?parent=13468"}],"wp:term":[{"taxonomy":"category","embeddable":true,"href":"http:\/\/blogdalucianaoliveira.com.br\/blog\/wp-json\/wp\/v2\/categories?post=13468"},{"taxonomy":"post_tag","embeddable":true,"href":"http:\/\/blogdalucianaoliveira.com.br\/blog\/wp-json\/wp\/v2\/tags?post=13468"}],"curies":[{"name":"wp","href":"https:\/\/api.w.org\/{rel}","templated":true}]}}