{"id":13474,"date":"2017-09-06T17:32:27","date_gmt":"2017-09-06T21:32:27","guid":{"rendered":"http:\/\/blogdalucianaoliveira.com.br\/blog\/?p=13474"},"modified":"2017-09-06T17:33:00","modified_gmt":"2017-09-06T21:33:00","slug":"visao-periferica-e-se-o-dinheiro-do-geddel-fosse-do-lula","status":"publish","type":"post","link":"http:\/\/blogdalucianaoliveira.com.br\/blog\/2017\/09\/06\/visao-periferica-e-se-o-dinheiro-do-geddel-fosse-do-lula\/","title":{"rendered":"Vis\u00e3o Perif\u00e9rica: E se o dinheiro do Geddel fosse do Lula?"},"content":{"rendered":"<p><img data-recalc-dims=\"1\" loading=\"lazy\" decoding=\"async\" data-attachment-id=\"13457\" data-permalink=\"http:\/\/blogdalucianaoliveira.com.br\/blog\/2017\/09\/05\/pf-encontra-bunker-atribuido-a-geddel-com-malas-de-dinheiro\/fdp1\/\" data-orig-file=\"https:\/\/i0.wp.com\/blogdalucianaoliveira.com.br\/blog\/wp-content\/uploads\/2017\/09\/fdp1.jpg?fit=1000%2C357\" data-orig-size=\"1000,357\" data-comments-opened=\"0\" data-image-meta=\"{&quot;aperture&quot;:&quot;0&quot;,&quot;credit&quot;:&quot;&quot;,&quot;camera&quot;:&quot;&quot;,&quot;caption&quot;:&quot;&quot;,&quot;created_timestamp&quot;:&quot;0&quot;,&quot;copyright&quot;:&quot;&quot;,&quot;focal_length&quot;:&quot;0&quot;,&quot;iso&quot;:&quot;0&quot;,&quot;shutter_speed&quot;:&quot;0&quot;,&quot;title&quot;:&quot;&quot;,&quot;orientation&quot;:&quot;0&quot;}\" data-image-title=\"fdp1\" data-image-description=\"\" data-image-caption=\"\" data-medium-file=\"https:\/\/i0.wp.com\/blogdalucianaoliveira.com.br\/blog\/wp-content\/uploads\/2017\/09\/fdp1.jpg?fit=300%2C107\" data-large-file=\"https:\/\/i0.wp.com\/blogdalucianaoliveira.com.br\/blog\/wp-content\/uploads\/2017\/09\/fdp1.jpg?fit=600%2C214\" src=\"https:\/\/i0.wp.com\/blogdalucianaoliveira.com.br\/blog\/wp-content\/uploads\/2017\/09\/fdp1.jpg?resize=600%2C214\" alt=\"fdp1\" width=\"600\" height=\"214\" class=\"alignnone size-full wp-image-13457\" srcset=\"https:\/\/i0.wp.com\/blogdalucianaoliveira.com.br\/blog\/wp-content\/uploads\/2017\/09\/fdp1.jpg?w=1000 1000w, https:\/\/i0.wp.com\/blogdalucianaoliveira.com.br\/blog\/wp-content\/uploads\/2017\/09\/fdp1.jpg?resize=300%2C107 300w, https:\/\/i0.wp.com\/blogdalucianaoliveira.com.br\/blog\/wp-content\/uploads\/2017\/09\/fdp1.jpg?resize=768%2C274 768w, https:\/\/i0.wp.com\/blogdalucianaoliveira.com.br\/blog\/wp-content\/uploads\/2017\/09\/fdp1.jpg?resize=800%2C286 800w\" sizes=\"auto, (max-width: 600px) 100vw, 600px\" \/><\/p>\n<p>No Rond\u00f4nia Din\u00e2mica, por Vinicius Canova &#8211; E se o dinheiro supostamente acumulado pelo peemedebista Geddel Vieira Lima fosse hipoteticamente do ex-presidente Lula (PT)? As pessoas se surpreenderam com as malas e caixas de dinheiro apreendidas pela Pol\u00edcia Federal (PF) num apartamento em Salvador que, de acordo com informa\u00e7\u00f5es, teria sido emprestado ao ex-ministro do presidente da Rep\u00fablica sem votos Michel Temer, seu correligion\u00e1rio.<!--more--><\/p>\n<p>Se surpreenderam e&#8230; E foi s\u00f3 isso mesmo. <\/p>\n<p>Para n\u00e3o agir com a desfa\u00e7atez costumeira de muitos dos meus ora ocupad\u00edssimos concidad\u00e3os, relembro que o pol\u00edtico endinheirado, al\u00e9m de desempenhar fun\u00e7\u00f5es do governo ileg\u00edtimo de Temer, foi eleito cinco vezes deputado federal pela Bahia; chefiou o Minist\u00e9rio da Integra\u00e7\u00e3o na era Luiz In\u00e1cio e, na gest\u00e3o da petista deposta pelo golpe Dilma Rousseff, chegou a ser vice-presidente de Pessoa Jur\u00eddica da Caixa Econ\u00f4mica Federal.<\/p>\n<p>Recordo, ainda, que Geddel Vieira fora obrigado a pedir demiss\u00e3o da administra\u00e7\u00e3o draconiana ap\u00f3s ser denunciado pelo ex-ministro da Cultura Marcelo Calero. Calero o denunciou por ter sido pressionado a liberar uma obra no Centro Hist\u00f3rico de Salvador.<\/p>\n<p>Geddel seria propriet\u00e1rio de um apartamento em um edif\u00edcio cuja constru\u00e7\u00e3o foi embargada pelo Instituto do Patrim\u00f4nio Hist\u00f3rico e Art\u00edstico Nacional (Iphan), subordinado ao Minist\u00e9rio da Cultura, por isso o desfecho tr\u00e1gico de desembarque prematuro para ambos.<\/p>\n<p>Geddel, suspeito de ser o dono dos R$ 51 milh\u00f5es apreendidos pela PF, chegou a dizer em um ato anticorrup\u00e7\u00e3o \u2013 que na realidade era contra Dilma e a legenda a qual pertence at\u00e9 hoje \u2013 em 2015:<\/p>\n<p>\u201cNingu\u00e9m aguenta mais tanto roubo\u201d.<\/p>\n<div class=\"jetpack-video-wrapper\"><span class=\"embed-youtube\" style=\"text-align:center; display: block;\"><iframe loading=\"lazy\" class=\"youtube-player\" width=\"600\" height=\"338\" src=\"https:\/\/www.youtube.com\/embed\/sNvXFTXNnMw?version=3&#038;rel=1&#038;showsearch=0&#038;showinfo=1&#038;iv_load_policy=1&#038;fs=1&#038;hl=pt-BR&#038;autohide=2&#038;wmode=transparent\" allowfullscreen=\"true\" style=\"border:0;\" sandbox=\"allow-scripts allow-same-origin allow-popups allow-presentation allow-popups-to-escape-sandbox\"><\/iframe><\/span><\/div>\n<p>E n\u00e3o \u00e9 que o ex-ministro tinha raz\u00e3o? Naquela \u00e9poca era isso mesmo! Aquilo que era insuport\u00e1vel h\u00e1 dois anos \u00e9 gritantemente toler\u00e1vel atualmente.<\/p>\n<p>O espectador v\u00ea, de forma passiva, poucos metros quadrados preenchidos por montanhas de grana e, de maneira inequ\u00edvoca, o m\u00e1ximo que consegue \u00e9 balbuciar algumas generalidades sobre patifarias diante da televis\u00e3o \u2013 e nada de ca\u00e7ar os respons\u00e1veis.<\/p>\n<p>Ali\u00e1s, \u00e9 sintom\u00e1tico como muitos pol\u00edticos criminosos conseguem se safar com esse discurso comezinho contra a esquerda matando dois coelhos com uma s\u00f3 cajadada: atraem para si eixo fort\u00edssimo do eleitorado, que passou a comprar discursos pr\u00e9-fabricados, e ainda escracham singular\u00edssimo inimigo em comum, com cores, ideologia e defini\u00e7\u00f5es contr\u00e1rias, se unindo \u00e0 multid\u00e3o como se n\u00e3o tivessem absolutamente nada a ver com o caos experimentado no Pa\u00eds.<\/p>\n<p>Depois da chocante descoberta do \u201cbunker\u201d, Geddel continua sendo Geddel: uns conhecem e outros n\u00e3o. Os mais oportunistas fazem quest\u00e3o de lig\u00e1-lo a quem? Lula, \u00e9 claro!<\/p>\n<p>Porque \u00e9 mais f\u00e1cil conect\u00e1-lo apenas ao PT, mantendo o joguinho de mocinho e bandido, que aceitar, de uma vez por todas, o tapete vermelho estendido ao PMDB dos homens das malas, como o pr\u00f3prio Lima; o j\u00e1 esquecido Rocha Loures; Eduardo Cunha \u2013 gatuno exaltado no Plen\u00e1rio da C\u00e2mara por outro indigit\u00e1vel \u2013 conhecido nos bastidores como \u201cpapi\u201d do fof\u00edssimo Andr\u00e9 Fufuca (PP-MA), e, nunca \u00e9 demais mencionar, Temer!<\/p>\n<p>Ningu\u00e9m nas ruas. N\u00e3o h\u00e1 um ru\u00eddo de panelas&#8230;<\/p>\n<p>Insisto: e se o dinheiro fosse do Lula?<\/p>\n<p><img data-recalc-dims=\"1\" loading=\"lazy\" decoding=\"async\" data-attachment-id=\"13475\" data-permalink=\"http:\/\/blogdalucianaoliveira.com.br\/blog\/2017\/09\/06\/visao-periferica-e-se-o-dinheiro-do-geddel-fosse-do-lula\/visao\/\" data-orig-file=\"https:\/\/i0.wp.com\/blogdalucianaoliveira.com.br\/blog\/wp-content\/uploads\/2017\/09\/visao.jpg?fit=700%2C300\" data-orig-size=\"700,300\" data-comments-opened=\"0\" data-image-meta=\"{&quot;aperture&quot;:&quot;0&quot;,&quot;credit&quot;:&quot;&quot;,&quot;camera&quot;:&quot;&quot;,&quot;caption&quot;:&quot;&quot;,&quot;created_timestamp&quot;:&quot;0&quot;,&quot;copyright&quot;:&quot;&quot;,&quot;focal_length&quot;:&quot;0&quot;,&quot;iso&quot;:&quot;0&quot;,&quot;shutter_speed&quot;:&quot;0&quot;,&quot;title&quot;:&quot;&quot;,&quot;orientation&quot;:&quot;1&quot;}\" data-image-title=\"visao\" data-image-description=\"\" data-image-caption=\"\" data-medium-file=\"https:\/\/i0.wp.com\/blogdalucianaoliveira.com.br\/blog\/wp-content\/uploads\/2017\/09\/visao.jpg?fit=300%2C129\" data-large-file=\"https:\/\/i0.wp.com\/blogdalucianaoliveira.com.br\/blog\/wp-content\/uploads\/2017\/09\/visao.jpg?fit=600%2C257\" src=\"https:\/\/i0.wp.com\/blogdalucianaoliveira.com.br\/blog\/wp-content\/uploads\/2017\/09\/visao.jpg?resize=600%2C257\" alt=\"visao\" width=\"600\" height=\"257\" class=\"alignnone size-full wp-image-13475\" srcset=\"https:\/\/i0.wp.com\/blogdalucianaoliveira.com.br\/blog\/wp-content\/uploads\/2017\/09\/visao.jpg?w=700 700w, https:\/\/i0.wp.com\/blogdalucianaoliveira.com.br\/blog\/wp-content\/uploads\/2017\/09\/visao.jpg?resize=300%2C129 300w\" sizes=\"auto, (max-width: 600px) 100vw, 600px\" \/><\/p>\n","protected":false},"excerpt":{"rendered":"<p>No Rond\u00f4nia Din\u00e2mica, por Vinicius Canova &#8211; E se o dinheiro supostamente acumulado pelo peemedebista Geddel Vieira Lima fosse hipoteticamente do ex-presidente Lula (PT)? As pessoas se surpreenderam com as malas e caixas de dinheiro apreendidas pela Pol\u00edcia Federal (PF) num apartamento em Salvador que, de acordo com informa\u00e7\u00f5es, teria sido emprestado ao ex-ministro do&#8230;<a class=\"more-link\" href=\"http:\/\/blogdalucianaoliveira.com.br\/blog\/2017\/09\/06\/visao-periferica-e-se-o-dinheiro-do-geddel-fosse-do-lula\/\">Continue a leitura <span class=\"meta-nav\">&raquo;<\/span><\/a><\/p>\n","protected":false},"author":1,"featured_media":0,"comment_status":"closed","ping_status":"open","sticky":false,"template":"","format":"standard","meta":{"_exactmetrics_skip_tracking":false,"_exactmetrics_sitenote_active":false,"_exactmetrics_sitenote_note":"","_exactmetrics_sitenote_category":0,"jetpack_post_was_ever_published":false,"_jetpack_newsletter_access":"","_jetpack_dont_email_post_to_subs":false,"_jetpack_newsletter_tier_id":0,"_jetpack_memberships_contains_paywalled_content":false,"_jetpack_memberships_contains_paid_content":false,"footnotes":"","jetpack_publicize_message":"","jetpack_publicize_feature_enabled":true,"jetpack_social_post_already_shared":true,"jetpack_social_options":{"image_generator_settings":{"template":"highway","enabled":false},"version":2}},"categories":[1],"tags":[],"class_list":["post-13474","post","type-post","status-publish","format-standard","hentry","category-notas"],"jetpack_publicize_connections":[],"jetpack_sharing_enabled":true,"jetpack_featured_media_url":"","jetpack_shortlink":"https:\/\/wp.me\/p7wKYW-3vk","jetpack-related-posts":[],"_links":{"self":[{"href":"http:\/\/blogdalucianaoliveira.com.br\/blog\/wp-json\/wp\/v2\/posts\/13474","targetHints":{"allow":["GET"]}}],"collection":[{"href":"http:\/\/blogdalucianaoliveira.com.br\/blog\/wp-json\/wp\/v2\/posts"}],"about":[{"href":"http:\/\/blogdalucianaoliveira.com.br\/blog\/wp-json\/wp\/v2\/types\/post"}],"author":[{"embeddable":true,"href":"http:\/\/blogdalucianaoliveira.com.br\/blog\/wp-json\/wp\/v2\/users\/1"}],"replies":[{"embeddable":true,"href":"http:\/\/blogdalucianaoliveira.com.br\/blog\/wp-json\/wp\/v2\/comments?post=13474"}],"version-history":[{"count":1,"href":"http:\/\/blogdalucianaoliveira.com.br\/blog\/wp-json\/wp\/v2\/posts\/13474\/revisions"}],"predecessor-version":[{"id":13476,"href":"http:\/\/blogdalucianaoliveira.com.br\/blog\/wp-json\/wp\/v2\/posts\/13474\/revisions\/13476"}],"wp:attachment":[{"href":"http:\/\/blogdalucianaoliveira.com.br\/blog\/wp-json\/wp\/v2\/media?parent=13474"}],"wp:term":[{"taxonomy":"category","embeddable":true,"href":"http:\/\/blogdalucianaoliveira.com.br\/blog\/wp-json\/wp\/v2\/categories?post=13474"},{"taxonomy":"post_tag","embeddable":true,"href":"http:\/\/blogdalucianaoliveira.com.br\/blog\/wp-json\/wp\/v2\/tags?post=13474"}],"curies":[{"name":"wp","href":"https:\/\/api.w.org\/{rel}","templated":true}]}}