{"id":13478,"date":"2017-09-06T17:45:57","date_gmt":"2017-09-06T21:45:57","guid":{"rendered":"http:\/\/blogdalucianaoliveira.com.br\/blog\/?p=13478"},"modified":"2017-09-06T17:45:57","modified_gmt":"2017-09-06T21:45:57","slug":"michel-temer-perigosissima-essa-situacao","status":"publish","type":"post","link":"http:\/\/blogdalucianaoliveira.com.br\/blog\/2017\/09\/06\/michel-temer-perigosissima-essa-situacao\/","title":{"rendered":"Michel Temer: &#8220;Perigos\u00edssima essa situa\u00e7\u00e3o&#8221;"},"content":{"rendered":"<p><img data-recalc-dims=\"1\" loading=\"lazy\" decoding=\"async\" data-attachment-id=\"13479\" data-permalink=\"http:\/\/blogdalucianaoliveira.com.br\/blog\/2017\/09\/06\/michel-temer-perigosissima-essa-situacao\/temer-joesley-batista\/\" data-orig-file=\"https:\/\/i0.wp.com\/blogdalucianaoliveira.com.br\/blog\/wp-content\/uploads\/2017\/09\/temer-joesley-batista.jpg?fit=640%2C385\" data-orig-size=\"640,385\" data-comments-opened=\"0\" data-image-meta=\"{&quot;aperture&quot;:&quot;0&quot;,&quot;credit&quot;:&quot;&quot;,&quot;camera&quot;:&quot;&quot;,&quot;caption&quot;:&quot;&quot;,&quot;created_timestamp&quot;:&quot;0&quot;,&quot;copyright&quot;:&quot;&quot;,&quot;focal_length&quot;:&quot;0&quot;,&quot;iso&quot;:&quot;0&quot;,&quot;shutter_speed&quot;:&quot;0&quot;,&quot;title&quot;:&quot;&quot;,&quot;orientation&quot;:&quot;0&quot;}\" data-image-title=\"temer-joesley-batista\" data-image-description=\"\" data-image-caption=\"\" data-medium-file=\"https:\/\/i0.wp.com\/blogdalucianaoliveira.com.br\/blog\/wp-content\/uploads\/2017\/09\/temer-joesley-batista.jpg?fit=300%2C180\" data-large-file=\"https:\/\/i0.wp.com\/blogdalucianaoliveira.com.br\/blog\/wp-content\/uploads\/2017\/09\/temer-joesley-batista.jpg?fit=600%2C361\" src=\"https:\/\/i0.wp.com\/blogdalucianaoliveira.com.br\/blog\/wp-content\/uploads\/2017\/09\/temer-joesley-batista.jpg?resize=600%2C361\" alt=\"temer-joesley-batista\" width=\"600\" height=\"361\" class=\"alignnone size-full wp-image-13479\" srcset=\"https:\/\/i0.wp.com\/blogdalucianaoliveira.com.br\/blog\/wp-content\/uploads\/2017\/09\/temer-joesley-batista.jpg?w=640 640w, https:\/\/i0.wp.com\/blogdalucianaoliveira.com.br\/blog\/wp-content\/uploads\/2017\/09\/temer-joesley-batista.jpg?resize=300%2C180 300w, https:\/\/i0.wp.com\/blogdalucianaoliveira.com.br\/blog\/wp-content\/uploads\/2017\/09\/temer-joesley-batista.jpg?resize=499%2C300 499w\" sizes=\"auto, (max-width: 600px) 100vw, 600px\" \/><\/p>\n<p>Pra quem n\u00e3o lembra que peritos detalharam o que Joesley e Michel Temer falaram sobre o ex-ministro da Secretaria de Governo Geddel Vieira Lima (PMDB-BA) segue o di\u00e1logo:<\/p>\n<p>M1 (Joesley): Mas com o Geddel tamb\u00e9m com esse neg\u00f3cio eu perdi o contato porque ele virou investigado. Agora eu n\u00e3o posso&#8230; tamb\u00e9m&#8230;<br \/>\nM2 (Temer): Complicado, \u00e9 complicado.<br \/>\nM1: Eu n\u00e3o posso encontrar ele.<br \/>\nM2: \u00c9 porque (ru\u00eddos t\u00edpicos de movimenta\u00e7\u00e3o) parecer obstru\u00e7\u00e3o de Justi\u00e7a, viu?<br \/>\nM1: Isso, isso, isso, isso.<br \/>\nM2: Perigos\u00edssima essa situa\u00e7\u00e3o.<!--more--><\/p>\n","protected":false},"excerpt":{"rendered":"<p>Pra quem n\u00e3o lembra que peritos detalharam o que Joesley e Michel Temer falaram sobre o ex-ministro da Secretaria de Governo Geddel Vieira Lima (PMDB-BA) segue o di\u00e1logo: M1 (Joesley): Mas com o Geddel tamb\u00e9m com esse neg\u00f3cio eu perdi o contato porque ele virou investigado. Agora eu n\u00e3o posso&#8230; tamb\u00e9m&#8230; M2 (Temer): Complicado, \u00e9&#8230;<a class=\"more-link\" href=\"http:\/\/blogdalucianaoliveira.com.br\/blog\/2017\/09\/06\/michel-temer-perigosissima-essa-situacao\/\">Continue a leitura <span class=\"meta-nav\">&raquo;<\/span><\/a><\/p>\n","protected":false},"author":1,"featured_media":0,"comment_status":"closed","ping_status":"open","sticky":false,"template":"","format":"standard","meta":{"_exactmetrics_skip_tracking":false,"_exactmetrics_sitenote_active":false,"_exactmetrics_sitenote_note":"","_exactmetrics_sitenote_category":0,"jetpack_post_was_ever_published":false,"_jetpack_newsletter_access":"","_jetpack_dont_email_post_to_subs":false,"_jetpack_newsletter_tier_id":0,"_jetpack_memberships_contains_paywalled_content":false,"_jetpack_memberships_contains_paid_content":false,"footnotes":"","jetpack_publicize_message":"","jetpack_publicize_feature_enabled":true,"jetpack_social_post_already_shared":true,"jetpack_social_options":{"image_generator_settings":{"template":"highway","enabled":false},"version":2}},"categories":[1],"tags":[],"class_list":["post-13478","post","type-post","status-publish","format-standard","hentry","category-notas"],"jetpack_publicize_connections":[],"jetpack_sharing_enabled":true,"jetpack_featured_media_url":"","jetpack_shortlink":"https:\/\/wp.me\/p7wKYW-3vo","jetpack-related-posts":[],"_links":{"self":[{"href":"http:\/\/blogdalucianaoliveira.com.br\/blog\/wp-json\/wp\/v2\/posts\/13478","targetHints":{"allow":["GET"]}}],"collection":[{"href":"http:\/\/blogdalucianaoliveira.com.br\/blog\/wp-json\/wp\/v2\/posts"}],"about":[{"href":"http:\/\/blogdalucianaoliveira.com.br\/blog\/wp-json\/wp\/v2\/types\/post"}],"author":[{"embeddable":true,"href":"http:\/\/blogdalucianaoliveira.com.br\/blog\/wp-json\/wp\/v2\/users\/1"}],"replies":[{"embeddable":true,"href":"http:\/\/blogdalucianaoliveira.com.br\/blog\/wp-json\/wp\/v2\/comments?post=13478"}],"version-history":[{"count":1,"href":"http:\/\/blogdalucianaoliveira.com.br\/blog\/wp-json\/wp\/v2\/posts\/13478\/revisions"}],"predecessor-version":[{"id":13480,"href":"http:\/\/blogdalucianaoliveira.com.br\/blog\/wp-json\/wp\/v2\/posts\/13478\/revisions\/13480"}],"wp:attachment":[{"href":"http:\/\/blogdalucianaoliveira.com.br\/blog\/wp-json\/wp\/v2\/media?parent=13478"}],"wp:term":[{"taxonomy":"category","embeddable":true,"href":"http:\/\/blogdalucianaoliveira.com.br\/blog\/wp-json\/wp\/v2\/categories?post=13478"},{"taxonomy":"post_tag","embeddable":true,"href":"http:\/\/blogdalucianaoliveira.com.br\/blog\/wp-json\/wp\/v2\/tags?post=13478"}],"curies":[{"name":"wp","href":"https:\/\/api.w.org\/{rel}","templated":true}]}}