{"id":13481,"date":"2017-09-07T10:42:25","date_gmt":"2017-09-07T14:42:25","guid":{"rendered":"http:\/\/blogdalucianaoliveira.com.br\/blog\/?p=13481"},"modified":"2017-09-07T11:03:29","modified_gmt":"2017-09-07T15:03:29","slug":"agora-moro-da-valor-ao-que-palocci-tem-a-dizer","status":"publish","type":"post","link":"http:\/\/blogdalucianaoliveira.com.br\/blog\/2017\/09\/07\/agora-moro-da-valor-ao-que-palocci-tem-a-dizer\/","title":{"rendered":"POR QUE JUSTO AGORA, MORO D\u00c1 VALOR AO QUE PALOCCI TEM A DIZER?"},"content":{"rendered":"<p><img data-recalc-dims=\"1\" loading=\"lazy\" decoding=\"async\" data-attachment-id=\"13482\" data-permalink=\"http:\/\/blogdalucianaoliveira.com.br\/blog\/2017\/09\/07\/agora-moro-da-valor-ao-que-palocci-tem-a-dizer\/povo\/\" data-orig-file=\"https:\/\/i0.wp.com\/blogdalucianaoliveira.com.br\/blog\/wp-content\/uploads\/2017\/09\/povo.jpg?fit=479%2C364\" data-orig-size=\"479,364\" data-comments-opened=\"0\" data-image-meta=\"{&quot;aperture&quot;:&quot;0&quot;,&quot;credit&quot;:&quot;&quot;,&quot;camera&quot;:&quot;&quot;,&quot;caption&quot;:&quot;&quot;,&quot;created_timestamp&quot;:&quot;0&quot;,&quot;copyright&quot;:&quot;&quot;,&quot;focal_length&quot;:&quot;0&quot;,&quot;iso&quot;:&quot;0&quot;,&quot;shutter_speed&quot;:&quot;0&quot;,&quot;title&quot;:&quot;&quot;,&quot;orientation&quot;:&quot;0&quot;}\" data-image-title=\"povo\" data-image-description=\"\" data-image-caption=\"\" data-medium-file=\"https:\/\/i0.wp.com\/blogdalucianaoliveira.com.br\/blog\/wp-content\/uploads\/2017\/09\/povo.jpg?fit=300%2C228\" data-large-file=\"https:\/\/i0.wp.com\/blogdalucianaoliveira.com.br\/blog\/wp-content\/uploads\/2017\/09\/povo.jpg?fit=479%2C364\" src=\"https:\/\/i0.wp.com\/blogdalucianaoliveira.com.br\/blog\/wp-content\/uploads\/2017\/09\/povo.jpg?resize=479%2C364\" alt=\"povo\" width=\"479\" height=\"364\" class=\"alignnone size-full wp-image-13482\" srcset=\"https:\/\/i0.wp.com\/blogdalucianaoliveira.com.br\/blog\/wp-content\/uploads\/2017\/09\/povo.jpg?w=479 479w, https:\/\/i0.wp.com\/blogdalucianaoliveira.com.br\/blog\/wp-content\/uploads\/2017\/09\/povo.jpg?resize=300%2C228 300w, https:\/\/i0.wp.com\/blogdalucianaoliveira.com.br\/blog\/wp-content\/uploads\/2017\/09\/povo.jpg?resize=395%2C300 395w\" sizes=\"auto, (max-width: 479px) 100vw, 479px\" \/><\/p>\n<p>H\u00e1 1 ano, quando o Senado estava prestes a sacramentar o golpe \u00e0 democracia, o juiz S\u00e9rgio Moro desprezou o que o ex-ministro Ant\u00f4nio Palocci queria acrescentar \u00e0s investiga\u00e7\u00f5es da Opera\u00e7\u00e3o Lava Jato.<\/p>\n<p>O \u2018italiano\u2019 que agora acha que \u00e9 o &#8216;italiano&#8217; da lista da Odebrecht sem nunca ter sido assim chamado, disse em abril de 2016 que se Moro quisesse, poderia apresentar &#8220;fatos com nomes, endere\u00e7os e opera\u00e7\u00f5es realizadas&#8221;. <!--more--><\/p>\n<p>Mas, Moro n\u00e3o quis ver as tais provas e sequer ouvi-lo. Soou como amea\u00e7a.<\/p>\n<p>\u201cSuas declara\u00e7\u00f5es em audi\u00eancia, de que seria inocente, mas que teria muito a contribuir com a Lava Jato, s\u00f3 n\u00e3o o fazendo no momento pela &#8216;sensibilidade da informa\u00e7\u00e3o&#8217;, soaram mais como uma amea\u00e7a para que terceiros o auxiliem indevidamente para a revoga\u00e7\u00e3o da preventiva, do que propriamente como uma declara\u00e7\u00e3o sincera de que pretendia naquele momento colaborar com a Justi\u00e7a\u201d, disse Moro.<\/p>\n<p>Agora, na imin\u00eancia de uma nova den\u00fancia por corrup\u00e7\u00e3o contra Michel Temer, o juiz quis. <\/p>\n<p>O depoimento de Palocci passou a ter tanta import\u00e2ncia que abafou o esc\u00e2ndalo do \u2018bunker\u2019 de Geddel Viera, ex-ministro e operador de confian\u00e7a do presidente golpista.<\/p>\n<p>Ali\u00e1s, sem uma den\u00fancia \u2018an\u00f4nima\u2019, a Pol\u00edcia Federal n\u00e3o teria encontrado mais de 51 milh\u00f5es de reais em malas e caixas no apartamento emprestado a Geddel. Moro e os membros da for\u00e7a-tarefa estiveram t\u00e3o obcecados em provar que o triplex do Guaruj\u00e1 \u00e9 de Lula que n\u00e3o perceberam que a um quil\u00f4metro do local onde Geddel cumpre pris\u00e3o domiciliar era guardada uma fortuna.<\/p>\n<p><img data-recalc-dims=\"1\" loading=\"lazy\" decoding=\"async\" data-attachment-id=\"13457\" data-permalink=\"http:\/\/blogdalucianaoliveira.com.br\/blog\/2017\/09\/05\/pf-encontra-bunker-atribuido-a-geddel-com-malas-de-dinheiro\/fdp1\/\" data-orig-file=\"https:\/\/i0.wp.com\/blogdalucianaoliveira.com.br\/blog\/wp-content\/uploads\/2017\/09\/fdp1.jpg?fit=1000%2C357\" data-orig-size=\"1000,357\" data-comments-opened=\"0\" data-image-meta=\"{&quot;aperture&quot;:&quot;0&quot;,&quot;credit&quot;:&quot;&quot;,&quot;camera&quot;:&quot;&quot;,&quot;caption&quot;:&quot;&quot;,&quot;created_timestamp&quot;:&quot;0&quot;,&quot;copyright&quot;:&quot;&quot;,&quot;focal_length&quot;:&quot;0&quot;,&quot;iso&quot;:&quot;0&quot;,&quot;shutter_speed&quot;:&quot;0&quot;,&quot;title&quot;:&quot;&quot;,&quot;orientation&quot;:&quot;0&quot;}\" data-image-title=\"fdp1\" data-image-description=\"\" data-image-caption=\"\" data-medium-file=\"https:\/\/i0.wp.com\/blogdalucianaoliveira.com.br\/blog\/wp-content\/uploads\/2017\/09\/fdp1.jpg?fit=300%2C107\" data-large-file=\"https:\/\/i0.wp.com\/blogdalucianaoliveira.com.br\/blog\/wp-content\/uploads\/2017\/09\/fdp1.jpg?fit=600%2C214\" src=\"https:\/\/i0.wp.com\/blogdalucianaoliveira.com.br\/blog\/wp-content\/uploads\/2017\/09\/fdp1.jpg?resize=600%2C214\" alt=\"fdp1\" width=\"600\" height=\"214\" class=\"alignnone size-full wp-image-13457\" srcset=\"https:\/\/i0.wp.com\/blogdalucianaoliveira.com.br\/blog\/wp-content\/uploads\/2017\/09\/fdp1.jpg?w=1000 1000w, https:\/\/i0.wp.com\/blogdalucianaoliveira.com.br\/blog\/wp-content\/uploads\/2017\/09\/fdp1.jpg?resize=300%2C107 300w, https:\/\/i0.wp.com\/blogdalucianaoliveira.com.br\/blog\/wp-content\/uploads\/2017\/09\/fdp1.jpg?resize=768%2C274 768w, https:\/\/i0.wp.com\/blogdalucianaoliveira.com.br\/blog\/wp-content\/uploads\/2017\/09\/fdp1.jpg?resize=800%2C286 800w\" sizes=\"auto, (max-width: 600px) 100vw, 600px\" \/><\/p>\n<p>As digitais do amigo de confian\u00e7a de Temer foram encontradas no apartamento-cofre de propinas, mas a grande imprensa deu destaque mesmo foi ao depoimento de Palocci contra ex-presidentes petistas.<\/p>\n<p>N\u00e3o bastasse isso, sem mais nem menos, o Procurador Geral da Rep\u00fablica, Rodrigo Janot, denunciou Dilma e Lula por obstru\u00e7\u00e3o de justi\u00e7a. Para ele a nomea\u00e7\u00e3o do ex-presidente como ministro s\u00f3 visava proteg\u00ea-lo com o foro privilegiado.<\/p>\n<p>Por que Janot n\u00e3o agiu para impedir que Temer nomeasse v\u00e1rios ministros investigados na Lava Jato, ningu\u00e9m sabe.<\/p>\n<p>Mas, esse assunto que perdeu o sentido com mais de 15 ministros enrolados com a justi\u00e7a, tamb\u00e9m domina o notici\u00e1rio.<\/p>\n<p>E daqui pra frente, Lula e Dilma seguir\u00e3o em destaque pra ofuscar o oferecimento da nova den\u00fancia contra Temer.<\/p>\n<p>Parece muito claro o jogo bruto para manter a \u201csolu\u00e7\u00e3o mais f\u00e1cil\u201d e vantajosa aos golpistas, ou seja, Temer no poder.<\/p>\n<p>A torcida do golpe at\u00e9 j\u00e1 engrossa o coro de que o depoimento de Palocci \u00e9 que temos de mais grave neste momento.<\/p>\n<p>O povo que n\u00e3o deu a import\u00e2ncia devida aos \u00e1udios que incriminam Michel Temer e A\u00e9cio Neves e \u00e0s imagens das malas de dinheiro de Rocha Loures e Geddel Vieira, j\u00e1 se deixa manipular pelo depoimento de Palocci contra Dilma e Lula.   <\/p>\n<p>Tudo muito conveniente a quem manipula os resultados para vencer o jogo. E n\u00e3o sem quebrar o pa\u00eds.<\/p>\n<p>Moro, agora, deixou Palocci falar \u00e0 vontade.<\/p>\n<p>Soa estranho o peso que o depoimento de Palocci tem agora e se der mais um ano de trabalho a Moro como previu o \u2018italiano\u2019, o acordo para manter Temer e blindar os de sua laia segue inabal\u00e1vel.<\/p>\n<p>O depoimento oportunista de Palocci, abafa o que se prova com sons e imagens contra Temer e sua camarilha e coloca em evid\u00eancia o que se ouviu dizer de Lula e Dilma.<\/p>\n<p>A torcida do golpe est\u00e1 de prontid\u00e3o para ao contr\u00e1rio do que fez o ap\u00f3stolo Tom\u00e9, crer sem ver ou, ver e n\u00e3o crer.<\/p>\n<p>A \u00fanica certeza neste momento \u00e9 que segue o jogo bruto para atingir um resultado manipulado.<\/p>\n<p>Os canalhas est\u00e3o unidos. \u00c9 f\u00e1cil quebrar uma vara, mais dif\u00edcil \u00e9 quebrar um feixe de varas, com o STF, com tudo.<\/p>\n","protected":false},"excerpt":{"rendered":"<p>H\u00e1 1 ano, quando o Senado estava prestes a sacramentar o golpe \u00e0 democracia, o juiz S\u00e9rgio Moro desprezou o que o ex-ministro Ant\u00f4nio Palocci queria acrescentar \u00e0s investiga\u00e7\u00f5es da Opera\u00e7\u00e3o Lava Jato. O \u2018italiano\u2019 que agora acha que \u00e9 o &#8216;italiano&#8217; da lista da Odebrecht sem nunca ter sido assim chamado, disse em abril&#8230;<a class=\"more-link\" href=\"http:\/\/blogdalucianaoliveira.com.br\/blog\/2017\/09\/07\/agora-moro-da-valor-ao-que-palocci-tem-a-dizer\/\">Continue a leitura <span class=\"meta-nav\">&raquo;<\/span><\/a><\/p>\n","protected":false},"author":1,"featured_media":0,"comment_status":"closed","ping_status":"open","sticky":false,"template":"","format":"standard","meta":{"_exactmetrics_skip_tracking":false,"_exactmetrics_sitenote_active":false,"_exactmetrics_sitenote_note":"","_exactmetrics_sitenote_category":0,"jetpack_post_was_ever_published":false,"_jetpack_newsletter_access":"","_jetpack_dont_email_post_to_subs":false,"_jetpack_newsletter_tier_id":0,"_jetpack_memberships_contains_paywalled_content":false,"_jetpack_memberships_contains_paid_content":false,"footnotes":"","jetpack_publicize_message":"","jetpack_publicize_feature_enabled":true,"jetpack_social_post_already_shared":true,"jetpack_social_options":{"image_generator_settings":{"template":"highway","enabled":false},"version":2}},"categories":[1],"tags":[61,121,78,115,338,45],"class_list":["post-13481","post","type-post","status-publish","format-standard","hentry","category-notas","tag-dilma","tag-geddel","tag-lula","tag-moro","tag-palocci","tag-temer"],"jetpack_publicize_connections":[],"jetpack_sharing_enabled":true,"jetpack_featured_media_url":"","jetpack_shortlink":"https:\/\/wp.me\/p7wKYW-3vr","jetpack-related-posts":[],"_links":{"self":[{"href":"http:\/\/blogdalucianaoliveira.com.br\/blog\/wp-json\/wp\/v2\/posts\/13481","targetHints":{"allow":["GET"]}}],"collection":[{"href":"http:\/\/blogdalucianaoliveira.com.br\/blog\/wp-json\/wp\/v2\/posts"}],"about":[{"href":"http:\/\/blogdalucianaoliveira.com.br\/blog\/wp-json\/wp\/v2\/types\/post"}],"author":[{"embeddable":true,"href":"http:\/\/blogdalucianaoliveira.com.br\/blog\/wp-json\/wp\/v2\/users\/1"}],"replies":[{"embeddable":true,"href":"http:\/\/blogdalucianaoliveira.com.br\/blog\/wp-json\/wp\/v2\/comments?post=13481"}],"version-history":[{"count":8,"href":"http:\/\/blogdalucianaoliveira.com.br\/blog\/wp-json\/wp\/v2\/posts\/13481\/revisions"}],"predecessor-version":[{"id":13490,"href":"http:\/\/blogdalucianaoliveira.com.br\/blog\/wp-json\/wp\/v2\/posts\/13481\/revisions\/13490"}],"wp:attachment":[{"href":"http:\/\/blogdalucianaoliveira.com.br\/blog\/wp-json\/wp\/v2\/media?parent=13481"}],"wp:term":[{"taxonomy":"category","embeddable":true,"href":"http:\/\/blogdalucianaoliveira.com.br\/blog\/wp-json\/wp\/v2\/categories?post=13481"},{"taxonomy":"post_tag","embeddable":true,"href":"http:\/\/blogdalucianaoliveira.com.br\/blog\/wp-json\/wp\/v2\/tags?post=13481"}],"curies":[{"name":"wp","href":"https:\/\/api.w.org\/{rel}","templated":true}]}}