{"id":13491,"date":"2017-09-07T11:10:23","date_gmt":"2017-09-07T15:10:23","guid":{"rendered":"http:\/\/blogdalucianaoliveira.com.br\/blog\/?p=13491"},"modified":"2017-09-07T11:10:23","modified_gmt":"2017-09-07T15:10:23","slug":"a-implosao-da-mentira-2","status":"publish","type":"post","link":"http:\/\/blogdalucianaoliveira.com.br\/blog\/2017\/09\/07\/a-implosao-da-mentira-2\/","title":{"rendered":"A IMPLOS\u00c3O DA MENTIRA"},"content":{"rendered":"<p><img data-recalc-dims=\"1\" loading=\"lazy\" decoding=\"async\" data-attachment-id=\"13492\" data-permalink=\"http:\/\/blogdalucianaoliveira.com.br\/blog\/2017\/09\/07\/a-implosao-da-mentira-2\/fora-6\/\" data-orig-file=\"https:\/\/i0.wp.com\/blogdalucianaoliveira.com.br\/blog\/wp-content\/uploads\/2017\/09\/fora.jpg?fit=700%2C700\" data-orig-size=\"700,700\" data-comments-opened=\"0\" data-image-meta=\"{&quot;aperture&quot;:&quot;0&quot;,&quot;credit&quot;:&quot;&quot;,&quot;camera&quot;:&quot;&quot;,&quot;caption&quot;:&quot;&quot;,&quot;created_timestamp&quot;:&quot;0&quot;,&quot;copyright&quot;:&quot;&quot;,&quot;focal_length&quot;:&quot;0&quot;,&quot;iso&quot;:&quot;0&quot;,&quot;shutter_speed&quot;:&quot;0&quot;,&quot;title&quot;:&quot;&quot;,&quot;orientation&quot;:&quot;0&quot;}\" data-image-title=\"fora\" data-image-description=\"\" data-image-caption=\"\" data-medium-file=\"https:\/\/i0.wp.com\/blogdalucianaoliveira.com.br\/blog\/wp-content\/uploads\/2017\/09\/fora.jpg?fit=300%2C300\" data-large-file=\"https:\/\/i0.wp.com\/blogdalucianaoliveira.com.br\/blog\/wp-content\/uploads\/2017\/09\/fora.jpg?fit=600%2C600\" src=\"https:\/\/i0.wp.com\/blogdalucianaoliveira.com.br\/blog\/wp-content\/uploads\/2017\/09\/fora.jpg?resize=600%2C600\" alt=\"fora\" width=\"600\" height=\"600\" class=\"alignnone size-full wp-image-13492\" srcset=\"https:\/\/i0.wp.com\/blogdalucianaoliveira.com.br\/blog\/wp-content\/uploads\/2017\/09\/fora.jpg?w=700 700w, https:\/\/i0.wp.com\/blogdalucianaoliveira.com.br\/blog\/wp-content\/uploads\/2017\/09\/fora.jpg?resize=150%2C150 150w, https:\/\/i0.wp.com\/blogdalucianaoliveira.com.br\/blog\/wp-content\/uploads\/2017\/09\/fora.jpg?resize=300%2C300 300w\" sizes=\"auto, (max-width: 600px) 100vw, 600px\" \/><\/p>\n<p>Por Affonso Romano de Sant&#8217;Anna<!--more--><\/p>\n<p>Fragmento 1<\/p>\n<p>               Mentiram-me. Mentiram-me ontem<\/p>\n<p>               e hoje mentem novamente. Mentem<\/p>\n<p>               de corpo e alma, completamente.<\/p>\n<p>               E mentem de maneira t\u00e3o pungente<\/p>\n<p>               que acho que mentem sinceramente.<\/p>\n<p>               Mentem, sobretudo, impune\/mente.<\/p>\n<p>               N\u00e3o mentem tristes. Alegremente<\/p>\n<p>               mentem. Mentem t\u00e3o nacional\/mente<\/p>\n<p>               que acham que mentindo hist\u00f3ria afora<\/p>\n<p>               v\u00e3o enganar a morte eterna\/mente.<\/p>\n<p>               Mentem. Mentem e calam. Mas suas frases<\/p>\n<p>               falam. E desfilam de tal modo nuas<\/p>\n<p>               que mesmo um cego pode ver<\/p>\n<p>               a verdade em trapos pelas ruas.<\/p>\n<p>               Sei que a verdade \u00e9 dif\u00edcil<\/p>\n<p>               e para alguns \u00e9 cara e escura.<\/p>\n<p>               Mas n\u00e3o se chega \u00e0 verdade<\/p>\n<p>               pela mentira, nem \u00e0 democracia<\/p>\n<p>               pela ditadura.<\/p>\n<p>Fragmento 2<\/p>\n<p>               Evidente\/mente a crer<\/p>\n<p>               nos que me mentem<\/p>\n<p>               uma flor nasceu em Hiroshima<\/p>\n<p>               e em Auschwitz havia um circo<\/p>\n<p>               permanente.<\/p>\n<p>               Mentem. Mentem caricatural-<\/p>\n<p>               mente.<\/p>\n<p>               Mentem como a careca<\/p>\n<p>               mente ao pente,<\/p>\n<p>               mentem como a dentadura<\/p>\n<p>               mente ao dente,<\/p>\n<p>               mentem como a carro\u00e7a<\/p>\n<p>               \u00e0 besta em frente,<\/p>\n<p>               mentem como a doen\u00e7a<\/p>\n<p>               ao doente,<\/p>\n<p>               mentem clara\/mente<\/p>\n<p>               como o espelho transparente.<\/p>\n<p>               Mentem deslavadamente,<\/p>\n<p>               como nenhuma lavadeira mente<\/p>\n<p>               ao ver a n\u00f3doa sobre o linho. Mentem<\/p>\n<p>               com a cara limpa e nas m\u00e3os<\/p>\n<p>               o sangue quente. Mentem<\/p>\n<p>               ardente\/mente como um doente<\/p>\n<p>               em seus instantes de febre. Mentem<\/p>\n<p>               fabulosa\/mente como o ca\u00e7ador que quer passar<\/p>\n<p>               gato por lebre. E nessa trilha de mentiras<\/p>\n<p>               a ca\u00e7a \u00e9 que ca\u00e7a o ca\u00e7ador<\/p>\n<p>               com a armadilha.<\/p>\n<p>               E assim cada qual<\/p>\n<p>               mente industrial?mente,<\/p>\n<p>               mente partid\u00e1ria?mente,<\/p>\n<p>               mente incivil?mente,<\/p>\n<p>               mente tropical?mente,<\/p>\n<p>               mente incontinente?mente,<\/p>\n<p>               mente heredit\u00e1ria?mente,<\/p>\n<p>               mente, mente, mente.<\/p>\n<p>               E de tanto mentir t\u00e3o brava\/mente<\/p>\n<p>               constroem um pa\u00eds<\/p>\n<p>               de mentira<\/p>\n<p>                                       \u2014di\u00e1ria\/mente.<\/p>\n<p>Fragmento 3<\/p>\n<p>               Mentem no passado. E no presente<\/p>\n<p>               passam a mentira a limpo. E no futuro<\/p>\n<p>               mentem novamente.<\/p>\n<p>               Mentem fazendo o sol girar<\/p>\n<p>               em torno \u00e0 terra medieval\/mente.<\/p>\n<p>               Por isto, desta vez, n\u00e3o \u00e9 Galileu<\/p>\n<p>               quem mente.<\/p>\n<p>               mas o tribunal que o julga<\/p>\n<p>               herege\/mente.<\/p>\n<p>               Mentem como se Colombo partindo<\/p>\n<p>                do Ocidente para o Oriente<\/p>\n<p>               pudesse descobrir de mentira<\/p>\n<p>               um continente.<\/p>\n<p>               Mentem desde Cabral, em calmaria,<\/p>\n<p>               viajando pelo avesso, iludindo a corrente<\/p>\n<p>               em curso, transformando a hist\u00f3ria do pa\u00eds<\/p>\n<p>               num acidente de percurso.<\/p>\n","protected":false},"excerpt":{"rendered":"<p>Por Affonso Romano de Sant&#8217;Anna<\/p>\n","protected":false},"author":1,"featured_media":0,"comment_status":"closed","ping_status":"open","sticky":false,"template":"","format":"standard","meta":{"_exactmetrics_skip_tracking":false,"_exactmetrics_sitenote_active":false,"_exactmetrics_sitenote_note":"","_exactmetrics_sitenote_category":0,"jetpack_post_was_ever_published":false,"_jetpack_newsletter_access":"","_jetpack_dont_email_post_to_subs":false,"_jetpack_newsletter_tier_id":0,"_jetpack_memberships_contains_paywalled_content":false,"_jetpack_memberships_contains_paid_content":false,"footnotes":"","jetpack_publicize_message":"","jetpack_publicize_feature_enabled":true,"jetpack_social_post_already_shared":true,"jetpack_social_options":{"image_generator_settings":{"template":"highway","enabled":false},"version":2}},"categories":[1],"tags":[],"class_list":["post-13491","post","type-post","status-publish","format-standard","hentry","category-notas"],"jetpack_publicize_connections":[],"jetpack_sharing_enabled":true,"jetpack_featured_media_url":"","jetpack_shortlink":"https:\/\/wp.me\/p7wKYW-3vB","jetpack-related-posts":[],"_links":{"self":[{"href":"http:\/\/blogdalucianaoliveira.com.br\/blog\/wp-json\/wp\/v2\/posts\/13491","targetHints":{"allow":["GET"]}}],"collection":[{"href":"http:\/\/blogdalucianaoliveira.com.br\/blog\/wp-json\/wp\/v2\/posts"}],"about":[{"href":"http:\/\/blogdalucianaoliveira.com.br\/blog\/wp-json\/wp\/v2\/types\/post"}],"author":[{"embeddable":true,"href":"http:\/\/blogdalucianaoliveira.com.br\/blog\/wp-json\/wp\/v2\/users\/1"}],"replies":[{"embeddable":true,"href":"http:\/\/blogdalucianaoliveira.com.br\/blog\/wp-json\/wp\/v2\/comments?post=13491"}],"version-history":[{"count":1,"href":"http:\/\/blogdalucianaoliveira.com.br\/blog\/wp-json\/wp\/v2\/posts\/13491\/revisions"}],"predecessor-version":[{"id":13493,"href":"http:\/\/blogdalucianaoliveira.com.br\/blog\/wp-json\/wp\/v2\/posts\/13491\/revisions\/13493"}],"wp:attachment":[{"href":"http:\/\/blogdalucianaoliveira.com.br\/blog\/wp-json\/wp\/v2\/media?parent=13491"}],"wp:term":[{"taxonomy":"category","embeddable":true,"href":"http:\/\/blogdalucianaoliveira.com.br\/blog\/wp-json\/wp\/v2\/categories?post=13491"},{"taxonomy":"post_tag","embeddable":true,"href":"http:\/\/blogdalucianaoliveira.com.br\/blog\/wp-json\/wp\/v2\/tags?post=13491"}],"curies":[{"name":"wp","href":"https:\/\/api.w.org\/{rel}","templated":true}]}}