{"id":13494,"date":"2017-09-07T11:20:57","date_gmt":"2017-09-07T15:20:57","guid":{"rendered":"http:\/\/blogdalucianaoliveira.com.br\/blog\/?p=13494"},"modified":"2017-09-07T11:20:57","modified_gmt":"2017-09-07T15:20:57","slug":"brasil-chega-ao-79-com-independencia-ferida","status":"publish","type":"post","link":"http:\/\/blogdalucianaoliveira.com.br\/blog\/2017\/09\/07\/brasil-chega-ao-79-com-independencia-ferida\/","title":{"rendered":"BRASIL CHEGA AO 7\/9 COM INDEPEND\u00caNCIA FERIDA"},"content":{"rendered":"<p><img data-recalc-dims=\"1\" loading=\"lazy\" decoding=\"async\" data-attachment-id=\"13495\" data-permalink=\"http:\/\/blogdalucianaoliveira.com.br\/blog\/2017\/09\/07\/brasil-chega-ao-79-com-independencia-ferida\/inde\/\" data-orig-file=\"https:\/\/i0.wp.com\/blogdalucianaoliveira.com.br\/blog\/wp-content\/uploads\/2017\/09\/inde.jpg?fit=1000%2C357\" data-orig-size=\"1000,357\" data-comments-opened=\"0\" data-image-meta=\"{&quot;aperture&quot;:&quot;0&quot;,&quot;credit&quot;:&quot;&quot;,&quot;camera&quot;:&quot;&quot;,&quot;caption&quot;:&quot;&quot;,&quot;created_timestamp&quot;:&quot;0&quot;,&quot;copyright&quot;:&quot;&quot;,&quot;focal_length&quot;:&quot;0&quot;,&quot;iso&quot;:&quot;0&quot;,&quot;shutter_speed&quot;:&quot;0&quot;,&quot;title&quot;:&quot;&quot;,&quot;orientation&quot;:&quot;0&quot;}\" data-image-title=\"inde\" data-image-description=\"\" data-image-caption=\"\" data-medium-file=\"https:\/\/i0.wp.com\/blogdalucianaoliveira.com.br\/blog\/wp-content\/uploads\/2017\/09\/inde.jpg?fit=300%2C107\" data-large-file=\"https:\/\/i0.wp.com\/blogdalucianaoliveira.com.br\/blog\/wp-content\/uploads\/2017\/09\/inde.jpg?fit=600%2C214\" src=\"https:\/\/i0.wp.com\/blogdalucianaoliveira.com.br\/blog\/wp-content\/uploads\/2017\/09\/inde.jpg?resize=600%2C214\" alt=\"inde\" width=\"600\" height=\"214\" class=\"alignnone size-full wp-image-13495\" srcset=\"https:\/\/i0.wp.com\/blogdalucianaoliveira.com.br\/blog\/wp-content\/uploads\/2017\/09\/inde.jpg?w=1000 1000w, https:\/\/i0.wp.com\/blogdalucianaoliveira.com.br\/blog\/wp-content\/uploads\/2017\/09\/inde.jpg?resize=300%2C107 300w, https:\/\/i0.wp.com\/blogdalucianaoliveira.com.br\/blog\/wp-content\/uploads\/2017\/09\/inde.jpg?resize=768%2C274 768w, https:\/\/i0.wp.com\/blogdalucianaoliveira.com.br\/blog\/wp-content\/uploads\/2017\/09\/inde.jpg?resize=800%2C286 800w\" sizes=\"auto, (max-width: 600px) 100vw, 600px\" \/><\/p>\n<p>247 \u2013 Com Michel Temer no poder neste 7 de setembro, o Brasil prepara a entrega do pr\u00e9-sal e a venda de terras a grupos internacionais.<\/p>\n<p>Na Amaz\u00f4nia, uma reserva mineral pode ser entregue a grupos canadenses e tropas americanas foram convidadas a realizar exerc\u00edcios conjuntos na regi\u00e3o.<!--more--><\/p>\n<p>Se isso n\u00e3o bastasse, o projeto do submarino nuclear, que serviria para cuidar das reservas de petr\u00f3leo, foi paralisado, e at\u00e9 as linhas de transmiss\u00e3o de energia podem ser entregues a grupos internacionais \u2013 no sald\u00e3o de Temer, todos os pilares da soberania est\u00e3o sendo atacados.<\/p>\n<p>Relembre, abaixo, reportagem do 247 sobre os ataques \u00e0 soberania nacional:<\/p>\n<p>O que transforma um pa\u00eds numa pot\u00eancia? A literatura geopol\u00edtica, em geral, aponta tr\u00eas fatores: poderio militar, seguran\u00e7a alimentar e seguran\u00e7a energ\u00e9tica.<\/p>\n<p>Os Estados Unidos, por exemplo, s\u00e3o a maior pot\u00eancia militar do planeta e grandes produtores de alimentos. N\u00e3o s\u00e3o autossuficientes em petr\u00f3leo, mas exercem influ\u00eancia decisiva sobre o Oriente M\u00e9dio, a custa de guerras e interven\u00e7\u00f5es pol\u00edticas. Recentemente, uma novo caminho come\u00e7ou a ser explorado, com as explora\u00e7\u00f5es do g\u00e1s de xisto.<\/p>\n<p>A R\u00fassia, por sua vez, concentra os tr\u00eas elementos: controla um arsenal at\u00f4mico, algumas das maiores reservas de \u00f3leo e g\u00e1s do mundo e tamb\u00e9m possui forte super\u00e1vit alimentar.<\/p>\n<p>A China, das tr\u00eas grandes pot\u00eancias, \u00e9 a mais fr\u00e1gil, uma vez que \u00e9 grande importadora de petr\u00f3leo e alimentos.<\/p>\n<p>Aspirante a pot\u00eancia, o Brasil, h\u00e1 muitos anos um gigante agr\u00edcola, vinha trilhando um caminho alternativo na era Lula-Dilma. Com as descobertas do pr\u00e9-sal, o Pa\u00eds trocou o modelo de concess\u00e3o pelo de partilha, uma vez que o risco explorat\u00f3rio j\u00e1 havia sido mitigado pelas pesquisas da Petrobras em \u00e1guas profundas. No campo militar, a renova\u00e7\u00e3o dos ca\u00e7as da For\u00e7a A\u00e9rea e o projeto do submarino nuclear ajudariam a patrulhar as reservas nacionais de \u00f3leo e g\u00e1s. Al\u00e9m disso, outra conquista importante foi a expans\u00e3o das fronteiras mar\u00edtimas do Pa\u00eds, com a chamada &#8220;Amaz\u00f4nia azul&#8221;.<\/p>\n<p>Com o golpe parlamentar de 2016, no entanto, tudo mudou. A primeira v\u00edtima foi o pr\u00e9-sal e Temer conseguiu aprovar o projeto de Jos\u00e9 Serra para abrir as reservas a empresas estrangeiras, como havia sido prometido pelo atual chanceler \u00e0 petroleira americana Chevron. Em breve, nos pr\u00f3ximos leil\u00f5es, a Petrobras de Pedro Parente, embora tenha direito de prefer\u00eancia, dever\u00e1 demonstrar desinteresse. At\u00e9 porque j\u00e1 fez acordos para se desfazer de gigantescos campos de petr\u00f3leo com as empresas francesa Total e norueguesa Statoil.<\/p>\n<p>No campo militar, o submarino nuclear foi abatido pela Lava Jato, que teve como dois de seus alvos a Odebrecht e o almirante Othon Pinheiro, respons\u00e1vel pela condu\u00e7\u00e3o do projeto. Al\u00e9m disso, h\u00e1 rumores de que o governo pretenda trocar os ca\u00e7as Gripen, que transferem tecnologia ao Brasil, pelos ca\u00e7as americanos F-16.<\/p>\n<p>O ataque mais recente se d\u00e1 no agroneg\u00f3cio, onde Temer pretende permitir, por medida provis\u00f3ria, que estrangeiros tenham at\u00e9 100 mil hectares no Brasil. No mundo de hoje, terras ar\u00e1veis s\u00e3o um dos bens mais escassos do planeta e Temer pretende colocar o Brasil em leil\u00e3o, o que tamb\u00e9m pressionar\u00e1 o consumo de outros recursos naturais \u2013 raros no mundo e a abundantes no Brasil \u2013 como a \u00e1gua.<\/p>\n<p>Temer vai tocando essa agenda sem sequer ligar para a opini\u00e3o p\u00fablica. Pesquisas recentes j\u00e1 indicaram que os brasileiros s\u00e3o contra a abertura do pr\u00e9-sal. Outro levantamento apontou que Temer \u00e9 reprovado por 66,6% dos brasileiros, mas ele se considera leg\u00edtimo para fazer o que bem entende.<\/p>\n<p>Coincid\u00eancia ou n\u00e3o, o general Eduardo Villa B\u00f4as, chefe das For\u00e7as-Armadas, onde ainda existe um pensamento nacional, disse, neste fim de semana, que o Brasil est\u00e1 &#8220;\u00e0 deriva&#8221;, sem projeto e sem saber o que pretende ser. Os militares, claro, s\u00e3o contra o abandono do submarino nuclear e tamb\u00e9m contra a venda de terras para estrangeiros, mas ainda n\u00e3o reagiram \u00e0 destrui\u00e7\u00e3o da era Temer.<\/p>\n","protected":false},"excerpt":{"rendered":"<p>247 \u2013 Com Michel Temer no poder neste 7 de setembro, o Brasil prepara a entrega do pr\u00e9-sal e a venda de terras a grupos internacionais. Na Amaz\u00f4nia, uma reserva mineral pode ser entregue a grupos canadenses e tropas americanas foram convidadas a realizar exerc\u00edcios conjuntos na regi\u00e3o.<\/p>\n","protected":false},"author":1,"featured_media":0,"comment_status":"closed","ping_status":"open","sticky":false,"template":"","format":"standard","meta":{"_exactmetrics_skip_tracking":false,"_exactmetrics_sitenote_active":false,"_exactmetrics_sitenote_note":"","_exactmetrics_sitenote_category":0,"jetpack_post_was_ever_published":false,"_jetpack_newsletter_access":"","_jetpack_dont_email_post_to_subs":false,"_jetpack_newsletter_tier_id":0,"_jetpack_memberships_contains_paywalled_content":false,"_jetpack_memberships_contains_paid_content":false,"footnotes":"","jetpack_publicize_message":"","jetpack_publicize_feature_enabled":true,"jetpack_social_post_already_shared":true,"jetpack_social_options":{"image_generator_settings":{"template":"highway","enabled":false},"version":2}},"categories":[1],"tags":[],"class_list":["post-13494","post","type-post","status-publish","format-standard","hentry","category-notas"],"jetpack_publicize_connections":[],"jetpack_sharing_enabled":true,"jetpack_featured_media_url":"","jetpack_shortlink":"https:\/\/wp.me\/p7wKYW-3vE","jetpack-related-posts":[],"_links":{"self":[{"href":"http:\/\/blogdalucianaoliveira.com.br\/blog\/wp-json\/wp\/v2\/posts\/13494","targetHints":{"allow":["GET"]}}],"collection":[{"href":"http:\/\/blogdalucianaoliveira.com.br\/blog\/wp-json\/wp\/v2\/posts"}],"about":[{"href":"http:\/\/blogdalucianaoliveira.com.br\/blog\/wp-json\/wp\/v2\/types\/post"}],"author":[{"embeddable":true,"href":"http:\/\/blogdalucianaoliveira.com.br\/blog\/wp-json\/wp\/v2\/users\/1"}],"replies":[{"embeddable":true,"href":"http:\/\/blogdalucianaoliveira.com.br\/blog\/wp-json\/wp\/v2\/comments?post=13494"}],"version-history":[{"count":1,"href":"http:\/\/blogdalucianaoliveira.com.br\/blog\/wp-json\/wp\/v2\/posts\/13494\/revisions"}],"predecessor-version":[{"id":13496,"href":"http:\/\/blogdalucianaoliveira.com.br\/blog\/wp-json\/wp\/v2\/posts\/13494\/revisions\/13496"}],"wp:attachment":[{"href":"http:\/\/blogdalucianaoliveira.com.br\/blog\/wp-json\/wp\/v2\/media?parent=13494"}],"wp:term":[{"taxonomy":"category","embeddable":true,"href":"http:\/\/blogdalucianaoliveira.com.br\/blog\/wp-json\/wp\/v2\/categories?post=13494"},{"taxonomy":"post_tag","embeddable":true,"href":"http:\/\/blogdalucianaoliveira.com.br\/blog\/wp-json\/wp\/v2\/tags?post=13494"}],"curies":[{"name":"wp","href":"https:\/\/api.w.org\/{rel}","templated":true}]}}