{"id":13497,"date":"2017-09-07T11:46:04","date_gmt":"2017-09-07T15:46:04","guid":{"rendered":"http:\/\/blogdalucianaoliveira.com.br\/blog\/?p=13497"},"modified":"2017-09-07T11:46:04","modified_gmt":"2017-09-07T15:46:04","slug":"grito-dos-excluidos-confira-agenda-de-mobilizacoes-neste-7-de-setembro","status":"publish","type":"post","link":"http:\/\/blogdalucianaoliveira.com.br\/blog\/2017\/09\/07\/grito-dos-excluidos-confira-agenda-de-mobilizacoes-neste-7-de-setembro\/","title":{"rendered":"Grito dos Exclu\u00eddos: Confira agenda de mobiliza\u00e7\u00f5es neste 7 de setembro"},"content":{"rendered":"<p><img data-recalc-dims=\"1\" loading=\"lazy\" decoding=\"async\" data-attachment-id=\"13498\" data-permalink=\"http:\/\/blogdalucianaoliveira.com.br\/blog\/2017\/09\/07\/grito-dos-excluidos-confira-agenda-de-mobilizacoes-neste-7-de-setembro\/pob\/\" data-orig-file=\"https:\/\/i0.wp.com\/blogdalucianaoliveira.com.br\/blog\/wp-content\/uploads\/2017\/09\/POB.jpg?fit=640%2C424\" data-orig-size=\"640,424\" data-comments-opened=\"0\" data-image-meta=\"{&quot;aperture&quot;:&quot;0&quot;,&quot;credit&quot;:&quot;&quot;,&quot;camera&quot;:&quot;&quot;,&quot;caption&quot;:&quot;&quot;,&quot;created_timestamp&quot;:&quot;0&quot;,&quot;copyright&quot;:&quot;&quot;,&quot;focal_length&quot;:&quot;0&quot;,&quot;iso&quot;:&quot;0&quot;,&quot;shutter_speed&quot;:&quot;0&quot;,&quot;title&quot;:&quot;&quot;,&quot;orientation&quot;:&quot;0&quot;}\" data-image-title=\"POB\" data-image-description=\"\" data-image-caption=\"\" data-medium-file=\"https:\/\/i0.wp.com\/blogdalucianaoliveira.com.br\/blog\/wp-content\/uploads\/2017\/09\/POB.jpg?fit=300%2C199\" data-large-file=\"https:\/\/i0.wp.com\/blogdalucianaoliveira.com.br\/blog\/wp-content\/uploads\/2017\/09\/POB.jpg?fit=600%2C398\" src=\"https:\/\/i0.wp.com\/blogdalucianaoliveira.com.br\/blog\/wp-content\/uploads\/2017\/09\/POB.jpg?resize=600%2C398\" alt=\"POB\" width=\"600\" height=\"398\" class=\"alignnone size-full wp-image-13498\" srcset=\"https:\/\/i0.wp.com\/blogdalucianaoliveira.com.br\/blog\/wp-content\/uploads\/2017\/09\/POB.jpg?w=640 640w, https:\/\/i0.wp.com\/blogdalucianaoliveira.com.br\/blog\/wp-content\/uploads\/2017\/09\/POB.jpg?resize=300%2C199 300w, https:\/\/i0.wp.com\/blogdalucianaoliveira.com.br\/blog\/wp-content\/uploads\/2017\/09\/POB.jpg?resize=453%2C300 453w\" sizes=\"auto, (max-width: 600px) 100vw, 600px\" \/><\/p>\n<p>&#8220;Por Direito e Democracia, a Luta \u00e9 Todo Dia&#8221;: protesto mobiliza cidades do Brasil no simb\u00f3lico dia da Independ\u00eancia<!--more--><\/p>\n<p>Norma Odara<br \/>\nBrasil de Fato | S\u00e3o Paulo (SP)<\/p>\n<p>O dia da Independ\u00eancia do Brasil, 7 de setembro (quinta-feira), \u00e9 a data escolhida para a realiza\u00e7\u00e3o da manifesta\u00e7\u00e3o popular &#8220;Grito dos Exclu\u00eddos&#8221;, que ter\u00e1 atividades em diversas localidades do Brasil.<\/p>\n<p>Cidades como S\u00e3o Paulo, Rio de Janeiro, Porto Alegre e Fortaleza ter\u00e3o atividades organizadas por igrejas, sindicatos e movimentos populares contra os retrocessos e abusos do Estado.<\/p>\n<p>H\u00e1 mais de dez anos organizando o Grito do Exclu\u00eddos em S\u00e3o Paulo, a CMP, Central dos Movimentos Populares, espera reunir cerca de 10 mil pessoas na Avenida Paulista, em S\u00e3o Paulo. O coordenador geral da organiza\u00e7\u00e3o, Raimundo Bonfim, fala sobre expectativa do ato:<\/p>\n<p>&#8220;Agora dia 7, a periferia, o povo mais pobre vai levar as panelas para as ruas e demonstrar que agora, de fato, as panelas est\u00e3o vazias com desemprego, mis\u00e9ria, com fome, com cortes&#8221;, diz.<\/p>\n<p>O Grito dos Exclu\u00eddos traz em sua concep\u00e7\u00e3o a den\u00fancia da estrutura opressiva e excludente da sociedade e do sistema neoliberal, fatores que, de acordo com a defini\u00e7\u00e3o do ato, negam a vida e impede de sonhar.<\/p>\n<p>A mobiliza\u00e7\u00e3o foi idealizada em 1994 e teve sua primeira edi\u00e7\u00e3o em 1995: &#8220;Diferente de 1994, a situa\u00e7\u00e3o do desemprego, exclus\u00e3o social, \u00e9 muito semelhante, mas agora tem um componente novo que \u00e9 o ataque aos direitos trabalhistas e previdenci\u00e1rios e o congelamento de recursos nas \u00e1reas sociais&#8221;.<\/p>\n<p>A concentra\u00e7\u00e3o do ato em S\u00e3o Paulo ser\u00e1 \u00e0s 9h, na Avenida Paulista, na Pra\u00e7a Oswaldo Cruz, em Frente ao Shopping Paulista e percorrer\u00e1 a Avenida Brigadeiro Luiz Antonio, com encerramento em frente ao Monumento \u00e0s Bandeiras, no Parque do Ibirapuera.<\/p>\n<p>Confira algumas mobiliza\u00e7\u00f5es:<\/p>\n<p>S\u00e3o Paulo (SP), \u00e0s 9h, Pra\u00e7a Oswaldo Cruz, na Avenida Paulista<\/p>\n<p>Campinas (SP), \u00e0s 9h, Largo do Par\u00e1<\/p>\n<p>S\u00e3o Jos\u00e9 do Rio Preto (SP), \u00e0s 18h30, Rua Boa Vista, 971<\/p>\n<p>Caraguatatuba (SP), \u00e0s 16h, no CIDE Centro &#8211; Cei\/Emei Prof\u00aa Maria Elma Mansano, Av. Marechal Deodoro da Fonseca, 1.155<\/p>\n<p>Juiz de Fora (MG),\u00e0s 9h, Av. Rio Branco esquina com Rua Oscar Vidal<\/p>\n<p>Fortaleza (CE), \u00e0s 8h, na Arquidiocese de Fortaleza, Avenida Dom Manuel, 3<\/p>\n<p>Campina Grande (PB), \u00e0s 8h, Diocese de Campina Grande, Rua Afonso Campos, 251<\/p>\n<p>Cascavel (PR), \u00e0s 8h, Avenida Brasil, 6986<\/p>\n<p>Porto Velho (RO), \u00e0s 16 horas, no trevo da Imigrantes com a Jorge Teixeira.<\/p>\n<p>Porto Alegre (RS), \u00e0s 9h, R\u00f3tula das Cuias, Praia de Belas<\/p>\n<p>Eun\u00e1polis (BA), \u00e0s 9h, Diocese de Eun\u00e1polis, Avenida Porto Seguro<\/p>\n<p>Rio de Janeiro (RJ), \u00e0s 9h, Av. Presidente Vargas com Av. Uruguaiana<\/p>\n<p>Edi\u00e7\u00e3o: Vanessa Martina Silva<\/p>\n","protected":false},"excerpt":{"rendered":"<p>&#8220;Por Direito e Democracia, a Luta \u00e9 Todo Dia&#8221;: protesto mobiliza cidades do Brasil no simb\u00f3lico dia da Independ\u00eancia<\/p>\n","protected":false},"author":1,"featured_media":0,"comment_status":"closed","ping_status":"open","sticky":false,"template":"","format":"standard","meta":{"_exactmetrics_skip_tracking":false,"_exactmetrics_sitenote_active":false,"_exactmetrics_sitenote_note":"","_exactmetrics_sitenote_category":0,"jetpack_post_was_ever_published":false,"_jetpack_newsletter_access":"","_jetpack_dont_email_post_to_subs":false,"_jetpack_newsletter_tier_id":0,"_jetpack_memberships_contains_paywalled_content":false,"_jetpack_memberships_contains_paid_content":false,"footnotes":"","jetpack_publicize_message":"","jetpack_publicize_feature_enabled":true,"jetpack_social_post_already_shared":true,"jetpack_social_options":{"image_generator_settings":{"template":"highway","enabled":false},"version":2}},"categories":[1],"tags":[],"class_list":["post-13497","post","type-post","status-publish","format-standard","hentry","category-notas"],"jetpack_publicize_connections":[],"jetpack_sharing_enabled":true,"jetpack_featured_media_url":"","jetpack_shortlink":"https:\/\/wp.me\/p7wKYW-3vH","jetpack-related-posts":[],"_links":{"self":[{"href":"http:\/\/blogdalucianaoliveira.com.br\/blog\/wp-json\/wp\/v2\/posts\/13497","targetHints":{"allow":["GET"]}}],"collection":[{"href":"http:\/\/blogdalucianaoliveira.com.br\/blog\/wp-json\/wp\/v2\/posts"}],"about":[{"href":"http:\/\/blogdalucianaoliveira.com.br\/blog\/wp-json\/wp\/v2\/types\/post"}],"author":[{"embeddable":true,"href":"http:\/\/blogdalucianaoliveira.com.br\/blog\/wp-json\/wp\/v2\/users\/1"}],"replies":[{"embeddable":true,"href":"http:\/\/blogdalucianaoliveira.com.br\/blog\/wp-json\/wp\/v2\/comments?post=13497"}],"version-history":[{"count":1,"href":"http:\/\/blogdalucianaoliveira.com.br\/blog\/wp-json\/wp\/v2\/posts\/13497\/revisions"}],"predecessor-version":[{"id":13499,"href":"http:\/\/blogdalucianaoliveira.com.br\/blog\/wp-json\/wp\/v2\/posts\/13497\/revisions\/13499"}],"wp:attachment":[{"href":"http:\/\/blogdalucianaoliveira.com.br\/blog\/wp-json\/wp\/v2\/media?parent=13497"}],"wp:term":[{"taxonomy":"category","embeddable":true,"href":"http:\/\/blogdalucianaoliveira.com.br\/blog\/wp-json\/wp\/v2\/categories?post=13497"},{"taxonomy":"post_tag","embeddable":true,"href":"http:\/\/blogdalucianaoliveira.com.br\/blog\/wp-json\/wp\/v2\/tags?post=13497"}],"curies":[{"name":"wp","href":"https:\/\/api.w.org\/{rel}","templated":true}]}}