{"id":1352,"date":"2016-05-31T09:47:07","date_gmt":"2016-05-31T13:47:07","guid":{"rendered":"http:\/\/blogdalucianaoliveira.com.br\/blog\/?p=1352"},"modified":"2016-05-31T13:06:26","modified_gmt":"2016-05-31T17:06:26","slug":"hoje-so-tem-sacanas","status":"publish","type":"post","link":"http:\/\/blogdalucianaoliveira.com.br\/blog\/2016\/05\/31\/hoje-so-tem-sacanas\/","title":{"rendered":"Hoje s\u00f3 tem sacanas"},"content":{"rendered":"<p><img data-recalc-dims=\"1\" loading=\"lazy\" decoding=\"async\" data-attachment-id=\"1353\" data-permalink=\"http:\/\/blogdalucianaoliveira.com.br\/blog\/2016\/05\/31\/hoje-so-tem-sacanas\/img_4300-2\/\" data-orig-file=\"https:\/\/i0.wp.com\/blogdalucianaoliveira.com.br\/blog\/wp-content\/uploads\/2016\/05\/IMG_4300-1.jpg?fit=1200%2C576\" data-orig-size=\"1200,576\" data-comments-opened=\"0\" data-image-meta=\"{&quot;aperture&quot;:&quot;0&quot;,&quot;credit&quot;:&quot;&quot;,&quot;camera&quot;:&quot;&quot;,&quot;caption&quot;:&quot;&quot;,&quot;created_timestamp&quot;:&quot;0&quot;,&quot;copyright&quot;:&quot;&quot;,&quot;focal_length&quot;:&quot;0&quot;,&quot;iso&quot;:&quot;0&quot;,&quot;shutter_speed&quot;:&quot;0&quot;,&quot;title&quot;:&quot;&quot;,&quot;orientation&quot;:&quot;1&quot;}\" data-image-title=\"IMG_4300\" data-image-description=\"\" data-image-caption=\"\" data-medium-file=\"https:\/\/i0.wp.com\/blogdalucianaoliveira.com.br\/blog\/wp-content\/uploads\/2016\/05\/IMG_4300-1.jpg?fit=300%2C144\" data-large-file=\"https:\/\/i0.wp.com\/blogdalucianaoliveira.com.br\/blog\/wp-content\/uploads\/2016\/05\/IMG_4300-1.jpg?fit=600%2C288\" src=\"https:\/\/i0.wp.com\/blogdalucianaoliveira.com.br\/blog\/wp-content\/uploads\/2016\/05\/IMG_4300-1.jpg?resize=600%2C288\" alt=\"IMG_4300\" width=\"600\" height=\"288\" class=\"alignnone size-full wp-image-1353\" srcset=\"https:\/\/i0.wp.com\/blogdalucianaoliveira.com.br\/blog\/wp-content\/uploads\/2016\/05\/IMG_4300-1.jpg?w=1200 1200w, https:\/\/i0.wp.com\/blogdalucianaoliveira.com.br\/blog\/wp-content\/uploads\/2016\/05\/IMG_4300-1.jpg?resize=300%2C144 300w, https:\/\/i0.wp.com\/blogdalucianaoliveira.com.br\/blog\/wp-content\/uploads\/2016\/05\/IMG_4300-1.jpg?resize=768%2C369 768w, https:\/\/i0.wp.com\/blogdalucianaoliveira.com.br\/blog\/wp-content\/uploads\/2016\/05\/IMG_4300-1.jpg?resize=1024%2C492 1024w, https:\/\/i0.wp.com\/blogdalucianaoliveira.com.br\/blog\/wp-content\/uploads\/2016\/05\/IMG_4300-1.jpg?resize=625%2C300 625w\" sizes=\"auto, (max-width: 600px) 100vw, 600px\" \/><!--more--><\/p>\n<p>Banaliza\u00e7\u00e3o do mal<br \/>\nO delegado Alessandro Thiers, que foi afastado do caso de estupro coletivo, desqualificou o depoimento da v\u00edtima e afirmou que \u201co \u00fanico crime seria a divulga\u00e7\u00e3o do v\u00eddeo.\u201d Est\u00e1 no UOL a entrevista que deu, ap\u00f3s a reportagem do Fant\u00e1stico denunciar que ele teria constrangido a menor para que assumisse algum tipo de culpa por ter sido estuprada por mais de 30 homens.<br \/>\nA fil\u00f3sofa Hannah Arendt chocou o mundo quando disse que o nazista Eichmamm n\u00e3o era um psicopata frio, mas um homem comum que relativizou o mal.<br \/>\nThiers, o delegado que culpa a v\u00edtima, \u00e9 uma dessas pessoas que se apresentam como \u2018normais\u2019, mas que promovem um sistema perverso onde o mal \u00e9 banalizado.  Aqui, uma professora da UNIR denunciou professores universit\u00e1rios que fizeram o mesmo, tentaram imprimir \u00e0 menor a responsabilidade pelo que aconteceu por roupas, poses ou declara\u00e7\u00f5es nas redes sociais. Isso \u00e9 cultura do estupro!<\/p>\n<p>Banaliza\u00e7\u00e3o do mal II<br \/>\nCorre \u00e0 boca mi\u00fada que aqui existe um grupo de suruba gay com menores, do qual participam profissionais liberais de prest\u00edgio. Eles v\u00e3o pra ch\u00e1caras e l\u00e1 se confraternizam com sexo e coca\u00edna. Sim, alguns s\u00e3o casados e tamb\u00e9m ocupam cargos e profiss\u00f5es que os obrigam a defender os direitos de crian\u00e7as e adolescentes, como se n\u00e3o praticassem corrup\u00e7\u00e3o de menores.<br \/>\nSem den\u00fancia, nada pode ser feito, mas um dia as m\u00e1scaras caem. Deus ajude que caiam.<\/p>\n<p>Genial\/Mente<br \/>\nHoje o deputado Marcos Rog\u00e9rio entrega o parecer em que deve sugerir a cassa\u00e7\u00e3o do presidente da C\u00e2mara afastado, Eduardo Cunha. Ao ser indicado como relator no Conselho de \u00c9tica, fez o que fez a vida toda, agarrou a oportunidade de crescer politicamente. E cresceu, est\u00e1 em evid\u00eancia na grande m\u00eddia desde que assumiu a relatoria em dezembro de 2015.<br \/>\nSou cr\u00edtica ferrenha da pauta que Marcos Rog\u00e9rio apoia, mas \u00e9 ineg\u00e1vel sua desenvoltura pra se embrenhar nos becos mais estreitos da pol\u00edtica e tamb\u00e9m pra falar em p\u00fablico. Foi assim que come\u00e7ou, pendurado aos ombros do ent\u00e3o prefeito de Ji-Paran\u00e1, Acir Gurgcaz, a quem j\u00e1 deu \u00e0s costas. <\/p>\n<p>Vira-virou<br \/>\nPor falar em Acir Gurgacz, foi noticiado que o senador teria assinado um documento em que se compromete com o PDT a votar contra o impeachment de Dilma, o que deve ocorrer em agosto.<br \/>\nEle foi relator das pedaladas fiscais e deu parecer favor\u00e1vel \u00e0 aprova\u00e7\u00e3o das contas da presidente, mas dois meses depois, quando o barco estava afundando, voltou atr\u00e1s e votou favor\u00e1vel a abertura do processo de afastamento. Nada demais, j\u00e1 que o Conselho Federal da OAB fez o mesmo, na mudan\u00e7a de dire\u00e7\u00e3o.<br \/>\nComo tantos, \u2018deixou pra l\u00e1\u2019 a exist\u00eancia de crime de responsabilidade e se ateve ao clamor popular motivado pela m\u00eddia de que o governo ia mal e por isso deveria ser tomado atrav\u00e9s de uma alian\u00e7a parlamentar nefasta. Se n\u00e3o virar de novo a casaca, Acir se livra do r\u00f3tulo de golpista que outros ir\u00e3o sustentar, ap\u00f3s as irrefut\u00e1veis provas de conspira\u00e7\u00e3o parlamentar em grava\u00e7\u00f5es que foram amplamente divulgadas na imprensa.<\/p>\n<p>Roberto Sobrinho<br \/>\nComo quem fez campanha negativa contra a elei\u00e7\u00e3o do ex-prefeito para deputado federal na \u00faltima elei\u00e7\u00e3o, reconhe\u00e7o que hoje talvez ele tenha a melhor chance de disputar o lugar de onde saiu escorra\u00e7ado, a prefeitura de Porto Velho.<br \/>\n\u00c9 que a obje\u00e7\u00e3o \u00e0s pretens\u00f5es pol\u00edticas de Roberto perdeu for\u00e7a. Num cen\u00e1rio com tantos pol\u00edticos enrolados com a justi\u00e7a, ele \u00e9 s\u00f3 mais um. Perto do atual prefeito que concorre \u00e0 reelei\u00e7\u00e3o e dos outros candidatos, sem sombra de d\u00favida \u00e9 o que teria mais realiza\u00e7\u00f5es pra mostrar. N\u00e3o voto nele, mas n\u00e3o o subestimo, porque o vi vencer uma elei\u00e7\u00e3o que come\u00e7ou com 1% de inten\u00e7\u00e3o de voto.<\/p>\n<p>Mariana Carvalho<br \/>\nEssa n\u00e3o assume que concorre, embora o presidente municipal do seu partido ande gravando v\u00eddeos bizarros em que afirma que ela est\u00e1 no p\u00e1reo. N\u00e3o fa\u00e7o ideia de quem apoiarei, mas tenho como miss\u00e3o a campanha negativa para impedir que a falsa fofa governe minha cidade. N\u00e3o votei na deputada, mas sugeri que votassem, erro do qual n\u00e3o posso me redimir sem fiscalizar e denunciar tudo que tem feito contra o pa\u00eds.<br \/>\nMariana apoiou a pauta-bomba de Eduardo Cunha que imp\u00f5e o retrocesso, seja pela redu\u00e7\u00e3o da maioridade ou a terceiriza\u00e7\u00e3o. Pior, esteve l\u00e1 na C\u00e2mara at\u00e9 o governo interino, dedicada \u00e0 aprova\u00e7\u00e3o do impeachment apoiando outra pauta, a paralisante, que impediu vota\u00e7\u00f5es importantes do governo e estagnou a economia do pa\u00eds. Sem contar que ela justificou a aus\u00eancia de mulheres nos minist\u00e9rios do governo interino, por falta de compet\u00eancia, pois disse que \u201ca mulher deve ocupar espa\u00e7o n\u00e3o s\u00f3 por ser mulher, mas por compet\u00eancia.\u201d<br \/>\nPutz! Lembrei que ela sorriu pra Bolsonaro quando aceitou como um \u201celogio\u201d o que ele disse pra enaltecer sua beleza. \u201cUm homem faz tudo quando quer conquistar uma mulher. At\u00e9 promete a lua e ela acredita. Vossa Excel\u00eancia est\u00e1 em condi\u00e7\u00f5es de oferecer Marte, J\u00fapiter, Saturno&#8230;\u201d<br \/>\nE ela riu disso. Ser\u00e1 que toda mulher quer ser vista como um ser vulner\u00e1vel a qualquer cantada? A esse tipo de cantada fuleira de Bolsonaro? <\/p>\n<p>Prometeu e sumiu<br \/>\nEm visita \u00e0 comunidade ribeirinha chamada Ara\u00e7\u00e1, l\u00e1 pras bandas do Cuni\u00e3, o morador mais antigo disse que espera at\u00e9 hoje que uma candidata entregue o que prometeu na \u00faltima elei\u00e7\u00e3o. Disse a ele que ela n\u00e3o perdeu feio. \u00c9 comum, segundo ele, que em \u00e9poca de campanha eleitoral apare\u00e7am prometendo material de constru\u00e7\u00e3o em troca de voto e depois sumam. N\u00e3o \u00e9 bem troca o nome disso.<\/p>\n<p>Fui!<br \/>\nSe piorar, tirem meu tubo!<\/p>\n","protected":false},"excerpt":{"rendered":"","protected":false},"author":1,"featured_media":0,"comment_status":"closed","ping_status":"open","sticky":false,"template":"","format":"standard","meta":{"_exactmetrics_skip_tracking":false,"_exactmetrics_sitenote_active":false,"_exactmetrics_sitenote_note":"","_exactmetrics_sitenote_category":0,"jetpack_post_was_ever_published":false,"_jetpack_newsletter_access":"","_jetpack_dont_email_post_to_subs":false,"_jetpack_newsletter_tier_id":0,"_jetpack_memberships_contains_paywalled_content":false,"_jetpack_memberships_contains_paid_content":false,"footnotes":"","jetpack_publicize_message":"","jetpack_publicize_feature_enabled":true,"jetpack_social_post_already_shared":true,"jetpack_social_options":{"image_generator_settings":{"template":"highway","enabled":false},"version":2}},"categories":[1],"tags":[],"class_list":["post-1352","post","type-post","status-publish","format-standard","hentry","category-notas"],"jetpack_publicize_connections":[],"jetpack_sharing_enabled":true,"jetpack_featured_media_url":"","jetpack_shortlink":"https:\/\/wp.me\/p7wKYW-lO","jetpack-related-posts":[],"_links":{"self":[{"href":"http:\/\/blogdalucianaoliveira.com.br\/blog\/wp-json\/wp\/v2\/posts\/1352","targetHints":{"allow":["GET"]}}],"collection":[{"href":"http:\/\/blogdalucianaoliveira.com.br\/blog\/wp-json\/wp\/v2\/posts"}],"about":[{"href":"http:\/\/blogdalucianaoliveira.com.br\/blog\/wp-json\/wp\/v2\/types\/post"}],"author":[{"embeddable":true,"href":"http:\/\/blogdalucianaoliveira.com.br\/blog\/wp-json\/wp\/v2\/users\/1"}],"replies":[{"embeddable":true,"href":"http:\/\/blogdalucianaoliveira.com.br\/blog\/wp-json\/wp\/v2\/comments?post=1352"}],"version-history":[{"count":4,"href":"http:\/\/blogdalucianaoliveira.com.br\/blog\/wp-json\/wp\/v2\/posts\/1352\/revisions"}],"predecessor-version":[{"id":1370,"href":"http:\/\/blogdalucianaoliveira.com.br\/blog\/wp-json\/wp\/v2\/posts\/1352\/revisions\/1370"}],"wp:attachment":[{"href":"http:\/\/blogdalucianaoliveira.com.br\/blog\/wp-json\/wp\/v2\/media?parent=1352"}],"wp:term":[{"taxonomy":"category","embeddable":true,"href":"http:\/\/blogdalucianaoliveira.com.br\/blog\/wp-json\/wp\/v2\/categories?post=1352"},{"taxonomy":"post_tag","embeddable":true,"href":"http:\/\/blogdalucianaoliveira.com.br\/blog\/wp-json\/wp\/v2\/tags?post=1352"}],"curies":[{"name":"wp","href":"https:\/\/api.w.org\/{rel}","templated":true}]}}