{"id":13540,"date":"2017-09-10T10:28:30","date_gmt":"2017-09-10T14:28:30","guid":{"rendered":"http:\/\/blogdalucianaoliveira.com.br\/blog\/?p=13540"},"modified":"2017-09-10T10:28:30","modified_gmt":"2017-09-10T14:28:30","slug":"mp-confirma-massacre-de-indios-isolados-no-amazonas","status":"publish","type":"post","link":"http:\/\/blogdalucianaoliveira.com.br\/blog\/2017\/09\/10\/mp-confirma-massacre-de-indios-isolados-no-amazonas\/","title":{"rendered":"MP CONFIRMA MASSACRE DE \u00cdNDIOS ISOLADOS NO AMAZONAS"},"content":{"rendered":"<p><img data-recalc-dims=\"1\" loading=\"lazy\" decoding=\"async\" data-attachment-id=\"13541\" data-permalink=\"http:\/\/blogdalucianaoliveira.com.br\/blog\/2017\/09\/10\/mp-confirma-massacre-de-indios-isolados-no-amazonas\/img_4726\/\" data-orig-file=\"https:\/\/i0.wp.com\/blogdalucianaoliveira.com.br\/blog\/wp-content\/uploads\/2017\/09\/IMG_4726.jpg?fit=480%2C240\" data-orig-size=\"480,240\" data-comments-opened=\"0\" data-image-meta=\"{&quot;aperture&quot;:&quot;0&quot;,&quot;credit&quot;:&quot;&quot;,&quot;camera&quot;:&quot;&quot;,&quot;caption&quot;:&quot;&quot;,&quot;created_timestamp&quot;:&quot;0&quot;,&quot;copyright&quot;:&quot;&quot;,&quot;focal_length&quot;:&quot;0&quot;,&quot;iso&quot;:&quot;0&quot;,&quot;shutter_speed&quot;:&quot;0&quot;,&quot;title&quot;:&quot;&quot;,&quot;orientation&quot;:&quot;0&quot;}\" data-image-title=\"IMG_4726\" data-image-description=\"\" data-image-caption=\"\" data-medium-file=\"https:\/\/i0.wp.com\/blogdalucianaoliveira.com.br\/blog\/wp-content\/uploads\/2017\/09\/IMG_4726.jpg?fit=300%2C150\" data-large-file=\"https:\/\/i0.wp.com\/blogdalucianaoliveira.com.br\/blog\/wp-content\/uploads\/2017\/09\/IMG_4726.jpg?fit=480%2C240\" src=\"https:\/\/i0.wp.com\/blogdalucianaoliveira.com.br\/blog\/wp-content\/uploads\/2017\/09\/IMG_4726.jpg?resize=480%2C240\" alt=\"IMG_4726\" width=\"480\" height=\"240\" class=\"alignnone size-full wp-image-13541\" srcset=\"https:\/\/i0.wp.com\/blogdalucianaoliveira.com.br\/blog\/wp-content\/uploads\/2017\/09\/IMG_4726.jpg?w=480 480w, https:\/\/i0.wp.com\/blogdalucianaoliveira.com.br\/blog\/wp-content\/uploads\/2017\/09\/IMG_4726.jpg?resize=300%2C150 300w\" sizes=\"auto, (max-width: 480px) 100vw, 480px\" \/><\/p>\n<p>Rede Brasil Atual &#8211; \u00c0 ag\u00eancia Amaz\u00f4nia Real, o Minist\u00e9rio P\u00fablico Federal (MPF) confirmou que mais de 20 ind\u00edgenas de uma tribo isolada do extremo oeste do estado do Amazonas foram assassinados por garimpeiros ilegais. O assassinato teria acontecido no \u00faltimo m\u00eas de agosto.<!--more--><\/p>\n<p>Conhecidos como &#8220;flecheiros&#8221;, os \u00edndios teriam sido mortos na cidade de S\u00e3o Paulo de Oliven\u00e7a, na fronteira do Brasil com o Peru e a Col\u00f4mbia.<\/p>\n<p>O massacre vem pouco tempo depois de outro ataque de garimpeiros que matou mais de vinte ind\u00edgenas isolados da tribo Warikama Djapar, no Vale do Javari \u2013 este caso aconteceu em maio.<\/p>\n<p>Em nota, a ONG Survival colocou na conta do governo Temer as recentes mortes de ind\u00edgenas.<\/p>\n<p>&#8220;Caso tais relatos sejam confirmados, o Presidente (Michel) Temer e seu governo possuem uma grande responsabilidade por este ataque genocida. Todas estas tribos deveriam ter tido suas terras devidamente reconhecidas e protegidas h\u00e1 anos \u2013 o apoio aberto do governo \u00e0queles que querem violar territ\u00f3rios ind\u00edgenas \u00e9 extremamente vergonhoso&#8221;, diz o texto.<\/p>\n","protected":false},"excerpt":{"rendered":"<p>Rede Brasil Atual &#8211; \u00c0 ag\u00eancia Amaz\u00f4nia Real, o Minist\u00e9rio P\u00fablico Federal (MPF) confirmou que mais de 20 ind\u00edgenas de uma tribo isolada do extremo oeste do estado do Amazonas foram assassinados por garimpeiros ilegais. O assassinato teria acontecido no \u00faltimo m\u00eas de agosto.<\/p>\n","protected":false},"author":1,"featured_media":0,"comment_status":"closed","ping_status":"open","sticky":false,"template":"","format":"standard","meta":{"_exactmetrics_skip_tracking":false,"_exactmetrics_sitenote_active":false,"_exactmetrics_sitenote_note":"","_exactmetrics_sitenote_category":0,"jetpack_post_was_ever_published":false,"_jetpack_newsletter_access":"","_jetpack_dont_email_post_to_subs":false,"_jetpack_newsletter_tier_id":0,"_jetpack_memberships_contains_paywalled_content":false,"_jetpack_memberships_contains_paid_content":false,"footnotes":"","jetpack_publicize_message":"","jetpack_publicize_feature_enabled":true,"jetpack_social_post_already_shared":true,"jetpack_social_options":{"image_generator_settings":{"template":"highway","enabled":false},"version":2}},"categories":[1],"tags":[],"class_list":["post-13540","post","type-post","status-publish","format-standard","hentry","category-notas"],"jetpack_publicize_connections":[],"jetpack_sharing_enabled":true,"jetpack_featured_media_url":"","jetpack_shortlink":"https:\/\/wp.me\/p7wKYW-3wo","jetpack-related-posts":[],"_links":{"self":[{"href":"http:\/\/blogdalucianaoliveira.com.br\/blog\/wp-json\/wp\/v2\/posts\/13540","targetHints":{"allow":["GET"]}}],"collection":[{"href":"http:\/\/blogdalucianaoliveira.com.br\/blog\/wp-json\/wp\/v2\/posts"}],"about":[{"href":"http:\/\/blogdalucianaoliveira.com.br\/blog\/wp-json\/wp\/v2\/types\/post"}],"author":[{"embeddable":true,"href":"http:\/\/blogdalucianaoliveira.com.br\/blog\/wp-json\/wp\/v2\/users\/1"}],"replies":[{"embeddable":true,"href":"http:\/\/blogdalucianaoliveira.com.br\/blog\/wp-json\/wp\/v2\/comments?post=13540"}],"version-history":[{"count":1,"href":"http:\/\/blogdalucianaoliveira.com.br\/blog\/wp-json\/wp\/v2\/posts\/13540\/revisions"}],"predecessor-version":[{"id":13542,"href":"http:\/\/blogdalucianaoliveira.com.br\/blog\/wp-json\/wp\/v2\/posts\/13540\/revisions\/13542"}],"wp:attachment":[{"href":"http:\/\/blogdalucianaoliveira.com.br\/blog\/wp-json\/wp\/v2\/media?parent=13540"}],"wp:term":[{"taxonomy":"category","embeddable":true,"href":"http:\/\/blogdalucianaoliveira.com.br\/blog\/wp-json\/wp\/v2\/categories?post=13540"},{"taxonomy":"post_tag","embeddable":true,"href":"http:\/\/blogdalucianaoliveira.com.br\/blog\/wp-json\/wp\/v2\/tags?post=13540"}],"curies":[{"name":"wp","href":"https:\/\/api.w.org\/{rel}","templated":true}]}}