{"id":13543,"date":"2017-09-10T10:55:36","date_gmt":"2017-09-10T14:55:36","guid":{"rendered":"http:\/\/blogdalucianaoliveira.com.br\/blog\/?p=13543"},"modified":"2017-09-10T10:55:36","modified_gmt":"2017-09-10T14:55:36","slug":"nem-o-direito-de-viverem-isolados-e-garantido-ao-indigenas","status":"publish","type":"post","link":"http:\/\/blogdalucianaoliveira.com.br\/blog\/2017\/09\/10\/nem-o-direito-de-viverem-isolados-e-garantido-ao-indigenas\/","title":{"rendered":"Nem o direito de viverem isolados \u00e9 garantido ao ind\u00edgenas"},"content":{"rendered":"<p><img data-recalc-dims=\"1\" loading=\"lazy\" decoding=\"async\" data-attachment-id=\"13544\" data-permalink=\"http:\/\/blogdalucianaoliveira.com.br\/blog\/2017\/09\/10\/nem-o-direito-de-viverem-isolados-e-garantido-ao-indigenas\/img_4727\/\" data-orig-file=\"https:\/\/i0.wp.com\/blogdalucianaoliveira.com.br\/blog\/wp-content\/uploads\/2017\/09\/IMG_4727.jpg?fit=350%2C233\" data-orig-size=\"350,233\" data-comments-opened=\"0\" data-image-meta=\"{&quot;aperture&quot;:&quot;0&quot;,&quot;credit&quot;:&quot;&quot;,&quot;camera&quot;:&quot;&quot;,&quot;caption&quot;:&quot;&quot;,&quot;created_timestamp&quot;:&quot;0&quot;,&quot;copyright&quot;:&quot;&quot;,&quot;focal_length&quot;:&quot;0&quot;,&quot;iso&quot;:&quot;0&quot;,&quot;shutter_speed&quot;:&quot;0&quot;,&quot;title&quot;:&quot;&quot;,&quot;orientation&quot;:&quot;0&quot;}\" data-image-title=\"IMG_4727\" data-image-description=\"\" data-image-caption=\"\" data-medium-file=\"https:\/\/i0.wp.com\/blogdalucianaoliveira.com.br\/blog\/wp-content\/uploads\/2017\/09\/IMG_4727.jpg?fit=300%2C200\" data-large-file=\"https:\/\/i0.wp.com\/blogdalucianaoliveira.com.br\/blog\/wp-content\/uploads\/2017\/09\/IMG_4727.jpg?fit=350%2C233\" src=\"https:\/\/i0.wp.com\/blogdalucianaoliveira.com.br\/blog\/wp-content\/uploads\/2017\/09\/IMG_4727.jpg?resize=350%2C233\" alt=\"IMG_4727\" width=\"350\" height=\"233\" class=\"alignnone size-full wp-image-13544\" srcset=\"https:\/\/i0.wp.com\/blogdalucianaoliveira.com.br\/blog\/wp-content\/uploads\/2017\/09\/IMG_4727.jpg?w=350 350w, https:\/\/i0.wp.com\/blogdalucianaoliveira.com.br\/blog\/wp-content\/uploads\/2017\/09\/IMG_4727.jpg?resize=300%2C200 300w\" sizes=\"auto, (max-width: 350px) 100vw, 350px\" \/><\/p>\n<p>O MPF confirmou o assassinato de 20 na fronteira do Brasil com o Peru e a Col\u00f4mbia. L\u00e1 vivem \u00edndios que recusam contato mirando flechas envenenadas a quem se aproxima. <\/p>\n<p>Foram mortos por garimpeiros. <!--more--><\/p>\n<p>O americano Scott Wallace, autor do livro Al\u00e9m da Conquista, relatou ao National Geographic sobre o que chamou de &#8220;reino isolado&#8221;: <\/p>\n<p>&#8220;\u00c9 uma pena que pessoas do Rio ou de S\u00e3o Paulo n\u00e3o deem tanta aten\u00e7\u00e3o ao que se passa na Amaz\u00f4nia. Acredito que o futuro dos \u00edndios n\u00e3o \u00e9 bom, e seria melhor que mais brasileiros se envolvessem neste debate. Voc\u00eas t\u00eam este recurso precioso, mas a maioria o ignora. H\u00e1 culturas tradicionais, onde as pessoas ainda vivem perto da terra. Por que mais pessoas do Sul do pa\u00eds n\u00e3o v\u00e3o at\u00e9 l\u00e1 para ver com seus pr\u00f3prios olhos? Talvez valorizassem mais o que vissem antes de perd\u00ea-lo para sempre.&#8221;<\/p>\n","protected":false},"excerpt":{"rendered":"<p>O MPF confirmou o assassinato de 20 na fronteira do Brasil com o Peru e a Col\u00f4mbia. L\u00e1 vivem \u00edndios que recusam contato mirando flechas envenenadas a quem se aproxima. Foram mortos por garimpeiros.<\/p>\n","protected":false},"author":1,"featured_media":0,"comment_status":"closed","ping_status":"open","sticky":false,"template":"","format":"standard","meta":{"_exactmetrics_skip_tracking":false,"_exactmetrics_sitenote_active":false,"_exactmetrics_sitenote_note":"","_exactmetrics_sitenote_category":0,"jetpack_post_was_ever_published":false,"_jetpack_newsletter_access":"","_jetpack_dont_email_post_to_subs":false,"_jetpack_newsletter_tier_id":0,"_jetpack_memberships_contains_paywalled_content":false,"_jetpack_memberships_contains_paid_content":false,"footnotes":"","jetpack_publicize_message":"","jetpack_publicize_feature_enabled":true,"jetpack_social_post_already_shared":true,"jetpack_social_options":{"image_generator_settings":{"template":"highway","enabled":false},"version":2}},"categories":[1],"tags":[],"class_list":["post-13543","post","type-post","status-publish","format-standard","hentry","category-notas"],"jetpack_publicize_connections":[],"jetpack_sharing_enabled":true,"jetpack_featured_media_url":"","jetpack_shortlink":"https:\/\/wp.me\/p7wKYW-3wr","jetpack-related-posts":[],"_links":{"self":[{"href":"http:\/\/blogdalucianaoliveira.com.br\/blog\/wp-json\/wp\/v2\/posts\/13543","targetHints":{"allow":["GET"]}}],"collection":[{"href":"http:\/\/blogdalucianaoliveira.com.br\/blog\/wp-json\/wp\/v2\/posts"}],"about":[{"href":"http:\/\/blogdalucianaoliveira.com.br\/blog\/wp-json\/wp\/v2\/types\/post"}],"author":[{"embeddable":true,"href":"http:\/\/blogdalucianaoliveira.com.br\/blog\/wp-json\/wp\/v2\/users\/1"}],"replies":[{"embeddable":true,"href":"http:\/\/blogdalucianaoliveira.com.br\/blog\/wp-json\/wp\/v2\/comments?post=13543"}],"version-history":[{"count":1,"href":"http:\/\/blogdalucianaoliveira.com.br\/blog\/wp-json\/wp\/v2\/posts\/13543\/revisions"}],"predecessor-version":[{"id":13545,"href":"http:\/\/blogdalucianaoliveira.com.br\/blog\/wp-json\/wp\/v2\/posts\/13543\/revisions\/13545"}],"wp:attachment":[{"href":"http:\/\/blogdalucianaoliveira.com.br\/blog\/wp-json\/wp\/v2\/media?parent=13543"}],"wp:term":[{"taxonomy":"category","embeddable":true,"href":"http:\/\/blogdalucianaoliveira.com.br\/blog\/wp-json\/wp\/v2\/categories?post=13543"},{"taxonomy":"post_tag","embeddable":true,"href":"http:\/\/blogdalucianaoliveira.com.br\/blog\/wp-json\/wp\/v2\/tags?post=13543"}],"curies":[{"name":"wp","href":"https:\/\/api.w.org\/{rel}","templated":true}]}}