{"id":13546,"date":"2017-09-10T11:00:02","date_gmt":"2017-09-10T15:00:02","guid":{"rendered":"http:\/\/blogdalucianaoliveira.com.br\/blog\/?p=13546"},"modified":"2017-09-10T11:01:00","modified_gmt":"2017-09-10T15:01:00","slug":"ponte-para-o-futuro-andamos-10-anos-para-tras","status":"publish","type":"post","link":"http:\/\/blogdalucianaoliveira.com.br\/blog\/2017\/09\/10\/ponte-para-o-futuro-andamos-10-anos-para-tras\/","title":{"rendered":"Ponte para o futuro? Andamos 10 anos para tr\u00e1s"},"content":{"rendered":"<p><img data-recalc-dims=\"1\" loading=\"lazy\" decoding=\"async\" data-attachment-id=\"13547\" data-permalink=\"http:\/\/blogdalucianaoliveira.com.br\/blog\/2017\/09\/10\/ponte-para-o-futuro-andamos-10-anos-para-tras\/img_4728\/\" data-orig-file=\"https:\/\/i0.wp.com\/blogdalucianaoliveira.com.br\/blog\/wp-content\/uploads\/2017\/09\/IMG_4728.png?fit=600%2C296\" data-orig-size=\"600,296\" data-comments-opened=\"0\" data-image-meta=\"{&quot;aperture&quot;:&quot;0&quot;,&quot;credit&quot;:&quot;&quot;,&quot;camera&quot;:&quot;&quot;,&quot;caption&quot;:&quot;&quot;,&quot;created_timestamp&quot;:&quot;0&quot;,&quot;copyright&quot;:&quot;&quot;,&quot;focal_length&quot;:&quot;0&quot;,&quot;iso&quot;:&quot;0&quot;,&quot;shutter_speed&quot;:&quot;0&quot;,&quot;title&quot;:&quot;&quot;,&quot;orientation&quot;:&quot;0&quot;}\" data-image-title=\"IMG_4728\" data-image-description=\"\" data-image-caption=\"\" data-medium-file=\"https:\/\/i0.wp.com\/blogdalucianaoliveira.com.br\/blog\/wp-content\/uploads\/2017\/09\/IMG_4728.png?fit=300%2C148\" data-large-file=\"https:\/\/i0.wp.com\/blogdalucianaoliveira.com.br\/blog\/wp-content\/uploads\/2017\/09\/IMG_4728.png?fit=600%2C296\" src=\"https:\/\/i0.wp.com\/blogdalucianaoliveira.com.br\/blog\/wp-content\/uploads\/2017\/09\/IMG_4728.png?resize=600%2C296\" alt=\"IMG_4728\" width=\"600\" height=\"296\" class=\"alignnone size-full wp-image-13547\" srcset=\"https:\/\/i0.wp.com\/blogdalucianaoliveira.com.br\/blog\/wp-content\/uploads\/2017\/09\/IMG_4728.png?w=600 600w, https:\/\/i0.wp.com\/blogdalucianaoliveira.com.br\/blog\/wp-content\/uploads\/2017\/09\/IMG_4728.png?resize=300%2C148 300w\" sizes=\"auto, (max-width: 600px) 100vw, 600px\" \/><\/p>\n<p>No Tijola\u00e7o, por Fernando Brito &#8211; Os arautos do \u201ccorte de gastos\u201d n\u00e3o dizem nos seus discursos tecnocratas que, al\u00e9m da degrada\u00e7\u00e3o dos servi\u00e7os p\u00fablicos de sa\u00fade e educa\u00e7\u00e3o, atira na paralisia tudo o que vinha sendo feito no Brasil em mat\u00e9ria de habita\u00e7\u00e3o, mobilidade urbana e infraestrutura em geral.<\/p>\n<p>A mat\u00e9ria publicada hoje pela Folha mostra o tamanho do retrocesso em investimentos em obras e instala\u00e7\u00f5es p\u00fablicas.<\/p>\n<p>Na compara\u00e7\u00e3o at\u00e9 julho, uma volta a patamares de dez anos atr\u00e1s. Como o Governo tem de cortar e cortar mais desesperadamente a partir de agora, para tentar cumprir a meta do \u201crombo ampliado\u201d, \u00e9 prov\u00e1vel que ao final do ano, o n\u00edvel caia mais alguns anos, na compara\u00e7\u00e3o, aos tempos em que Lula recebeu o pa\u00eds quebrado de FHC.<\/p>\n<p>\u201cAs despesas com obras, conserva\u00e7\u00e3o de estradas e Minha Casa, Minha Vida despencaram 40% no per\u00edodo (de 2013 para c\u00e1).Em julho (somando as despesas dos \u00faltimos 12 meses), esses gastos somaram R$ 19 bilh\u00f5es, ante os R$ 32 bilh\u00f5es despendidos em 2013.<\/p>\n<p>Despencaram, n\u00e3o: seguem despencando. Em 2016, o acumulado no programa de habita\u00e7\u00e3o, nos sete primeiros meses do ano, caiu de R$ 9 bilh\u00f5es para apenas R$ 3 bi. Agora, baixou para R$ 1,65 bi.<\/p>\n<p>Nas n\u00e3o \u00e9 s\u00f3 o investimento p\u00fablico que est\u00e1 caindo. O privado, j\u00e1 paralisado pela crise, ainda vai perder a sua fonte maior, o BNDES, que ser\u00e1 for\u00e7ado a devolver, este ano e em 2018, R$ 180 bilh\u00f5es em t\u00edtulos p\u00fablicos que lastreiam seus empr\u00e9stimos, para ajudar as fechar as contas de Henrique Meirelles.<\/p>\n<p>No Brasil, para investir, n\u00e3o h\u00e1 outra alternativa para investir sen\u00e3o o cr\u00e9dito do BNDES, exceto para quem tem tamanho para tomar cr\u00e9dito em d\u00f3lar no exterior. E olhe l\u00e1 se far\u00e3o isso neste momento de d\u00f3lar subvalorizado e tens\u00f5es mundiais \u00e0 vontade, criando um risco imenso para endividar-se em moeda estrangeira.<\/p>\n<p>\u00c9 por isso que o \u201cespet\u00e1culo do crescimento\u201d que Meirelles anuncia para amanh\u00e3 s\u00f3 pode acontecer como bolha financeira. Farsa, como tudo o que acontece por aqui, ultimamente.<\/p>\n","protected":false},"excerpt":{"rendered":"<p>No Tijola\u00e7o, por Fernando Brito &#8211; Os arautos do \u201ccorte de gastos\u201d n\u00e3o dizem nos seus discursos tecnocratas que, al\u00e9m da degrada\u00e7\u00e3o dos servi\u00e7os p\u00fablicos de sa\u00fade e educa\u00e7\u00e3o, atira na paralisia tudo o que vinha sendo feito no Brasil em mat\u00e9ria de habita\u00e7\u00e3o, mobilidade urbana e infraestrutura em geral. A mat\u00e9ria publicada hoje pela&#8230;<a class=\"more-link\" href=\"http:\/\/blogdalucianaoliveira.com.br\/blog\/2017\/09\/10\/ponte-para-o-futuro-andamos-10-anos-para-tras\/\">Continue a leitura <span class=\"meta-nav\">&raquo;<\/span><\/a><\/p>\n","protected":false},"author":1,"featured_media":13547,"comment_status":"closed","ping_status":"open","sticky":false,"template":"","format":"standard","meta":{"_exactmetrics_skip_tracking":false,"_exactmetrics_sitenote_active":false,"_exactmetrics_sitenote_note":"","_exactmetrics_sitenote_category":0,"jetpack_post_was_ever_published":false,"_jetpack_newsletter_access":"","_jetpack_dont_email_post_to_subs":false,"_jetpack_newsletter_tier_id":0,"_jetpack_memberships_contains_paywalled_content":false,"_jetpack_memberships_contains_paid_content":false,"footnotes":"","jetpack_publicize_message":"","jetpack_publicize_feature_enabled":true,"jetpack_social_post_already_shared":true,"jetpack_social_options":{"image_generator_settings":{"template":"highway","enabled":false},"version":2}},"categories":[1],"tags":[],"class_list":["post-13546","post","type-post","status-publish","format-standard","has-post-thumbnail","hentry","category-notas"],"jetpack_publicize_connections":[],"jetpack_sharing_enabled":true,"jetpack_featured_media_url":"https:\/\/i0.wp.com\/blogdalucianaoliveira.com.br\/blog\/wp-content\/uploads\/2017\/09\/IMG_4728.png?fit=600%2C296","jetpack_shortlink":"https:\/\/wp.me\/p7wKYW-3wu","jetpack-related-posts":[],"_links":{"self":[{"href":"http:\/\/blogdalucianaoliveira.com.br\/blog\/wp-json\/wp\/v2\/posts\/13546","targetHints":{"allow":["GET"]}}],"collection":[{"href":"http:\/\/blogdalucianaoliveira.com.br\/blog\/wp-json\/wp\/v2\/posts"}],"about":[{"href":"http:\/\/blogdalucianaoliveira.com.br\/blog\/wp-json\/wp\/v2\/types\/post"}],"author":[{"embeddable":true,"href":"http:\/\/blogdalucianaoliveira.com.br\/blog\/wp-json\/wp\/v2\/users\/1"}],"replies":[{"embeddable":true,"href":"http:\/\/blogdalucianaoliveira.com.br\/blog\/wp-json\/wp\/v2\/comments?post=13546"}],"version-history":[{"count":1,"href":"http:\/\/blogdalucianaoliveira.com.br\/blog\/wp-json\/wp\/v2\/posts\/13546\/revisions"}],"predecessor-version":[{"id":13548,"href":"http:\/\/blogdalucianaoliveira.com.br\/blog\/wp-json\/wp\/v2\/posts\/13546\/revisions\/13548"}],"wp:featuredmedia":[{"embeddable":true,"href":"http:\/\/blogdalucianaoliveira.com.br\/blog\/wp-json\/wp\/v2\/media\/13547"}],"wp:attachment":[{"href":"http:\/\/blogdalucianaoliveira.com.br\/blog\/wp-json\/wp\/v2\/media?parent=13546"}],"wp:term":[{"taxonomy":"category","embeddable":true,"href":"http:\/\/blogdalucianaoliveira.com.br\/blog\/wp-json\/wp\/v2\/categories?post=13546"},{"taxonomy":"post_tag","embeddable":true,"href":"http:\/\/blogdalucianaoliveira.com.br\/blog\/wp-json\/wp\/v2\/tags?post=13546"}],"curies":[{"name":"wp","href":"https:\/\/api.w.org\/{rel}","templated":true}]}}