{"id":13552,"date":"2017-09-10T11:08:05","date_gmt":"2017-09-10T15:08:05","guid":{"rendered":"http:\/\/blogdalucianaoliveira.com.br\/blog\/?p=13552"},"modified":"2017-09-10T11:10:43","modified_gmt":"2017-09-10T15:10:43","slug":"cuba-envia-centenas-de-medicos-a-ilhas-devastadas-pelo-furacao-irma","status":"publish","type":"post","link":"http:\/\/blogdalucianaoliveira.com.br\/blog\/2017\/09\/10\/cuba-envia-centenas-de-medicos-a-ilhas-devastadas-pelo-furacao-irma\/","title":{"rendered":"Cuba envia centenas de m\u00e9dicos a ilhas devastadas pelo furac\u00e3o Irma"},"content":{"rendered":"<p><img data-recalc-dims=\"1\" loading=\"lazy\" decoding=\"async\" data-attachment-id=\"13555\" data-permalink=\"http:\/\/blogdalucianaoliveira.com.br\/blog\/2017\/09\/10\/cuba-envia-centenas-de-medicos-a-ilhas-devastadas-pelo-furacao-irma\/img_4731\/\" data-orig-file=\"https:\/\/i0.wp.com\/blogdalucianaoliveira.com.br\/blog\/wp-content\/uploads\/2017\/09\/IMG_4731.jpg?fit=700%2C525\" data-orig-size=\"700,525\" data-comments-opened=\"0\" data-image-meta=\"{&quot;aperture&quot;:&quot;0&quot;,&quot;credit&quot;:&quot;&quot;,&quot;camera&quot;:&quot;&quot;,&quot;caption&quot;:&quot;&quot;,&quot;created_timestamp&quot;:&quot;0&quot;,&quot;copyright&quot;:&quot;&quot;,&quot;focal_length&quot;:&quot;0&quot;,&quot;iso&quot;:&quot;0&quot;,&quot;shutter_speed&quot;:&quot;0&quot;,&quot;title&quot;:&quot;&quot;,&quot;orientation&quot;:&quot;0&quot;}\" data-image-title=\"IMG_4731\" data-image-description=\"\" data-image-caption=\"\" data-medium-file=\"https:\/\/i0.wp.com\/blogdalucianaoliveira.com.br\/blog\/wp-content\/uploads\/2017\/09\/IMG_4731.jpg?fit=300%2C225\" data-large-file=\"https:\/\/i0.wp.com\/blogdalucianaoliveira.com.br\/blog\/wp-content\/uploads\/2017\/09\/IMG_4731.jpg?fit=600%2C450\" src=\"https:\/\/i0.wp.com\/blogdalucianaoliveira.com.br\/blog\/wp-content\/uploads\/2017\/09\/IMG_4731.jpg?resize=600%2C450\" alt=\"IMG_4731\" width=\"600\" height=\"450\" class=\"alignnone size-full wp-image-13555\" srcset=\"https:\/\/i0.wp.com\/blogdalucianaoliveira.com.br\/blog\/wp-content\/uploads\/2017\/09\/IMG_4731.jpg?w=700 700w, https:\/\/i0.wp.com\/blogdalucianaoliveira.com.br\/blog\/wp-content\/uploads\/2017\/09\/IMG_4731.jpg?resize=300%2C225 300w, https:\/\/i0.wp.com\/blogdalucianaoliveira.com.br\/blog\/wp-content\/uploads\/2017\/09\/IMG_4731.jpg?resize=400%2C300 400w\" sizes=\"auto, (max-width: 600px) 100vw, 600px\" \/><\/p>\n<p>No DCM, no Yahoo &#8211; Cuba enviou m\u00e9dicos para v\u00e1rias ilhas caribenhas devastadas pelo furac\u00e3o Irma.<\/p>\n<p>Mais de 750 profissionais de sa\u00fade chegaram em Ant\u00edgua, Barbuda, S\u00e3o Crist\u00f3v\u00e3o, Nevis, Santa L\u00facia, Bahamas, Rep\u00fablica Dominicana e Haiti.<!--more--><\/p>\n<p>Eles devem seguir as orienta\u00e7\u00f5es do Minist\u00e9rio da Sa\u00fade P\u00fablica e contribuir para a recupera\u00e7\u00e3o das regi\u00f5es atingidas.<\/p>\n<p>A na\u00e7\u00e3o de 11 milh\u00f5es de pessoas tem uma hist\u00f3ria de envio de pessoal m\u00e9dico quando outras na\u00e7\u00f5es est\u00e3o em necessidade, tendo agido assim durante a crise do Ebola na \u00c1frica Ocidental em 2014 e 2015.<\/p>\n<p>Uma brigada de mais de 600 cubanos foi para a Serra Leoa em 2014 para ajudar a enfrentar a trag\u00e9dia.<\/p>\n<p>Eles tamb\u00e9m enviaram 1 200 homens e mulheres para o Haiti depois que o pa\u00eds foi atingido com um terremoto em 2010.<\/p>\n","protected":false},"excerpt":{"rendered":"<p>No DCM, no Yahoo &#8211; Cuba enviou m\u00e9dicos para v\u00e1rias ilhas caribenhas devastadas pelo furac\u00e3o Irma. Mais de 750 profissionais de sa\u00fade chegaram em Ant\u00edgua, Barbuda, S\u00e3o Crist\u00f3v\u00e3o, Nevis, Santa L\u00facia, Bahamas, Rep\u00fablica Dominicana e Haiti.<\/p>\n","protected":false},"author":1,"featured_media":13555,"comment_status":"closed","ping_status":"open","sticky":false,"template":"","format":"standard","meta":{"_exactmetrics_skip_tracking":false,"_exactmetrics_sitenote_active":false,"_exactmetrics_sitenote_note":"","_exactmetrics_sitenote_category":0,"jetpack_post_was_ever_published":false,"_jetpack_newsletter_access":"","_jetpack_dont_email_post_to_subs":false,"_jetpack_newsletter_tier_id":0,"_jetpack_memberships_contains_paywalled_content":false,"_jetpack_memberships_contains_paid_content":false,"footnotes":"","jetpack_publicize_message":"","jetpack_publicize_feature_enabled":true,"jetpack_social_post_already_shared":true,"jetpack_social_options":{"image_generator_settings":{"template":"highway","enabled":false},"version":2}},"categories":[1],"tags":[],"class_list":["post-13552","post","type-post","status-publish","format-standard","has-post-thumbnail","hentry","category-notas"],"jetpack_publicize_connections":[],"jetpack_sharing_enabled":true,"jetpack_featured_media_url":"https:\/\/i0.wp.com\/blogdalucianaoliveira.com.br\/blog\/wp-content\/uploads\/2017\/09\/IMG_4731.jpg?fit=700%2C525","jetpack_shortlink":"https:\/\/wp.me\/p7wKYW-3wA","jetpack-related-posts":[],"_links":{"self":[{"href":"http:\/\/blogdalucianaoliveira.com.br\/blog\/wp-json\/wp\/v2\/posts\/13552","targetHints":{"allow":["GET"]}}],"collection":[{"href":"http:\/\/blogdalucianaoliveira.com.br\/blog\/wp-json\/wp\/v2\/posts"}],"about":[{"href":"http:\/\/blogdalucianaoliveira.com.br\/blog\/wp-json\/wp\/v2\/types\/post"}],"author":[{"embeddable":true,"href":"http:\/\/blogdalucianaoliveira.com.br\/blog\/wp-json\/wp\/v2\/users\/1"}],"replies":[{"embeddable":true,"href":"http:\/\/blogdalucianaoliveira.com.br\/blog\/wp-json\/wp\/v2\/comments?post=13552"}],"version-history":[{"count":2,"href":"http:\/\/blogdalucianaoliveira.com.br\/blog\/wp-json\/wp\/v2\/posts\/13552\/revisions"}],"predecessor-version":[{"id":13556,"href":"http:\/\/blogdalucianaoliveira.com.br\/blog\/wp-json\/wp\/v2\/posts\/13552\/revisions\/13556"}],"wp:featuredmedia":[{"embeddable":true,"href":"http:\/\/blogdalucianaoliveira.com.br\/blog\/wp-json\/wp\/v2\/media\/13555"}],"wp:attachment":[{"href":"http:\/\/blogdalucianaoliveira.com.br\/blog\/wp-json\/wp\/v2\/media?parent=13552"}],"wp:term":[{"taxonomy":"category","embeddable":true,"href":"http:\/\/blogdalucianaoliveira.com.br\/blog\/wp-json\/wp\/v2\/categories?post=13552"},{"taxonomy":"post_tag","embeddable":true,"href":"http:\/\/blogdalucianaoliveira.com.br\/blog\/wp-json\/wp\/v2\/tags?post=13552"}],"curies":[{"name":"wp","href":"https:\/\/api.w.org\/{rel}","templated":true}]}}