{"id":13573,"date":"2017-09-11T08:50:22","date_gmt":"2017-09-11T12:50:22","guid":{"rendered":"http:\/\/blogdalucianaoliveira.com.br\/blog\/?p=13573"},"modified":"2017-09-11T08:51:49","modified_gmt":"2017-09-11T12:51:49","slug":"empresas-do-sistema-eletrobras-vao-receber-r-3927-ate-2025","status":"publish","type":"post","link":"http:\/\/blogdalucianaoliveira.com.br\/blog\/2017\/09\/11\/empresas-do-sistema-eletrobras-vao-receber-r-3927-ate-2025\/","title":{"rendered":"Empresas do Sistema Eletrobras v\u00e3o receber R$ 39,27 at\u00e9 2025"},"content":{"rendered":"<p><img data-recalc-dims=\"1\" loading=\"lazy\" decoding=\"async\" data-attachment-id=\"13574\" data-permalink=\"http:\/\/blogdalucianaoliveira.com.br\/blog\/2017\/09\/11\/empresas-do-sistema-eletrobras-vao-receber-r-3927-ate-2025\/ener\/\" data-orig-file=\"https:\/\/i0.wp.com\/blogdalucianaoliveira.com.br\/blog\/wp-content\/uploads\/2017\/09\/ener.jpg?fit=800%2C800\" data-orig-size=\"800,800\" data-comments-opened=\"0\" data-image-meta=\"{&quot;aperture&quot;:&quot;0&quot;,&quot;credit&quot;:&quot;&quot;,&quot;camera&quot;:&quot;&quot;,&quot;caption&quot;:&quot;&quot;,&quot;created_timestamp&quot;:&quot;0&quot;,&quot;copyright&quot;:&quot;&quot;,&quot;focal_length&quot;:&quot;0&quot;,&quot;iso&quot;:&quot;0&quot;,&quot;shutter_speed&quot;:&quot;0&quot;,&quot;title&quot;:&quot;&quot;,&quot;orientation&quot;:&quot;0&quot;}\" data-image-title=\"ener\" data-image-description=\"\" data-image-caption=\"\" data-medium-file=\"https:\/\/i0.wp.com\/blogdalucianaoliveira.com.br\/blog\/wp-content\/uploads\/2017\/09\/ener.jpg?fit=300%2C300\" data-large-file=\"https:\/\/i0.wp.com\/blogdalucianaoliveira.com.br\/blog\/wp-content\/uploads\/2017\/09\/ener.jpg?fit=600%2C600\" class=\"alignnone size-full wp-image-13574\" src=\"https:\/\/i0.wp.com\/blogdalucianaoliveira.com.br\/blog\/wp-content\/uploads\/2017\/09\/ener.jpg?resize=600%2C600\" alt=\"ener\" width=\"600\" height=\"600\" srcset=\"https:\/\/i0.wp.com\/blogdalucianaoliveira.com.br\/blog\/wp-content\/uploads\/2017\/09\/ener.jpg?w=800 800w, https:\/\/i0.wp.com\/blogdalucianaoliveira.com.br\/blog\/wp-content\/uploads\/2017\/09\/ener.jpg?resize=150%2C150 150w, https:\/\/i0.wp.com\/blogdalucianaoliveira.com.br\/blog\/wp-content\/uploads\/2017\/09\/ener.jpg?resize=300%2C300 300w, https:\/\/i0.wp.com\/blogdalucianaoliveira.com.br\/blog\/wp-content\/uploads\/2017\/09\/ener.jpg?resize=768%2C768 768w\" sizes=\"auto, (max-width: 600px) 100vw, 600px\" \/><\/p>\n<p>O governo quer vender por R$ 20 bilh\u00f5es um patrim\u00f4nio avaliado em R$ 370 bilh\u00f5es, com um aporte garantido de mais de R$ 39 bilh\u00f5es em oito anos. Simples assim?<\/p>\n<p>Visite:\u00a0<a href=\"https:\/\/www.facebook.com\/EnergiaNaoEMercadoria\/?hc_ref=ARQe8jPu_6bodDJilP59GgeCQSPfSmN0IC5iGkqLjWohUgZ1HI6J7HWkRjYdgfxTI-g\">https:\/\/www.facebook.com\/EnergiaNaoEMercadoria\/?hc_ref=ARQe8jPu_6bodDJilP59GgeCQSPfSmN0IC5iGkqLjWohUgZ1HI6J7HWkRjYdgfxTI-g<\/a><\/p>\n","protected":false},"excerpt":{"rendered":"<p>O governo quer vender por R$ 20 bilh\u00f5es um patrim\u00f4nio avaliado em R$ 370 bilh\u00f5es, com um aporte garantido de mais de R$ 39 bilh\u00f5es em oito anos. Simples assim? Visite:\u00a0https:\/\/www.facebook.com\/EnergiaNaoEMercadoria\/?hc_ref=ARQe8jPu_6bodDJilP59GgeCQSPfSmN0IC5iGkqLjWohUgZ1HI6J7HWkRjYdgfxTI-g<\/p>\n","protected":false},"author":1,"featured_media":0,"comment_status":"closed","ping_status":"open","sticky":false,"template":"","format":"standard","meta":{"_exactmetrics_skip_tracking":false,"_exactmetrics_sitenote_active":false,"_exactmetrics_sitenote_note":"","_exactmetrics_sitenote_category":0,"jetpack_post_was_ever_published":false,"_jetpack_newsletter_access":"","_jetpack_dont_email_post_to_subs":false,"_jetpack_newsletter_tier_id":0,"_jetpack_memberships_contains_paywalled_content":false,"_jetpack_memberships_contains_paid_content":false,"footnotes":"","jetpack_publicize_message":"","jetpack_publicize_feature_enabled":true,"jetpack_social_post_already_shared":true,"jetpack_social_options":{"image_generator_settings":{"template":"highway","enabled":false},"version":2}},"categories":[1],"tags":[],"class_list":["post-13573","post","type-post","status-publish","format-standard","hentry","category-notas"],"jetpack_publicize_connections":[],"jetpack_sharing_enabled":true,"jetpack_featured_media_url":"","jetpack_shortlink":"https:\/\/wp.me\/p7wKYW-3wV","jetpack-related-posts":[],"_links":{"self":[{"href":"http:\/\/blogdalucianaoliveira.com.br\/blog\/wp-json\/wp\/v2\/posts\/13573","targetHints":{"allow":["GET"]}}],"collection":[{"href":"http:\/\/blogdalucianaoliveira.com.br\/blog\/wp-json\/wp\/v2\/posts"}],"about":[{"href":"http:\/\/blogdalucianaoliveira.com.br\/blog\/wp-json\/wp\/v2\/types\/post"}],"author":[{"embeddable":true,"href":"http:\/\/blogdalucianaoliveira.com.br\/blog\/wp-json\/wp\/v2\/users\/1"}],"replies":[{"embeddable":true,"href":"http:\/\/blogdalucianaoliveira.com.br\/blog\/wp-json\/wp\/v2\/comments?post=13573"}],"version-history":[{"count":3,"href":"http:\/\/blogdalucianaoliveira.com.br\/blog\/wp-json\/wp\/v2\/posts\/13573\/revisions"}],"predecessor-version":[{"id":13577,"href":"http:\/\/blogdalucianaoliveira.com.br\/blog\/wp-json\/wp\/v2\/posts\/13573\/revisions\/13577"}],"wp:attachment":[{"href":"http:\/\/blogdalucianaoliveira.com.br\/blog\/wp-json\/wp\/v2\/media?parent=13573"}],"wp:term":[{"taxonomy":"category","embeddable":true,"href":"http:\/\/blogdalucianaoliveira.com.br\/blog\/wp-json\/wp\/v2\/categories?post=13573"},{"taxonomy":"post_tag","embeddable":true,"href":"http:\/\/blogdalucianaoliveira.com.br\/blog\/wp-json\/wp\/v2\/tags?post=13573"}],"curies":[{"name":"wp","href":"https:\/\/api.w.org\/{rel}","templated":true}]}}