{"id":13578,"date":"2017-09-11T09:08:17","date_gmt":"2017-09-11T13:08:17","guid":{"rendered":"http:\/\/blogdalucianaoliveira.com.br\/blog\/?p=13578"},"modified":"2017-09-11T09:08:17","modified_gmt":"2017-09-11T13:08:17","slug":"eua-relembram-16o-aniversario-dos-atentados-de-11-de-setembro","status":"publish","type":"post","link":"http:\/\/blogdalucianaoliveira.com.br\/blog\/2017\/09\/11\/eua-relembram-16o-aniversario-dos-atentados-de-11-de-setembro\/","title":{"rendered":"EUA relembram 16\u00ba anivers\u00e1rio dos atentados de 11 de Setembro"},"content":{"rendered":"<p><img data-recalc-dims=\"1\" loading=\"lazy\" decoding=\"async\" data-attachment-id=\"13579\" data-permalink=\"http:\/\/blogdalucianaoliveira.com.br\/blog\/2017\/09\/11\/eua-relembram-16o-aniversario-dos-atentados-de-11-de-setembro\/attachment\/11\/\" data-orig-file=\"https:\/\/i0.wp.com\/blogdalucianaoliveira.com.br\/blog\/wp-content\/uploads\/2017\/09\/11.jpg?fit=750%2C500\" data-orig-size=\"750,500\" data-comments-opened=\"0\" data-image-meta=\"{&quot;aperture&quot;:&quot;0&quot;,&quot;credit&quot;:&quot;&quot;,&quot;camera&quot;:&quot;&quot;,&quot;caption&quot;:&quot;&quot;,&quot;created_timestamp&quot;:&quot;0&quot;,&quot;copyright&quot;:&quot;&quot;,&quot;focal_length&quot;:&quot;0&quot;,&quot;iso&quot;:&quot;0&quot;,&quot;shutter_speed&quot;:&quot;0&quot;,&quot;title&quot;:&quot;&quot;,&quot;orientation&quot;:&quot;0&quot;}\" data-image-title=\"11\" data-image-description=\"\" data-image-caption=\"\" data-medium-file=\"https:\/\/i0.wp.com\/blogdalucianaoliveira.com.br\/blog\/wp-content\/uploads\/2017\/09\/11.jpg?fit=300%2C200\" data-large-file=\"https:\/\/i0.wp.com\/blogdalucianaoliveira.com.br\/blog\/wp-content\/uploads\/2017\/09\/11.jpg?fit=600%2C400\" src=\"https:\/\/i0.wp.com\/blogdalucianaoliveira.com.br\/blog\/wp-content\/uploads\/2017\/09\/11.jpg?resize=600%2C400\" alt=\"11\" width=\"600\" height=\"400\" class=\"alignnone size-full wp-image-13579\" srcset=\"https:\/\/i0.wp.com\/blogdalucianaoliveira.com.br\/blog\/wp-content\/uploads\/2017\/09\/11.jpg?w=750 750w, https:\/\/i0.wp.com\/blogdalucianaoliveira.com.br\/blog\/wp-content\/uploads\/2017\/09\/11.jpg?resize=300%2C200 300w, https:\/\/i0.wp.com\/blogdalucianaoliveira.com.br\/blog\/wp-content\/uploads\/2017\/09\/11.jpg?resize=450%2C300 450w\" sizes=\"auto, (max-width: 600px) 100vw, 600px\" \/><\/p>\n<p>R7 &#8211; Os Estados Unidos relembram nesta segunda-feira (11) o 16\u00ba anivers\u00e1rio dos atentados terroristas de 11 de setembro de 2001 que mataram quase tr\u00eas mil pessoas e foram cometidos pela rede Al-Qaeda, de Osama bin Laden. Naquele dia, dois avi\u00f5es foram jogados contra cada uma das torres do World Trade Center, em Nova York, fazendo os pr\u00e9dios desabarem.<!--more--><\/p>\n<p>Outro avi\u00e3o atingiu a sede do Pent\u00e1gono minutos mais tarde, nos arredores de Washington D.C.. Uma quarta aeronave se dirigia para a capital norte-americana, mas os passageiros conseguiram reagir aos sequestradores e derrubaram o avi\u00e3o em um campo aberto na Pensilv\u00e2nia.<\/p>\n<p>O epis\u00f3dio \u00e9 um dos mais sangrentos da hist\u00f3ria dos Estados Unidos e o maior atentado terrorista j\u00e1 registrado em solo americano. Os atentados de 11\/9 fizeram os EUA invadir o Afeganist\u00e3o, lan\u00e7ando uma guerra contra os grupos terroristas que at\u00e9 hoje perdura no Ocidente e na Europa.<\/p>\n<p>O presidente norte-americano, Donald Trump, e a primeira-dama Melania se preparam para participar das celebra\u00e7\u00f5es em homenagem \u00e0s v\u00edtimas programadas para ao longo do dia.<\/p>\n<div id=\"inner-ad-container\" class=\"\"><\/div>\n<p>O casal participar\u00e1 da cerim\u00f4nia de 1 minuto de sil\u00eancio na Casa Branca e depois ir\u00e1 para o Pent\u00e1gono, onde o secret\u00e1rio de Defesa, Jim Mattis, liderar\u00e1 uma outra homenagem.<\/p>\n<p>Por sua vez, o vice-presidente Mike Pence comparecer\u00e1 em um cerimonial em Shanksville.<\/p>\n","protected":false},"excerpt":{"rendered":"<p>R7 &#8211; Os Estados Unidos relembram nesta segunda-feira (11) o 16\u00ba anivers\u00e1rio dos atentados terroristas de 11 de setembro de 2001 que mataram quase tr\u00eas mil pessoas e foram cometidos pela rede Al-Qaeda, de Osama bin Laden. Naquele dia, dois avi\u00f5es foram jogados contra cada uma das torres do World Trade Center, em Nova York,&#8230;<a class=\"more-link\" href=\"http:\/\/blogdalucianaoliveira.com.br\/blog\/2017\/09\/11\/eua-relembram-16o-aniversario-dos-atentados-de-11-de-setembro\/\">Continue a leitura <span class=\"meta-nav\">&raquo;<\/span><\/a><\/p>\n","protected":false},"author":1,"featured_media":0,"comment_status":"closed","ping_status":"open","sticky":false,"template":"","format":"standard","meta":{"_exactmetrics_skip_tracking":false,"_exactmetrics_sitenote_active":false,"_exactmetrics_sitenote_note":"","_exactmetrics_sitenote_category":0,"jetpack_post_was_ever_published":false,"_jetpack_newsletter_access":"","_jetpack_dont_email_post_to_subs":false,"_jetpack_newsletter_tier_id":0,"_jetpack_memberships_contains_paywalled_content":false,"_jetpack_memberships_contains_paid_content":false,"footnotes":"","jetpack_publicize_message":"","jetpack_publicize_feature_enabled":true,"jetpack_social_post_already_shared":true,"jetpack_social_options":{"image_generator_settings":{"template":"highway","enabled":false},"version":2}},"categories":[1],"tags":[],"class_list":["post-13578","post","type-post","status-publish","format-standard","hentry","category-notas"],"jetpack_publicize_connections":[],"jetpack_sharing_enabled":true,"jetpack_featured_media_url":"","jetpack_shortlink":"https:\/\/wp.me\/p7wKYW-3x0","jetpack-related-posts":[],"_links":{"self":[{"href":"http:\/\/blogdalucianaoliveira.com.br\/blog\/wp-json\/wp\/v2\/posts\/13578","targetHints":{"allow":["GET"]}}],"collection":[{"href":"http:\/\/blogdalucianaoliveira.com.br\/blog\/wp-json\/wp\/v2\/posts"}],"about":[{"href":"http:\/\/blogdalucianaoliveira.com.br\/blog\/wp-json\/wp\/v2\/types\/post"}],"author":[{"embeddable":true,"href":"http:\/\/blogdalucianaoliveira.com.br\/blog\/wp-json\/wp\/v2\/users\/1"}],"replies":[{"embeddable":true,"href":"http:\/\/blogdalucianaoliveira.com.br\/blog\/wp-json\/wp\/v2\/comments?post=13578"}],"version-history":[{"count":1,"href":"http:\/\/blogdalucianaoliveira.com.br\/blog\/wp-json\/wp\/v2\/posts\/13578\/revisions"}],"predecessor-version":[{"id":13580,"href":"http:\/\/blogdalucianaoliveira.com.br\/blog\/wp-json\/wp\/v2\/posts\/13578\/revisions\/13580"}],"wp:attachment":[{"href":"http:\/\/blogdalucianaoliveira.com.br\/blog\/wp-json\/wp\/v2\/media?parent=13578"}],"wp:term":[{"taxonomy":"category","embeddable":true,"href":"http:\/\/blogdalucianaoliveira.com.br\/blog\/wp-json\/wp\/v2\/categories?post=13578"},{"taxonomy":"post_tag","embeddable":true,"href":"http:\/\/blogdalucianaoliveira.com.br\/blog\/wp-json\/wp\/v2\/tags?post=13578"}],"curies":[{"name":"wp","href":"https:\/\/api.w.org\/{rel}","templated":true}]}}