{"id":1358,"date":"2016-05-31T11:28:15","date_gmt":"2016-05-31T15:28:15","guid":{"rendered":"http:\/\/blogdalucianaoliveira.com.br\/blog\/?p=1358"},"modified":"2016-05-31T11:28:57","modified_gmt":"2016-05-31T15:28:57","slug":"golpista-confesso-estadao-passa-recibo-e-ataca-blogueiros","status":"publish","type":"post","link":"http:\/\/blogdalucianaoliveira.com.br\/blog\/2016\/05\/31\/golpista-confesso-estadao-passa-recibo-e-ataca-blogueiros\/","title":{"rendered":"Golpista confesso, Estad\u00e3o passa recibo e ataca blogueiros"},"content":{"rendered":"<p><img data-recalc-dims=\"1\" loading=\"lazy\" decoding=\"async\" data-attachment-id=\"1360\" data-permalink=\"http:\/\/blogdalucianaoliveira.com.br\/blog\/2016\/05\/31\/golpista-confesso-estadao-passa-recibo-e-ataca-blogueiros\/estadao-2\/\" data-orig-file=\"https:\/\/i0.wp.com\/blogdalucianaoliveira.com.br\/blog\/wp-content\/uploads\/2016\/05\/estad%C3%A3o-1.jpg?fit=592%2C443\" data-orig-size=\"592,443\" data-comments-opened=\"0\" data-image-meta=\"{&quot;aperture&quot;:&quot;0&quot;,&quot;credit&quot;:&quot;&quot;,&quot;camera&quot;:&quot;&quot;,&quot;caption&quot;:&quot;&quot;,&quot;created_timestamp&quot;:&quot;0&quot;,&quot;copyright&quot;:&quot;&quot;,&quot;focal_length&quot;:&quot;0&quot;,&quot;iso&quot;:&quot;0&quot;,&quot;shutter_speed&quot;:&quot;0&quot;,&quot;title&quot;:&quot;&quot;,&quot;orientation&quot;:&quot;0&quot;}\" data-image-title=\"estad\u00e3o\" data-image-description=\"\" data-image-caption=\"\" data-medium-file=\"https:\/\/i0.wp.com\/blogdalucianaoliveira.com.br\/blog\/wp-content\/uploads\/2016\/05\/estad%C3%A3o-1.jpg?fit=300%2C224\" data-large-file=\"https:\/\/i0.wp.com\/blogdalucianaoliveira.com.br\/blog\/wp-content\/uploads\/2016\/05\/estad%C3%A3o-1.jpg?fit=592%2C443\" src=\"https:\/\/i0.wp.com\/blogdalucianaoliveira.com.br\/blog\/wp-content\/uploads\/2016\/05\/estad%C3%A3o-1.jpg?resize=592%2C443\" alt=\"estad\u00e3o\" width=\"592\" height=\"443\" class=\"alignnone size-full wp-image-1360\" srcset=\"https:\/\/i0.wp.com\/blogdalucianaoliveira.com.br\/blog\/wp-content\/uploads\/2016\/05\/estad%C3%A3o-1.jpg?w=592 592w, https:\/\/i0.wp.com\/blogdalucianaoliveira.com.br\/blog\/wp-content\/uploads\/2016\/05\/estad%C3%A3o-1.jpg?resize=300%2C224 300w, https:\/\/i0.wp.com\/blogdalucianaoliveira.com.br\/blog\/wp-content\/uploads\/2016\/05\/estad%C3%A3o-1.jpg?resize=401%2C300 401w\" sizes=\"auto, (max-width: 592px) 100vw, 592px\" \/><\/p>\n<p>Por Eduardo Guimar\u00e3es<\/p>\n<p>Um antro golpista que agride h\u00e1 mais de s\u00e9culo a democracia brasileira se deu a comentar o 5\u00ba Encontro Nacional de Blogueiros e Ativistas Digitais e a fazer considera\u00e7\u00f5es desairosas sobre centenas de blogueiros presentes ao evento e sobre milhares deles que, sob repres\u00e1lia da malta golpista que ascendeu ao poder, acabaram n\u00e3o comparecendo.<!--more--><\/p>\n<p>Antes de prosseguir, vale explicitar qual dos sentidos do substantivo masculino \u201cantro\u201d coincide mais exatamente com a inten\u00e7\u00e3o de us\u00e1-lo como adjetivo. Segundo o Houaiss, a palavra tem sete conota\u00e7\u00f5es:<\/p>\n<p>antro<\/p>\n<p>substantivo masculino ( 1572)<\/p>\n<p>1 gruta ou cavidade natural, profunda e escura, ger. servindo de abrigo a feras; furna<\/p>\n<p>2 p.ext. habita\u00e7\u00e3o miser\u00e1vel e escura<\/p>\n<p>    \u2039 vivia num a. sem \u00e1gua corrente \u203a<\/p>\n<p>3 p.ext. pris\u00e3o subterr\u00e2nea, sem ar e sem luz; masmorra, c\u00e1rcere<\/p>\n<p>    \u2039 prendem os inimigos em a. tenebrosos \u203a<\/p>\n<p>4 p.ext. lugar s\u00f3rdido onde se escondem criminosos; covil<\/p>\n<p>    \u2039 a. de assassinos \u203a<\/p>\n<p>5 fig. local de divers\u00e3o asqueroso; espelunca<\/p>\n<p>    \u2039 naquele a. serviam bebida falsificada \u203a<\/p>\n<p>6 fig. local propenso \u00e0 (corrup\u00e7\u00e3o, degenera\u00e7\u00e3o moral)<\/p>\n<p>    \u2039 a. de perdi\u00e7\u00e3o \u203a<\/p>\n<p>7 anat\u00f4mico med cavidade ou espa\u00e7o, esp. dentro de um osso; cripta<\/p>\n<p>Ainda que ao menos seis das sete acep\u00e7\u00f5es caibam em considera\u00e7\u00f5es sobre essa m\u00e1quina antidemocr\u00e1tica fundada por fam\u00edlia de sanguessugas que h\u00e1 mais de um s\u00e9culo suga recursos p\u00fablicos em profus\u00e3o, a que coincide mais com o gosto do blogueiro para qualificar o jornal O Estado de S\u00e3o Paulo, dito \u201cEstad\u00e3o\u201d, \u00e9 a de n\u00famero cinco.<\/p>\n<p>Com efeito, o Estad\u00e3o \u00e9 um local de divers\u00e3o asqueroso, uma espelunca na qual reacion\u00e1rios de todas as cepas podem cair na esb\u00f3rnia fascista que orienta as suas (v\u00e1 l\u00e1) ideias sem serem incomodados por essa coisa que os \u201ccomunistas\u201d chamam de contradit\u00f3rio.<\/p>\n<p>Mas voltemos \u00e0 disseca\u00e7\u00e3o da agress\u00e3o feita por algum lacaio que os Mesquita colocaram para escrever esse editorial t\u00e3o divertido e previs\u00edvel, que termina fazendo pouco dos blogueiros logo ap\u00f3s lhes conceder import\u00e2ncia ao publicar contra eles quilom\u00e9trica catilin\u00e1ria, bem ao gosto cafona desses janotas empertigados.<\/p>\n<p>A disseca\u00e7\u00e3o em pauta, por\u00e9m, n\u00e3o \u00e9 da argumenta\u00e7\u00e3o caduca de uma publica\u00e7\u00e3o caduca gerida por gente caduca, independentemente da idade biol\u00f3gica. Afinal, essa \u201cargumenta\u00e7\u00e3o\u201d foi mais do mesmo \u2013 acusa\u00e7\u00f5es (falsas) sobre todos os blogueiros serem benefici\u00e1rios de publicidade oficial dos governos petistas, acusa\u00e7\u00f5es hilariantes de anacronismo ideol\u00f3gico feitas por fan\u00e1ticos de ultradireita que controlam o jornal, e at\u00e9 uma bobagem sobre a qualidade da reda\u00e7\u00e3o de carta de inten\u00e7\u00f5es divulgada pelos blogueiros reunidos.<\/p>\n<p>Observa\u00e7\u00e3o: todo fan\u00e1tico de direita gosta de afetar maiores conhecimentos do idioma, como se tais conhecimentos pudessem apagar as deformidades morais dessa fam\u00edlia golpista e sanguessuga que enriqueceu lambendo as botas de pol\u00edticos de direita.<\/p>\n<p>O t\u00edtulo da catilin\u00e1ria caduca do Estad\u00e3o, inconformado com a possibilidade que a tecnologia deu a qualquer um para contestar rica\u00e7os acovardados com o contradit\u00f3rio, \u00e9 \u201cBlogueiros Chapa Branca\u201d.<\/p>\n<p>O antro reacion\u00e1rio adjetiva os blogueiros como \u201cchapa branca\u201d mesmo ap\u00f3s Dilma ter sido afastada do cargo. Al\u00e9m de ser mentira, \u00e9 burrice. Se os blogueiros continuam apoiando a presidente ap\u00f3s ela sair do cargo, a hip\u00f3tese de serem bajuladores interesseiros cai por terra.<\/p>\n<p>Mas quem \u00e9 o Estad\u00e3o para se dirigir dessa forma a um movimento democr\u00e1tico cuja grande maioria dos cidad\u00e3os nunca recebeu um centavo do poder p\u00fablico e atua por apre\u00e7o aos pr\u00f3prios ideais democr\u00e1ticos e humanistas?<\/p>\n<p>O Estad\u00e3o \u00e9 uma arma pol\u00edtica da direita brasileira, n\u00e3o \u00e9 um \u00f3rg\u00e3o de imprensa. H\u00e1 mais de um s\u00e9culo atua para eleger ou derrubar governos com vistas a lucrar financeiramente.<\/p>\n<p>Foi pensando em lucrar que o Estad\u00e3o sediou a conspira\u00e7\u00e3o que deu lugar \u00e0 ditadura militar que se estabeleceu no pa\u00eds entre 1964 e 1985. E quem diz isso n\u00e3o \u00e9 este blogueiro, mas um dos membros dessa fam\u00edlia de trapaceiros que h\u00e1 tantas d\u00e9cadas trabalha arduamente contra a democracia brasileira.<\/p>\n<p>Ruy Mesquita (que o diabo o tenha), em edi\u00e7\u00e3o do programa Roda Viva veiculada em 2006, confessou que seu jornal esteve no centro da conspira\u00e7\u00e3o que resultaria na ditadura militar que roubou o pa\u00eds o quanto p\u00f4de enquanto estuprava mulheres, torturava at\u00e9 crian\u00e7as e assassinava quanto podia.<\/p>\n<p>Repare, leitor, como esse Mesquita respondeu ao ent\u00e3o mediador do programa, Paulo Markun:<\/p>\n<p>Paulo Markun: O senhor se arrepende de ter  participado das articula\u00e7\u00f5es do golpe?<\/p>\n<p>Ruy Mesquita: N\u00e3o, eu n\u00e3o me arrependo. N\u00e3o me arrependo porque em circunst\u00e2ncia iguais \u00e0quelas que vivi naquela \u00e9poca, eu faria o mesmo de novo hoje se fosse convidado, como fui convidado por um grupo de militares. Eu insisto em dizer, como disse tamb\u00e9m em entrevista, n\u00e3o estavam articulando nenhum golpe, mas estavam se preparando para enfrentar um golpe que eles tinham a convic\u00e7\u00e3o de que ia ser dado. N\u00e3o me arrependi, embora tivesse nos custado car\u00edssimo, a ditadura que se instalou no Brasil, \u00e0 nossa revelia e com a qual n\u00f3s rompemos desde o primeiro momento, como est\u00e1 dito na minha entrevista.<\/p>\n<p>H\u00e1 duas hip\u00f3teses para definir esse sujeito: ou era um tremendo mentiroso ou um rematado idiota. Particularmente, este blogueiro julga que era um pouco de cada.<\/p>\n<p>Ent\u00e3o os golpistas da fam\u00edlia Mesquita entregaram a sede do jornal para os golpistas militares tramarem a derrubada do governo Jo\u00e3o Goulart, mas n\u00e3o sabiam que estavam ajudando a preparar um golpe de Estado? Voc\u00ea conspira para derrubar um governo eleito legitimamente e n\u00e3o sabe que isso \u00e9 golpe?<\/p>\n<p>Francamente\u2026 \u00c9 esse jornal que ousa acusar um movimento democr\u00e1tico e plural como o dos blogueiros?<\/p>\n<p>\u00c9 muita aud\u00e1cia uma fac\u00e7\u00e3o ideol\u00f3gica t\u00e3o empedernida acusar um movimento democr\u00e1tico no qual cabem at\u00e9 pessoas e entidades que fizeram oposi\u00e7\u00e3o ao governo Dilma, mas que se uniram na denuncia\u00e7\u00e3o do golpe por apre\u00e7o \u00e0 democracia.<\/p>\n<p>O Estad\u00e3o \u00e9 apenas uma organiza\u00e7\u00e3o mafiosa que trabalha contra a democracia brasileira h\u00e1 mais de um s\u00e9culo. Defende a desigualdade de renda e de oportunidades, \u00e9 um jornal de vi\u00e9s racista, homof\u00f3bico e golpista. Est\u00e1 a servi\u00e7o de endinheirados que sabem que s\u00f3 se manter\u00e3o assim enquanto o Brasil continuar t\u00e3o injusto.<\/p>\n<p>O antro reacion\u00e1rio em quest\u00e3o debocha das declaradas inten\u00e7\u00f5es dos blogueiros de ajudarem o pa\u00eds a resistir ao golpe. Eis como esses golpistas famigerados conclu\u00edram seu \u201ceditorial\u201d:<\/p>\n<p>\u201c(\u2026) Na parte final da carta, os blogueiros s\u00e3o taxativos. \u201cN\u00e3o daremos tr\u00e9gua \u00e0 Globo, a Temer, aos traidores que se dizem sindicalistas, nem aos tucanos e empres\u00e1rios da Fiesp, que agiram a servi\u00e7o do golpismo. Resistiremos nas ruas e nas redes\u201d, prometem eles. Se algu\u00e9m deve recear essas amea\u00e7as certamente s\u00e3o os redatores de programas de humorismo da televis\u00e3o. Agora eles t\u00eam nesses blogueiros e ativistas fortes concorrentes\u201d.<\/p>\n<p>\u00c9 mesmo, \u00e9? Quer dizer, ent\u00e3o, que os blogueiros n\u00e3o t\u00eam import\u00e2ncia ou meios (n\u00e3o) de amea\u00e7ar, mas de opor resist\u00eancia aos golpistas? Ora, mas se s\u00e3o t\u00e3o desimportantes, o que explica o jornal\u00e3o usar um texto daquele tamanho para agredi-los? O fato \u00e9 que ningu\u00e9m chuta cachorro morto. Os blogueiros incomodam muito esses fascistas<\/p>\n<p>Aguarde-nos, fam\u00edlia golpista. Vamos continuar incomodando (muito), denunciando ve\u00edculos chapa branca como o Estad\u00e3o, que ora voltam aos tempos em que lambiam as botas do poder central assim como v\u00eam lambendo h\u00e1 vinte anos as botas da ditadura tucana que se instalou em S\u00e3o Paulo.<\/p>\n<p>Riam enquanto podem, golpistas de merda. O castelo de cartas de voc\u00eas j\u00e1 come\u00e7a a ruir. E sem ningu\u00e9m fazer nada, porque voc\u00eas s\u00e3o t\u00e3o med\u00edocres que se derrubam sozinhos. Vejam as patuscadas temer\u00e1rias. O Brasil \u00e9 maior que qualquer golpista. E quem ri por \u00faltimo, ri melhor.<\/p>\n","protected":false},"excerpt":{"rendered":"<p>Por Eduardo Guimar\u00e3es Um antro golpista que agride h\u00e1 mais de s\u00e9culo a democracia brasileira se deu a comentar o 5\u00ba Encontro Nacional de Blogueiros e Ativistas Digitais e a fazer considera\u00e7\u00f5es desairosas sobre centenas de blogueiros presentes ao evento e sobre milhares deles que, sob repres\u00e1lia da malta golpista que ascendeu ao poder, acabaram&#8230;<a class=\"more-link\" href=\"http:\/\/blogdalucianaoliveira.com.br\/blog\/2016\/05\/31\/golpista-confesso-estadao-passa-recibo-e-ataca-blogueiros\/\">Continue a leitura <span class=\"meta-nav\">&raquo;<\/span><\/a><\/p>\n","protected":false},"author":1,"featured_media":0,"comment_status":"closed","ping_status":"open","sticky":false,"template":"","format":"standard","meta":{"_exactmetrics_skip_tracking":false,"_exactmetrics_sitenote_active":false,"_exactmetrics_sitenote_note":"","_exactmetrics_sitenote_category":0,"jetpack_post_was_ever_published":false,"_jetpack_newsletter_access":"","_jetpack_dont_email_post_to_subs":false,"_jetpack_newsletter_tier_id":0,"_jetpack_memberships_contains_paywalled_content":false,"_jetpack_memberships_contains_paid_content":false,"footnotes":"","jetpack_publicize_message":"","jetpack_publicize_feature_enabled":true,"jetpack_social_post_already_shared":true,"jetpack_social_options":{"image_generator_settings":{"template":"highway","enabled":false},"version":2}},"categories":[1],"tags":[62,90,91],"class_list":["post-1358","post","type-post","status-publish","format-standard","hentry","category-notas","tag-blogueiros","tag-estadao","tag-golpista"],"jetpack_publicize_connections":[],"jetpack_sharing_enabled":true,"jetpack_featured_media_url":"","jetpack_shortlink":"https:\/\/wp.me\/p7wKYW-lU","jetpack-related-posts":[],"_links":{"self":[{"href":"http:\/\/blogdalucianaoliveira.com.br\/blog\/wp-json\/wp\/v2\/posts\/1358","targetHints":{"allow":["GET"]}}],"collection":[{"href":"http:\/\/blogdalucianaoliveira.com.br\/blog\/wp-json\/wp\/v2\/posts"}],"about":[{"href":"http:\/\/blogdalucianaoliveira.com.br\/blog\/wp-json\/wp\/v2\/types\/post"}],"author":[{"embeddable":true,"href":"http:\/\/blogdalucianaoliveira.com.br\/blog\/wp-json\/wp\/v2\/users\/1"}],"replies":[{"embeddable":true,"href":"http:\/\/blogdalucianaoliveira.com.br\/blog\/wp-json\/wp\/v2\/comments?post=1358"}],"version-history":[{"count":1,"href":"http:\/\/blogdalucianaoliveira.com.br\/blog\/wp-json\/wp\/v2\/posts\/1358\/revisions"}],"predecessor-version":[{"id":1361,"href":"http:\/\/blogdalucianaoliveira.com.br\/blog\/wp-json\/wp\/v2\/posts\/1358\/revisions\/1361"}],"wp:attachment":[{"href":"http:\/\/blogdalucianaoliveira.com.br\/blog\/wp-json\/wp\/v2\/media?parent=1358"}],"wp:term":[{"taxonomy":"category","embeddable":true,"href":"http:\/\/blogdalucianaoliveira.com.br\/blog\/wp-json\/wp\/v2\/categories?post=1358"},{"taxonomy":"post_tag","embeddable":true,"href":"http:\/\/blogdalucianaoliveira.com.br\/blog\/wp-json\/wp\/v2\/tags?post=1358"}],"curies":[{"name":"wp","href":"https:\/\/api.w.org\/{rel}","templated":true}]}}