{"id":13595,"date":"2017-09-11T11:02:45","date_gmt":"2017-09-11T15:02:45","guid":{"rendered":"http:\/\/blogdalucianaoliveira.com.br\/blog\/?p=13595"},"modified":"2017-09-11T11:02:45","modified_gmt":"2017-09-11T15:02:45","slug":"mab-realizara-encontro-nacional-com-tema-agua-e-energia-com-soberania-distribuicao-da-riqueza-e-controle-popular","status":"publish","type":"post","link":"http:\/\/blogdalucianaoliveira.com.br\/blog\/2017\/09\/11\/mab-realizara-encontro-nacional-com-tema-agua-e-energia-com-soberania-distribuicao-da-riqueza-e-controle-popular\/","title":{"rendered":"MAB realizar\u00e1 encontro nacional com tema: \u201c\u00c1gua e energia com soberania, distribui\u00e7\u00e3o da riqueza e controle popular\u201d"},"content":{"rendered":"<p><img data-recalc-dims=\"1\" loading=\"lazy\" decoding=\"async\" data-attachment-id=\"13596\" data-permalink=\"http:\/\/blogdalucianaoliveira.com.br\/blog\/2017\/09\/11\/mab-realizara-encontro-nacional-com-tema-agua-e-energia-com-soberania-distribuicao-da-riqueza-e-controle-popular\/arpi5\/\" data-orig-file=\"https:\/\/i0.wp.com\/blogdalucianaoliveira.com.br\/blog\/wp-content\/uploads\/2017\/09\/arpi5.jpg?fit=960%2C795\" data-orig-size=\"960,795\" data-comments-opened=\"0\" data-image-meta=\"{&quot;aperture&quot;:&quot;0&quot;,&quot;credit&quot;:&quot;&quot;,&quot;camera&quot;:&quot;&quot;,&quot;caption&quot;:&quot;&quot;,&quot;created_timestamp&quot;:&quot;0&quot;,&quot;copyright&quot;:&quot;&quot;,&quot;focal_length&quot;:&quot;0&quot;,&quot;iso&quot;:&quot;0&quot;,&quot;shutter_speed&quot;:&quot;0&quot;,&quot;title&quot;:&quot;&quot;,&quot;orientation&quot;:&quot;0&quot;}\" data-image-title=\"arpi5\" data-image-description=\"\" data-image-caption=\"\" data-medium-file=\"https:\/\/i0.wp.com\/blogdalucianaoliveira.com.br\/blog\/wp-content\/uploads\/2017\/09\/arpi5.jpg?fit=300%2C248\" data-large-file=\"https:\/\/i0.wp.com\/blogdalucianaoliveira.com.br\/blog\/wp-content\/uploads\/2017\/09\/arpi5.jpg?fit=600%2C497\" src=\"https:\/\/i0.wp.com\/blogdalucianaoliveira.com.br\/blog\/wp-content\/uploads\/2017\/09\/arpi5.jpg?resize=600%2C497\" alt=\"arpi5\" width=\"600\" height=\"497\" class=\"alignnone size-full wp-image-13596\" srcset=\"https:\/\/i0.wp.com\/blogdalucianaoliveira.com.br\/blog\/wp-content\/uploads\/2017\/09\/arpi5.jpg?w=960 960w, https:\/\/i0.wp.com\/blogdalucianaoliveira.com.br\/blog\/wp-content\/uploads\/2017\/09\/arpi5.jpg?resize=300%2C248 300w, https:\/\/i0.wp.com\/blogdalucianaoliveira.com.br\/blog\/wp-content\/uploads\/2017\/09\/arpi5.jpg?resize=768%2C636 768w, https:\/\/i0.wp.com\/blogdalucianaoliveira.com.br\/blog\/wp-content\/uploads\/2017\/09\/arpi5.jpg?resize=362%2C300 362w\" sizes=\"auto, (max-width: 600px) 100vw, 600px\" \/><\/p>\n<p>Do site do MAB &#8211; Entre os dias 1 a 5 de outubro de 2017, o Rio de Janeiro receber\u00e1 o 8\u00ba Encontro Nacional do Movimento dos Atingidos por Barragens. Com o lema \u201c\u00c1gua e energia com soberania, distribui\u00e7\u00e3o da riqueza e controle popular\u201d, o evento reunir\u00e1 milhares de atingidos e atingidas por barragens de todas as regi\u00f5es do Brasil.<!--more--><\/p>\n<p>Os tr\u00eas principais objetivos desse 8\u00ba Encontro s\u00e3o: 1) consolidar a uni\u00e3o entre campo e cidade, com o estreitamento da rela\u00e7\u00e3o entre atingidos por barragens e trabalhadores do setor el\u00e9trico; 2) reafirmar a necessidade da cria\u00e7\u00e3o de um modelo energ\u00e9tico popular para o Brasil; 3) realizar uma grande press\u00e3o popular pela aprova\u00e7\u00e3o da Pol\u00edtica de Direitos para as Popula\u00e7\u00f5es Atingidas por Barragens (PNAB).<\/p>\n<p>No per\u00edodo do 8\u00ba Encontro tamb\u00e9m vamos denunciar os dois anos do crime cometido pelas mineradoras Samarco, Vale e BHP Billiton no Rio Doce\u2013 MG, onde os direitos de milhares de fam\u00edlias atingidas est\u00e3o sendo violados e as empresas<br \/>\nseguem impunes.<\/p>\n<p>Al\u00e9m disso, o Encontro pretende reunir os atingidos por barragens de todo Brasil para celebrar a vida, partilhar vit\u00f3rias, ampliar as conquistas, trocar experi\u00eancias, consolidar nossa for\u00e7a pr\u00f3pria e organiza\u00e7\u00e3o, discutir temas que afetam a vida cotidiana, planejar e decidir as futuras lutas.<\/p>\n<p>8\u00ba Encontro Nacional do MAB<br \/>\n1 a 5 de outubro\/2017<br \/>\nRio de Janeiro &#8211; RJ<br \/>\nLema: \u201c\u00c1gua e energia com soberania, distribui\u00e7\u00e3o da riqueza e controle popular\u201d<\/p>\n<p>Para contribuir com o transporte e alimenta\u00e7\u00e3o dos militantes sair\u00e3o de Rond\u00f4nia, utilize os dados banc\u00e1rios abaixo:<\/p>\n<p>APREMARA<br \/>\nBanco do Brasil<br \/>\nAg\u00eancia: 3181-X<br \/>\nCC: 18.314-8<\/p>\n","protected":false},"excerpt":{"rendered":"<p>Do site do MAB &#8211; Entre os dias 1 a 5 de outubro de 2017, o Rio de Janeiro receber\u00e1 o 8\u00ba Encontro Nacional do Movimento dos Atingidos por Barragens. Com o lema \u201c\u00c1gua e energia com soberania, distribui\u00e7\u00e3o da riqueza e controle popular\u201d, o evento reunir\u00e1 milhares de atingidos e atingidas por barragens de&#8230;<a class=\"more-link\" href=\"http:\/\/blogdalucianaoliveira.com.br\/blog\/2017\/09\/11\/mab-realizara-encontro-nacional-com-tema-agua-e-energia-com-soberania-distribuicao-da-riqueza-e-controle-popular\/\">Continue a leitura <span class=\"meta-nav\">&raquo;<\/span><\/a><\/p>\n","protected":false},"author":1,"featured_media":0,"comment_status":"closed","ping_status":"open","sticky":false,"template":"","format":"standard","meta":{"_exactmetrics_skip_tracking":false,"_exactmetrics_sitenote_active":false,"_exactmetrics_sitenote_note":"","_exactmetrics_sitenote_category":0,"jetpack_post_was_ever_published":false,"_jetpack_newsletter_access":"","_jetpack_dont_email_post_to_subs":false,"_jetpack_newsletter_tier_id":0,"_jetpack_memberships_contains_paywalled_content":false,"_jetpack_memberships_contains_paid_content":false,"footnotes":"","jetpack_publicize_message":"","jetpack_publicize_feature_enabled":true,"jetpack_social_post_already_shared":true,"jetpack_social_options":{"image_generator_settings":{"template":"highway","enabled":false},"version":2}},"categories":[1],"tags":[],"class_list":["post-13595","post","type-post","status-publish","format-standard","hentry","category-notas"],"jetpack_publicize_connections":[],"jetpack_sharing_enabled":true,"jetpack_featured_media_url":"","jetpack_shortlink":"https:\/\/wp.me\/p7wKYW-3xh","jetpack-related-posts":[],"_links":{"self":[{"href":"http:\/\/blogdalucianaoliveira.com.br\/blog\/wp-json\/wp\/v2\/posts\/13595","targetHints":{"allow":["GET"]}}],"collection":[{"href":"http:\/\/blogdalucianaoliveira.com.br\/blog\/wp-json\/wp\/v2\/posts"}],"about":[{"href":"http:\/\/blogdalucianaoliveira.com.br\/blog\/wp-json\/wp\/v2\/types\/post"}],"author":[{"embeddable":true,"href":"http:\/\/blogdalucianaoliveira.com.br\/blog\/wp-json\/wp\/v2\/users\/1"}],"replies":[{"embeddable":true,"href":"http:\/\/blogdalucianaoliveira.com.br\/blog\/wp-json\/wp\/v2\/comments?post=13595"}],"version-history":[{"count":1,"href":"http:\/\/blogdalucianaoliveira.com.br\/blog\/wp-json\/wp\/v2\/posts\/13595\/revisions"}],"predecessor-version":[{"id":13597,"href":"http:\/\/blogdalucianaoliveira.com.br\/blog\/wp-json\/wp\/v2\/posts\/13595\/revisions\/13597"}],"wp:attachment":[{"href":"http:\/\/blogdalucianaoliveira.com.br\/blog\/wp-json\/wp\/v2\/media?parent=13595"}],"wp:term":[{"taxonomy":"category","embeddable":true,"href":"http:\/\/blogdalucianaoliveira.com.br\/blog\/wp-json\/wp\/v2\/categories?post=13595"},{"taxonomy":"post_tag","embeddable":true,"href":"http:\/\/blogdalucianaoliveira.com.br\/blog\/wp-json\/wp\/v2\/tags?post=13595"}],"curies":[{"name":"wp","href":"https:\/\/api.w.org\/{rel}","templated":true}]}}