{"id":13598,"date":"2017-09-11T12:31:31","date_gmt":"2017-09-11T16:31:31","guid":{"rendered":"http:\/\/blogdalucianaoliveira.com.br\/blog\/?p=13598"},"modified":"2017-09-11T12:45:15","modified_gmt":"2017-09-11T16:45:15","slug":"o-que-dizer-de-temer-ter-orientado-joesley","status":"publish","type":"post","link":"http:\/\/blogdalucianaoliveira.com.br\/blog\/2017\/09\/11\/o-que-dizer-de-temer-ter-orientado-joesley\/","title":{"rendered":"O que dizer de Temer ter orientado Joesley?"},"content":{"rendered":"<p><img data-recalc-dims=\"1\" loading=\"lazy\" decoding=\"async\" data-attachment-id=\"13563\" data-permalink=\"http:\/\/blogdalucianaoliveira.com.br\/blog\/2017\/09\/10\/13562\/aud\/\" data-orig-file=\"https:\/\/i0.wp.com\/blogdalucianaoliveira.com.br\/blog\/wp-content\/uploads\/2017\/09\/aud.jpg?fit=1495%2C650\" data-orig-size=\"1495,650\" data-comments-opened=\"0\" data-image-meta=\"{&quot;aperture&quot;:&quot;0&quot;,&quot;credit&quot;:&quot;&quot;,&quot;camera&quot;:&quot;&quot;,&quot;caption&quot;:&quot;&quot;,&quot;created_timestamp&quot;:&quot;0&quot;,&quot;copyright&quot;:&quot;&quot;,&quot;focal_length&quot;:&quot;0&quot;,&quot;iso&quot;:&quot;0&quot;,&quot;shutter_speed&quot;:&quot;0&quot;,&quot;title&quot;:&quot;&quot;,&quot;orientation&quot;:&quot;0&quot;}\" data-image-title=\"aud\" data-image-description=\"\" data-image-caption=\"\" data-medium-file=\"https:\/\/i0.wp.com\/blogdalucianaoliveira.com.br\/blog\/wp-content\/uploads\/2017\/09\/aud.jpg?fit=300%2C130\" data-large-file=\"https:\/\/i0.wp.com\/blogdalucianaoliveira.com.br\/blog\/wp-content\/uploads\/2017\/09\/aud.jpg?fit=600%2C261\" src=\"https:\/\/i0.wp.com\/blogdalucianaoliveira.com.br\/blog\/wp-content\/uploads\/2017\/09\/aud.jpg?resize=600%2C261\" alt=\"aud\" width=\"600\" height=\"261\" class=\"alignnone size-full wp-image-13563\" srcset=\"https:\/\/i0.wp.com\/blogdalucianaoliveira.com.br\/blog\/wp-content\/uploads\/2017\/09\/aud.jpg?w=1495 1495w, https:\/\/i0.wp.com\/blogdalucianaoliveira.com.br\/blog\/wp-content\/uploads\/2017\/09\/aud.jpg?resize=300%2C130 300w, https:\/\/i0.wp.com\/blogdalucianaoliveira.com.br\/blog\/wp-content\/uploads\/2017\/09\/aud.jpg?resize=768%2C334 768w, https:\/\/i0.wp.com\/blogdalucianaoliveira.com.br\/blog\/wp-content\/uploads\/2017\/09\/aud.jpg?resize=1024%2C445 1024w, https:\/\/i0.wp.com\/blogdalucianaoliveira.com.br\/blog\/wp-content\/uploads\/2017\/09\/aud.jpg?resize=690%2C300 690w, https:\/\/i0.wp.com\/blogdalucianaoliveira.com.br\/blog\/wp-content\/uploads\/2017\/09\/aud.jpg?w=1200 1200w\" sizes=\"auto, (max-width: 600px) 100vw, 600px\" \/><\/p>\n<p>Joesley Batista e Ricardo Saud foram presos ap\u00f3s a divulga\u00e7\u00e3o de \u00e1udio em que sugerem que foram \u2018orientados\u2019 pelo ex-procurador da Rep\u00fablica, Marcelo Miller, sobre como conduzir o acordo de dela\u00e7\u00e3o premiada.<\/p>\n<p>&#8220;Por isso, \u00e9 que eu quero que n\u00f3s dois temos que estar 100% alinhado. N\u00f3s dois e o Marcelo, entendeu? \u00c9, mas n\u00f3s dois temos que operar o Marcelo direitinho pra chegar no Janot e p\u00e1. T\u00e3 t\u00e3 t\u00e3&#8221;, disse Joesley.<!--more--><\/p>\n<p>A pris\u00e3o de Marcelo foi pedida pelo procurador geral Rodrigo Janot, mas, apesar de considerar \u2018consistentes ind\u00edcios de explora\u00e7\u00e3o de prest\u00edgio\u2019, o ministro Edson Fachin negou o encarceramento.<\/p>\n<p>Na imprensa, redes sociais, entre aliados ao governo e oposi\u00e7\u00e3o, o assunto segue gerando pol\u00eamica.<\/p>\n<p>N\u00e3o bastasse isso, um dia antes da pris\u00e3o de Joesley e Saud, um site de extrema-direita divulgou encontro entre Rodrigo Janot e o advogado Pierpaolo Bottini, que trabalha para o grupo J&#038;F, num boteco de Bras\u00edlia, dividindo uma cerveja.<\/p>\n<p><img data-recalc-dims=\"1\" loading=\"lazy\" decoding=\"async\" data-attachment-id=\"13569\" data-permalink=\"http:\/\/blogdalucianaoliveira.com.br\/blog\/2017\/09\/10\/ne-28\/janot-bottini\/\" data-orig-file=\"https:\/\/i0.wp.com\/blogdalucianaoliveira.com.br\/blog\/wp-content\/uploads\/2017\/09\/janot-bottini.jpg?fit=1000%2C750\" data-orig-size=\"1000,750\" data-comments-opened=\"0\" data-image-meta=\"{&quot;aperture&quot;:&quot;0&quot;,&quot;credit&quot;:&quot;&quot;,&quot;camera&quot;:&quot;&quot;,&quot;caption&quot;:&quot;&quot;,&quot;created_timestamp&quot;:&quot;0&quot;,&quot;copyright&quot;:&quot;&quot;,&quot;focal_length&quot;:&quot;0&quot;,&quot;iso&quot;:&quot;0&quot;,&quot;shutter_speed&quot;:&quot;0&quot;,&quot;title&quot;:&quot;&quot;,&quot;orientation&quot;:&quot;0&quot;}\" data-image-title=\"janot-bottini\" data-image-description=\"\" data-image-caption=\"\" data-medium-file=\"https:\/\/i0.wp.com\/blogdalucianaoliveira.com.br\/blog\/wp-content\/uploads\/2017\/09\/janot-bottini.jpg?fit=300%2C225\" data-large-file=\"https:\/\/i0.wp.com\/blogdalucianaoliveira.com.br\/blog\/wp-content\/uploads\/2017\/09\/janot-bottini.jpg?fit=600%2C450\" src=\"https:\/\/i0.wp.com\/blogdalucianaoliveira.com.br\/blog\/wp-content\/uploads\/2017\/09\/janot-bottini.jpg?resize=600%2C450\" alt=\"janot-bottini\" width=\"600\" height=\"450\" class=\"alignnone size-full wp-image-13569\" srcset=\"https:\/\/i0.wp.com\/blogdalucianaoliveira.com.br\/blog\/wp-content\/uploads\/2017\/09\/janot-bottini.jpg?w=1000 1000w, https:\/\/i0.wp.com\/blogdalucianaoliveira.com.br\/blog\/wp-content\/uploads\/2017\/09\/janot-bottini.jpg?resize=300%2C225 300w, https:\/\/i0.wp.com\/blogdalucianaoliveira.com.br\/blog\/wp-content\/uploads\/2017\/09\/janot-bottini.jpg?resize=768%2C576 768w, https:\/\/i0.wp.com\/blogdalucianaoliveira.com.br\/blog\/wp-content\/uploads\/2017\/09\/janot-bottini.jpg?resize=400%2C300 400w\" sizes=\"auto, (max-width: 600px) 100vw, 600px\" \/><\/p>\n<p>De novo, o espanto coletivo, o bombardeiro virtual entre guerrilhas partid\u00e1rias e r\u00e1bulas.  <\/p>\n<p>A sociedade brasileira foi aos extremos quanto ao conceito de \u00e9tica em apenas tr\u00eas anos, mudando conforme a conveni\u00eancia, o que nos obriga a refletir sobre como\u00e7\u00e3o popular a cada novo esc\u00e2ndalo.<\/p>\n<p>Encontro indecente e di\u00e1logos que revelam planos de obstru\u00e7\u00e3o de justi\u00e7a n\u00e3o derrubaram Temer.<\/p>\n<p>O encontro \u2018casual\u2019 de Janot com um advogado do Joesley num bar n\u00e3o deveria chocar tanto quanto o do presidente Temer com Joesley, na calada da noite, fora da agenda?<\/p>\n<p>\u201cSempre pela garagem, viu?\u201d, orientou Temer ao empres\u00e1rio.<\/p>\n<p>E o que dizer do trecho em que Temer orienta Joesley a manter a compra do sil\u00eancio de Eduardo Cunha?<\/p>\n<p><img data-recalc-dims=\"1\" loading=\"lazy\" decoding=\"async\" data-attachment-id=\"13599\" data-permalink=\"http:\/\/blogdalucianaoliveira.com.br\/blog\/2017\/09\/11\/o-que-dizer-de-temer-ter-orientado-joesley\/trecho-inaudivel2\/\" data-orig-file=\"https:\/\/i0.wp.com\/blogdalucianaoliveira.com.br\/blog\/wp-content\/uploads\/2017\/09\/trecho-inaudivel2.jpg?fit=1000%2C564\" data-orig-size=\"1000,564\" data-comments-opened=\"0\" data-image-meta=\"{&quot;aperture&quot;:&quot;0&quot;,&quot;credit&quot;:&quot;&quot;,&quot;camera&quot;:&quot;&quot;,&quot;caption&quot;:&quot;&quot;,&quot;created_timestamp&quot;:&quot;0&quot;,&quot;copyright&quot;:&quot;&quot;,&quot;focal_length&quot;:&quot;0&quot;,&quot;iso&quot;:&quot;0&quot;,&quot;shutter_speed&quot;:&quot;0&quot;,&quot;title&quot;:&quot;&quot;,&quot;orientation&quot;:&quot;0&quot;}\" data-image-title=\"trecho-inaudivel2\" data-image-description=\"\" data-image-caption=\"\" data-medium-file=\"https:\/\/i0.wp.com\/blogdalucianaoliveira.com.br\/blog\/wp-content\/uploads\/2017\/09\/trecho-inaudivel2.jpg?fit=300%2C169\" data-large-file=\"https:\/\/i0.wp.com\/blogdalucianaoliveira.com.br\/blog\/wp-content\/uploads\/2017\/09\/trecho-inaudivel2.jpg?fit=600%2C338\" src=\"https:\/\/i0.wp.com\/blogdalucianaoliveira.com.br\/blog\/wp-content\/uploads\/2017\/09\/trecho-inaudivel2.jpg?resize=600%2C338\" alt=\"trecho-inaudivel2\" width=\"600\" height=\"338\" class=\"alignnone size-full wp-image-13599\" srcset=\"https:\/\/i0.wp.com\/blogdalucianaoliveira.com.br\/blog\/wp-content\/uploads\/2017\/09\/trecho-inaudivel2.jpg?w=1000 1000w, https:\/\/i0.wp.com\/blogdalucianaoliveira.com.br\/blog\/wp-content\/uploads\/2017\/09\/trecho-inaudivel2.jpg?resize=300%2C169 300w, https:\/\/i0.wp.com\/blogdalucianaoliveira.com.br\/blog\/wp-content\/uploads\/2017\/09\/trecho-inaudivel2.jpg?resize=768%2C433 768w, https:\/\/i0.wp.com\/blogdalucianaoliveira.com.br\/blog\/wp-content\/uploads\/2017\/09\/trecho-inaudivel2.jpg?resize=532%2C300 532w\" sizes=\"auto, (max-width: 600px) 100vw, 600px\" \/><\/p>\n<p>No \u00e1udio periciado pela Pol\u00edcia Federal, Joesley diz ao presidente: \u201cEnt\u00e3o eu consegui um procurador dentro da for\u00e7a tarefa que tamb\u00e9m t\u00e1 me dando informa\u00e7\u00e3o. E l\u00e1 que eu estou para dar conta de trocar o procurador.\u201d <\/p>\n<p>Temer se omitiu diante da flagrante confiss\u00e3o de obstru\u00e7\u00e3o de justi\u00e7a. Pior, disse pra manter.<\/p>\n<p>Mais grave e chocante que saber que o ex-procurador pode ter orientado Joesley, \u00e9 ter ouvido Temer o orientar.<\/p>\n<p>Por que n\u00e3o houve press\u00e3o popular suficiente para for\u00e7ar a C\u00e2mara a aprovar a den\u00fancia contra Temer? Por que n\u00e3o h\u00e1 na imin\u00eancia de nova den\u00fancia?<\/p>\n<p>At\u00e9 o senador tucano A\u00e9cio Neves orientou Joesley.<\/p>\n<p>A\u00e9cio: Tem que ser um que a gente mata ele antes dele fazer dela\u00e7\u00e3o [risos]<br \/>\nJoesley: [Risos] Eu e voc\u00ea. Pronto.. ou o Fred e um cara desses&#8230; pronto.<br \/>\nA\u00e9cio: Vamos combinar o Fred com um cara desse. Porque ele sai de l\u00e1 e vai no cara. Isso vai me dar uma ajuda do c [&#8230;]. N\u00e3o tenho dinheiro pra pagar nada. Sabe porque eu tenho que segurar esse advogado? Queria indicar o Toron pra ele. A melhor imagem \u00e9 a do meu av\u00f4, com a avalia\u00e7\u00e3o l\u00e1 de 600 pra segurar o cara. Porque n\u00e3o tem mais, n\u00e3o tem ningu\u00e9m que ajuda.<\/p>\n<p>Ent\u00e3o&#8230;<\/p>\n<p>Essa pandemia de hipocrisia com a passividade como efeito colateral nos levou \u00e0 lamban\u00e7a na Opera\u00e7\u00e3o Lava Jato e \u00e0 perda de confian\u00e7a nas institui\u00e7\u00f5es.<\/p>\n<p>Tanto foi questionado sobre os limites legais ultrapassados com o instituto da dela\u00e7\u00e3o, sobre pris\u00e3o como regra e n\u00e3o exce\u00e7\u00e3o, sobre tornar p\u00fablicos depoimentos de investigados pra manipular o senso comum.<\/p>\n<p>R\u00e1bulas virtuais venceram argumentos de juristas renomados.<\/p>\n<p>O que Moro chamou de &#8220;aplica\u00e7\u00e3o ortodoxa da lei processual penal\u201d com pris\u00f5es preventivas imp\u00f4s uma lamban\u00e7a na opera\u00e7\u00e3o Lava Jato.<\/p>\n<p>Os pr\u00f3ximos cap\u00edtulos desse esc\u00e2ndalo monumental de corrup\u00e7\u00e3o v\u00e3o confundir mais ainda, pois a seguran\u00e7a jur\u00eddica DesMOROnou.<\/p>\n","protected":false},"excerpt":{"rendered":"<p>Joesley Batista e Ricardo Saud foram presos ap\u00f3s a divulga\u00e7\u00e3o de \u00e1udio em que sugerem que foram \u2018orientados\u2019 pelo ex-procurador da Rep\u00fablica, Marcelo Miller, sobre como conduzir o acordo de dela\u00e7\u00e3o premiada. &#8220;Por isso, \u00e9 que eu quero que n\u00f3s dois temos que estar 100% alinhado. N\u00f3s dois e o Marcelo, entendeu? \u00c9, mas n\u00f3s&#8230;<a class=\"more-link\" href=\"http:\/\/blogdalucianaoliveira.com.br\/blog\/2017\/09\/11\/o-que-dizer-de-temer-ter-orientado-joesley\/\">Continue a leitura <span class=\"meta-nav\">&raquo;<\/span><\/a><\/p>\n","protected":false},"author":1,"featured_media":0,"comment_status":"closed","ping_status":"open","sticky":false,"template":"","format":"standard","meta":{"_exactmetrics_skip_tracking":false,"_exactmetrics_sitenote_active":false,"_exactmetrics_sitenote_note":"","_exactmetrics_sitenote_category":0,"jetpack_post_was_ever_published":false,"_jetpack_newsletter_access":"","_jetpack_dont_email_post_to_subs":false,"_jetpack_newsletter_tier_id":0,"_jetpack_memberships_contains_paywalled_content":false,"_jetpack_memberships_contains_paid_content":false,"footnotes":"","jetpack_publicize_message":"","jetpack_publicize_feature_enabled":true,"jetpack_social_post_already_shared":true,"jetpack_social_options":{"image_generator_settings":{"template":"highway","enabled":false},"version":2}},"categories":[1],"tags":[21,299,115,339,45],"class_list":["post-13598","post","type-post","status-publish","format-standard","hentry","category-notas","tag-corrupcao","tag-joesley","tag-moro","tag-obstrucao-de-justica","tag-temer"],"jetpack_publicize_connections":[],"jetpack_sharing_enabled":true,"jetpack_featured_media_url":"","jetpack_shortlink":"https:\/\/wp.me\/p7wKYW-3xk","jetpack-related-posts":[],"_links":{"self":[{"href":"http:\/\/blogdalucianaoliveira.com.br\/blog\/wp-json\/wp\/v2\/posts\/13598","targetHints":{"allow":["GET"]}}],"collection":[{"href":"http:\/\/blogdalucianaoliveira.com.br\/blog\/wp-json\/wp\/v2\/posts"}],"about":[{"href":"http:\/\/blogdalucianaoliveira.com.br\/blog\/wp-json\/wp\/v2\/types\/post"}],"author":[{"embeddable":true,"href":"http:\/\/blogdalucianaoliveira.com.br\/blog\/wp-json\/wp\/v2\/users\/1"}],"replies":[{"embeddable":true,"href":"http:\/\/blogdalucianaoliveira.com.br\/blog\/wp-json\/wp\/v2\/comments?post=13598"}],"version-history":[{"count":5,"href":"http:\/\/blogdalucianaoliveira.com.br\/blog\/wp-json\/wp\/v2\/posts\/13598\/revisions"}],"predecessor-version":[{"id":13604,"href":"http:\/\/blogdalucianaoliveira.com.br\/blog\/wp-json\/wp\/v2\/posts\/13598\/revisions\/13604"}],"wp:attachment":[{"href":"http:\/\/blogdalucianaoliveira.com.br\/blog\/wp-json\/wp\/v2\/media?parent=13598"}],"wp:term":[{"taxonomy":"category","embeddable":true,"href":"http:\/\/blogdalucianaoliveira.com.br\/blog\/wp-json\/wp\/v2\/categories?post=13598"},{"taxonomy":"post_tag","embeddable":true,"href":"http:\/\/blogdalucianaoliveira.com.br\/blog\/wp-json\/wp\/v2\/tags?post=13598"}],"curies":[{"name":"wp","href":"https:\/\/api.w.org\/{rel}","templated":true}]}}