{"id":13618,"date":"2017-09-11T17:21:17","date_gmt":"2017-09-11T21:21:17","guid":{"rendered":"http:\/\/blogdalucianaoliveira.com.br\/blog\/?p=13618"},"modified":"2017-09-11T17:21:17","modified_gmt":"2017-09-11T21:21:17","slug":"procuradoria-da-republica-descarta-qualquer-questionamento-sobre-eleicao-e-posse-de-reitor-da-unir","status":"publish","type":"post","link":"http:\/\/blogdalucianaoliveira.com.br\/blog\/2017\/09\/11\/procuradoria-da-republica-descarta-qualquer-questionamento-sobre-eleicao-e-posse-de-reitor-da-unir\/","title":{"rendered":"Procuradoria da Rep\u00fablica descarta qualquer questionamento sobre elei\u00e7\u00e3o e posse de reitor da UNIR"},"content":{"rendered":"<p><img data-recalc-dims=\"1\" loading=\"lazy\" decoding=\"async\" data-attachment-id=\"13619\" data-permalink=\"http:\/\/blogdalucianaoliveira.com.br\/blog\/2017\/09\/11\/procuradoria-da-republica-descarta-qualquer-questionamento-sobre-eleicao-e-posse-de-reitor-da-unir\/img_4882\/\" data-orig-file=\"https:\/\/i0.wp.com\/blogdalucianaoliveira.com.br\/blog\/wp-content\/uploads\/2017\/09\/IMG_4882.jpg?fit=1600%2C1066\" data-orig-size=\"1600,1066\" data-comments-opened=\"0\" data-image-meta=\"{&quot;aperture&quot;:&quot;0&quot;,&quot;credit&quot;:&quot;&quot;,&quot;camera&quot;:&quot;&quot;,&quot;caption&quot;:&quot;&quot;,&quot;created_timestamp&quot;:&quot;0&quot;,&quot;copyright&quot;:&quot;&quot;,&quot;focal_length&quot;:&quot;0&quot;,&quot;iso&quot;:&quot;0&quot;,&quot;shutter_speed&quot;:&quot;0&quot;,&quot;title&quot;:&quot;&quot;,&quot;orientation&quot;:&quot;0&quot;}\" data-image-title=\"IMG_4882\" data-image-description=\"\" data-image-caption=\"\" data-medium-file=\"https:\/\/i0.wp.com\/blogdalucianaoliveira.com.br\/blog\/wp-content\/uploads\/2017\/09\/IMG_4882.jpg?fit=300%2C200\" data-large-file=\"https:\/\/i0.wp.com\/blogdalucianaoliveira.com.br\/blog\/wp-content\/uploads\/2017\/09\/IMG_4882.jpg?fit=600%2C400\" src=\"https:\/\/i0.wp.com\/blogdalucianaoliveira.com.br\/blog\/wp-content\/uploads\/2017\/09\/IMG_4882.jpg?resize=600%2C400\" alt=\"IMG_4882\" width=\"600\" height=\"400\" class=\"alignnone size-full wp-image-13619\" srcset=\"https:\/\/i0.wp.com\/blogdalucianaoliveira.com.br\/blog\/wp-content\/uploads\/2017\/09\/IMG_4882.jpg?w=1600 1600w, https:\/\/i0.wp.com\/blogdalucianaoliveira.com.br\/blog\/wp-content\/uploads\/2017\/09\/IMG_4882.jpg?resize=300%2C200 300w, https:\/\/i0.wp.com\/blogdalucianaoliveira.com.br\/blog\/wp-content\/uploads\/2017\/09\/IMG_4882.jpg?resize=768%2C512 768w, https:\/\/i0.wp.com\/blogdalucianaoliveira.com.br\/blog\/wp-content\/uploads\/2017\/09\/IMG_4882.jpg?resize=1024%2C682 1024w, https:\/\/i0.wp.com\/blogdalucianaoliveira.com.br\/blog\/wp-content\/uploads\/2017\/09\/IMG_4882.jpg?resize=450%2C300 450w, https:\/\/i0.wp.com\/blogdalucianaoliveira.com.br\/blog\/wp-content\/uploads\/2017\/09\/IMG_4882.jpg?w=1200 1200w\" sizes=\"auto, (max-width: 600px) 100vw, 600px\" \/><\/p>\n<p>   A Procuradoria da Rep\u00fablica em Rond\u00f4nia, afirmando que n\u00e3o se vislumbram elementos que ensejem a ado\u00e7\u00e3o de qualquer atua\u00e7\u00e3o judicial ou extrajudicial do Minist\u00e9rio P\u00fablico Federal em face do processo de elei\u00e7\u00e3o e posse do reitor da Universidade Federal de Rond\u00f4nia (UNIR), Ari Ott, determinou o arquivamento de um pedido encaminhando ao \u00f3rg\u00e3o por um cidad\u00e3o. <!--more--><\/p>\n<p>A decis\u00e3o foi tomada no dia 31 de janeiro deste ano pelo procurador da Rep\u00fablica Raphael Luis Pereira Bevilaqua, por\u00e9m foi dada ci\u00eancia \u00e0 Reitoria somente no dia 8 deste m\u00eas.<br \/>\n   Segundo o procurador n\u00e3o cabe a confec\u00e7\u00e3o nem de uma recomenda\u00e7\u00e3o, nem de um termo de ajustamento de conduta, nem tampouco de uma a\u00e7\u00e3o civil p\u00fablica, sendo o arquivamento dos autos \u201ca medida adequada\u201d.<br \/>\n   Recentemente, o reitor da UNIR j\u00e1 havia publicado uma nota manifestando-se sobre a desinforma\u00e7\u00e3o que vinha sendo plantada por meio de panfletagem eletr\u00f4nica nas redes sociais, visando desestabilizar as rela\u00e7\u00f5es no \u00e2mbito interno da Universidade, as quais se tornaram mais intensas exatamente no momento em que Institui\u00e7\u00e3o veio despontar em rankings nacionais em face da qualidade de seus trabalhos.<br \/>\n   De acordo com a an\u00e1lise feita pelo Minist\u00e9rio P\u00fablico, todos os procedimentos referentes \u00e0 consulta \u00e0 comunidade acad\u00eamica, elei\u00e7\u00e3o de lista tr\u00edplice pelo Conselho Superior Universit\u00e1rio (CONSUN), nomea\u00e7\u00e3o pela Presid\u00eancia da Rep\u00fablica e posse do atual reitor junto ao Minist\u00e9rio da Educa\u00e7\u00e3o ocorreram em perfeita observ\u00e2ncia aos ditames regimentais e legais. O posicionamento oficial da Procuradoria da Rep\u00fablica veio atestar a absoluta falta de fundamento nos questionamentos apresentados, descartando qualquer possibilidade de impugna\u00e7\u00e3o tanto na esfera judicial, como na extrajudicial.<\/p>\n<p>Fonte: UNIR<\/p>\n","protected":false},"excerpt":{"rendered":"<p>A Procuradoria da Rep\u00fablica em Rond\u00f4nia, afirmando que n\u00e3o se vislumbram elementos que ensejem a ado\u00e7\u00e3o de qualquer atua\u00e7\u00e3o judicial ou extrajudicial do Minist\u00e9rio P\u00fablico Federal em face do processo de elei\u00e7\u00e3o e posse do reitor da Universidade Federal de Rond\u00f4nia (UNIR), Ari Ott, determinou o arquivamento de um pedido encaminhando ao \u00f3rg\u00e3o por um&#8230;<a class=\"more-link\" href=\"http:\/\/blogdalucianaoliveira.com.br\/blog\/2017\/09\/11\/procuradoria-da-republica-descarta-qualquer-questionamento-sobre-eleicao-e-posse-de-reitor-da-unir\/\">Continue a leitura <span class=\"meta-nav\">&raquo;<\/span><\/a><\/p>\n","protected":false},"author":1,"featured_media":0,"comment_status":"closed","ping_status":"open","sticky":false,"template":"","format":"standard","meta":{"_exactmetrics_skip_tracking":false,"_exactmetrics_sitenote_active":false,"_exactmetrics_sitenote_note":"","_exactmetrics_sitenote_category":0,"jetpack_post_was_ever_published":false,"_jetpack_newsletter_access":"","_jetpack_dont_email_post_to_subs":false,"_jetpack_newsletter_tier_id":0,"_jetpack_memberships_contains_paywalled_content":false,"_jetpack_memberships_contains_paid_content":false,"footnotes":"","jetpack_publicize_message":"","jetpack_publicize_feature_enabled":true,"jetpack_social_post_already_shared":true,"jetpack_social_options":{"image_generator_settings":{"template":"highway","enabled":false},"version":2}},"categories":[1],"tags":[],"class_list":["post-13618","post","type-post","status-publish","format-standard","hentry","category-notas"],"jetpack_publicize_connections":[],"jetpack_sharing_enabled":true,"jetpack_featured_media_url":"","jetpack_shortlink":"https:\/\/wp.me\/p7wKYW-3xE","jetpack-related-posts":[],"_links":{"self":[{"href":"http:\/\/blogdalucianaoliveira.com.br\/blog\/wp-json\/wp\/v2\/posts\/13618","targetHints":{"allow":["GET"]}}],"collection":[{"href":"http:\/\/blogdalucianaoliveira.com.br\/blog\/wp-json\/wp\/v2\/posts"}],"about":[{"href":"http:\/\/blogdalucianaoliveira.com.br\/blog\/wp-json\/wp\/v2\/types\/post"}],"author":[{"embeddable":true,"href":"http:\/\/blogdalucianaoliveira.com.br\/blog\/wp-json\/wp\/v2\/users\/1"}],"replies":[{"embeddable":true,"href":"http:\/\/blogdalucianaoliveira.com.br\/blog\/wp-json\/wp\/v2\/comments?post=13618"}],"version-history":[{"count":1,"href":"http:\/\/blogdalucianaoliveira.com.br\/blog\/wp-json\/wp\/v2\/posts\/13618\/revisions"}],"predecessor-version":[{"id":13620,"href":"http:\/\/blogdalucianaoliveira.com.br\/blog\/wp-json\/wp\/v2\/posts\/13618\/revisions\/13620"}],"wp:attachment":[{"href":"http:\/\/blogdalucianaoliveira.com.br\/blog\/wp-json\/wp\/v2\/media?parent=13618"}],"wp:term":[{"taxonomy":"category","embeddable":true,"href":"http:\/\/blogdalucianaoliveira.com.br\/blog\/wp-json\/wp\/v2\/categories?post=13618"},{"taxonomy":"post_tag","embeddable":true,"href":"http:\/\/blogdalucianaoliveira.com.br\/blog\/wp-json\/wp\/v2\/tags?post=13618"}],"curies":[{"name":"wp","href":"https:\/\/api.w.org\/{rel}","templated":true}]}}