{"id":1362,"date":"2016-05-31T11:47:47","date_gmt":"2016-05-31T15:47:47","guid":{"rendered":"http:\/\/blogdalucianaoliveira.com.br\/blog\/?p=1362"},"modified":"2016-05-31T11:57:33","modified_gmt":"2016-05-31T15:57:33","slug":"vilhena-nao-se-liberta-do-cabresto-do-cla-donadon-a-revolta-contra-a-corrupcao-e-seletiva","status":"publish","type":"post","link":"http:\/\/blogdalucianaoliveira.com.br\/blog\/2016\/05\/31\/vilhena-nao-se-liberta-do-cabresto-do-cla-donadon-a-revolta-contra-a-corrupcao-e-seletiva\/","title":{"rendered":"Vilhena n\u00e3o se liberta do cabresto do cl\u00e3 Donadon. A revolta contra a corrup\u00e7\u00e3o \u00e9 seletiva"},"content":{"rendered":"<p><img data-recalc-dims=\"1\" loading=\"lazy\" decoding=\"async\" data-attachment-id=\"1363\" data-permalink=\"http:\/\/blogdalucianaoliveira.com.br\/blog\/2016\/05\/31\/vilhena-nao-se-liberta-do-cabresto-do-cla-donadon-a-revolta-contra-a-corrupcao-e-seletiva\/vvilhena\/\" data-orig-file=\"https:\/\/i0.wp.com\/blogdalucianaoliveira.com.br\/blog\/wp-content\/uploads\/2016\/05\/vvilhena.jpg?fit=620%2C465\" data-orig-size=\"620,465\" data-comments-opened=\"0\" data-image-meta=\"{&quot;aperture&quot;:&quot;0&quot;,&quot;credit&quot;:&quot;&quot;,&quot;camera&quot;:&quot;&quot;,&quot;caption&quot;:&quot;&quot;,&quot;created_timestamp&quot;:&quot;0&quot;,&quot;copyright&quot;:&quot;&quot;,&quot;focal_length&quot;:&quot;0&quot;,&quot;iso&quot;:&quot;0&quot;,&quot;shutter_speed&quot;:&quot;0&quot;,&quot;title&quot;:&quot;&quot;,&quot;orientation&quot;:&quot;0&quot;}\" data-image-title=\"vvilhena\" data-image-description=\"\" data-image-caption=\"\" data-medium-file=\"https:\/\/i0.wp.com\/blogdalucianaoliveira.com.br\/blog\/wp-content\/uploads\/2016\/05\/vvilhena.jpg?fit=300%2C225\" data-large-file=\"https:\/\/i0.wp.com\/blogdalucianaoliveira.com.br\/blog\/wp-content\/uploads\/2016\/05\/vvilhena.jpg?fit=600%2C450\" src=\"https:\/\/i0.wp.com\/blogdalucianaoliveira.com.br\/blog\/wp-content\/uploads\/2016\/05\/vvilhena.jpg?resize=600%2C450\" alt=\"vvilhena\" width=\"600\" height=\"450\" class=\"alignnone size-full wp-image-1363\" srcset=\"https:\/\/i0.wp.com\/blogdalucianaoliveira.com.br\/blog\/wp-content\/uploads\/2016\/05\/vvilhena.jpg?w=620 620w, https:\/\/i0.wp.com\/blogdalucianaoliveira.com.br\/blog\/wp-content\/uploads\/2016\/05\/vvilhena.jpg?resize=300%2C225 300w, https:\/\/i0.wp.com\/blogdalucianaoliveira.com.br\/blog\/wp-content\/uploads\/2016\/05\/vvilhena.jpg?resize=400%2C300 400w\" sizes=\"auto, (max-width: 600px) 100vw, 600px\" \/><\/p>\n<p>A poss\u00edvel libera\u00e7\u00e3o da candidatura da ex primeira-dama de Vilhena, Rosani Donadon (PMDB), est\u00e1 servindo para mostrar que alguns moradores da cidade usam crit\u00e9rios bem peculiares para lidar com casos de corrup\u00e7\u00e3o.<br \/>\nNos coment\u00e1rios postados em sites que deram a informa\u00e7\u00e3o, chovem pessoas prometendo o voto \u00e0 madame. Ironia: em boa parte dos casos, os manifestantes s\u00e3o os mesmos que, at\u00e9 pouco tempo atr\u00e1s, viviam de ca\u00e7arola em punho, bradando contra \u201ctudo isso que a\u00ed est\u00e1\u201d.<!--more--><\/p>\n<p>A repeti\u00e7\u00e3o pat\u00e9tica das atitudes do MBL e do REVOLTADOS ON LINE em pleno cerrado levaram \u00e0s ruas de Vilhena, inclusive, criaturas que, hoje, est\u00e3o tentando escapar de investiga\u00e7\u00f5es da Pol\u00edcia Federal. Antes, eram contra a corrup\u00e7\u00e3o; atualmente, buscam desesperadamente esconder a que praticaram&#8230;<br \/>\nCaso algu\u00e9m ainda n\u00e3o saiba quem \u00e9 Rosani, a\u00ed vai, mas engula um Dramin pra ler: o marido dela n\u00e3o pode concorrer porque \u00e9 \u201cficha suja\u201d, um cunhado est\u00e1 preso e o outro, foragido&#8230;<br \/>\nComo pastores evang\u00e9licos tamb\u00e9m s\u00e3o os maiores entusiastas da volta dos Donadon ao poder, s\u00f3 h\u00e1 uma coisa a dizer: \u00f4, fam\u00edlia aben\u00e7oada!<\/p>\n","protected":false},"excerpt":{"rendered":"<p>A poss\u00edvel libera\u00e7\u00e3o da candidatura da ex primeira-dama de Vilhena, Rosani Donadon (PMDB), est\u00e1 servindo para mostrar que alguns moradores da cidade usam crit\u00e9rios bem peculiares para lidar com casos de corrup\u00e7\u00e3o. Nos coment\u00e1rios postados em sites que deram a informa\u00e7\u00e3o, chovem pessoas prometendo o voto \u00e0 madame. Ironia: em boa parte dos casos, os&#8230;<a class=\"more-link\" href=\"http:\/\/blogdalucianaoliveira.com.br\/blog\/2016\/05\/31\/vilhena-nao-se-liberta-do-cabresto-do-cla-donadon-a-revolta-contra-a-corrupcao-e-seletiva\/\">Continue a leitura <span class=\"meta-nav\">&raquo;<\/span><\/a><\/p>\n","protected":false},"author":1,"featured_media":0,"comment_status":"closed","ping_status":"open","sticky":false,"template":"","format":"standard","meta":{"_exactmetrics_skip_tracking":false,"_exactmetrics_sitenote_active":false,"_exactmetrics_sitenote_note":"","_exactmetrics_sitenote_category":0,"jetpack_post_was_ever_published":false,"_jetpack_newsletter_access":"","_jetpack_dont_email_post_to_subs":false,"_jetpack_newsletter_tier_id":0,"_jetpack_memberships_contains_paywalled_content":false,"_jetpack_memberships_contains_paid_content":false,"footnotes":"","jetpack_publicize_message":"","jetpack_publicize_feature_enabled":true,"jetpack_social_post_already_shared":true,"jetpack_social_options":{"image_generator_settings":{"template":"highway","enabled":false},"version":2}},"categories":[1],"tags":[21,92,41],"class_list":["post-1362","post","type-post","status-publish","format-standard","hentry","category-notas","tag-corrupcao","tag-donadon","tag-vilhena"],"jetpack_publicize_connections":[],"jetpack_sharing_enabled":true,"jetpack_featured_media_url":"","jetpack_shortlink":"https:\/\/wp.me\/p7wKYW-lY","jetpack-related-posts":[],"_links":{"self":[{"href":"http:\/\/blogdalucianaoliveira.com.br\/blog\/wp-json\/wp\/v2\/posts\/1362","targetHints":{"allow":["GET"]}}],"collection":[{"href":"http:\/\/blogdalucianaoliveira.com.br\/blog\/wp-json\/wp\/v2\/posts"}],"about":[{"href":"http:\/\/blogdalucianaoliveira.com.br\/blog\/wp-json\/wp\/v2\/types\/post"}],"author":[{"embeddable":true,"href":"http:\/\/blogdalucianaoliveira.com.br\/blog\/wp-json\/wp\/v2\/users\/1"}],"replies":[{"embeddable":true,"href":"http:\/\/blogdalucianaoliveira.com.br\/blog\/wp-json\/wp\/v2\/comments?post=1362"}],"version-history":[{"count":1,"href":"http:\/\/blogdalucianaoliveira.com.br\/blog\/wp-json\/wp\/v2\/posts\/1362\/revisions"}],"predecessor-version":[{"id":1364,"href":"http:\/\/blogdalucianaoliveira.com.br\/blog\/wp-json\/wp\/v2\/posts\/1362\/revisions\/1364"}],"wp:attachment":[{"href":"http:\/\/blogdalucianaoliveira.com.br\/blog\/wp-json\/wp\/v2\/media?parent=1362"}],"wp:term":[{"taxonomy":"category","embeddable":true,"href":"http:\/\/blogdalucianaoliveira.com.br\/blog\/wp-json\/wp\/v2\/categories?post=1362"},{"taxonomy":"post_tag","embeddable":true,"href":"http:\/\/blogdalucianaoliveira.com.br\/blog\/wp-json\/wp\/v2\/tags?post=1362"}],"curies":[{"name":"wp","href":"https:\/\/api.w.org\/{rel}","templated":true}]}}