{"id":13625,"date":"2017-09-12T14:19:00","date_gmt":"2017-09-12T18:19:00","guid":{"rendered":"http:\/\/blogdalucianaoliveira.com.br\/blog\/?p=13625"},"modified":"2017-09-12T14:19:00","modified_gmt":"2017-09-12T18:19:00","slug":"zeze-di-camargo-defende-a-volta-da-ditadura-militar","status":"publish","type":"post","link":"http:\/\/blogdalucianaoliveira.com.br\/blog\/2017\/09\/12\/zeze-di-camargo-defende-a-volta-da-ditadura-militar\/","title":{"rendered":"ZEZ\u00c9 DI CAMARGO DEFENDE A VOLTA DA DITADURA MILITAR"},"content":{"rendered":"<p><img data-recalc-dims=\"1\" loading=\"lazy\" decoding=\"async\" data-attachment-id=\"13626\" data-permalink=\"http:\/\/blogdalucianaoliveira.com.br\/blog\/2017\/09\/12\/zeze-di-camargo-defende-a-volta-da-ditadura-militar\/img_4897\/\" data-orig-file=\"https:\/\/i0.wp.com\/blogdalucianaoliveira.com.br\/blog\/wp-content\/uploads\/2017\/09\/IMG_4897.jpg?fit=480%2C240\" data-orig-size=\"480,240\" data-comments-opened=\"0\" data-image-meta=\"{&quot;aperture&quot;:&quot;0&quot;,&quot;credit&quot;:&quot;&quot;,&quot;camera&quot;:&quot;&quot;,&quot;caption&quot;:&quot;&quot;,&quot;created_timestamp&quot;:&quot;0&quot;,&quot;copyright&quot;:&quot;&quot;,&quot;focal_length&quot;:&quot;0&quot;,&quot;iso&quot;:&quot;0&quot;,&quot;shutter_speed&quot;:&quot;0&quot;,&quot;title&quot;:&quot;&quot;,&quot;orientation&quot;:&quot;0&quot;}\" data-image-title=\"IMG_4897\" data-image-description=\"\" data-image-caption=\"\" data-medium-file=\"https:\/\/i0.wp.com\/blogdalucianaoliveira.com.br\/blog\/wp-content\/uploads\/2017\/09\/IMG_4897.jpg?fit=300%2C150\" data-large-file=\"https:\/\/i0.wp.com\/blogdalucianaoliveira.com.br\/blog\/wp-content\/uploads\/2017\/09\/IMG_4897.jpg?fit=480%2C240\" src=\"https:\/\/i0.wp.com\/blogdalucianaoliveira.com.br\/blog\/wp-content\/uploads\/2017\/09\/IMG_4897.jpg?resize=480%2C240\" alt=\"IMG_4897\" width=\"480\" height=\"240\" class=\"alignnone size-full wp-image-13626\" srcset=\"https:\/\/i0.wp.com\/blogdalucianaoliveira.com.br\/blog\/wp-content\/uploads\/2017\/09\/IMG_4897.jpg?w=480 480w, https:\/\/i0.wp.com\/blogdalucianaoliveira.com.br\/blog\/wp-content\/uploads\/2017\/09\/IMG_4897.jpg?resize=300%2C150 300w\" sizes=\"auto, (max-width: 480px) 100vw, 480px\" \/><\/p>\n<p>247 \u2013 Numa entrevista \u00e0 jornalista Leda Nagle, o sertanejo Zez\u00e9 di Camargo defendeu a volta dos militares ao poder, mesmo depois de ser alertado sobre as mortes, torturas e desaparecimentos pol\u00edticos. <!--more--><\/p>\n<p>&#8220;Eu vou falar um absurdo aqui para voc\u00ea, v\u00e3o me criticar, jornalistas v\u00e3o falar de mim, achar que sou um maluco. Voc\u00ea sabe que o momento em que a gente vive hoje no Brasil, o Brasil lutou muito pela democracia, mas eu fico com pena de como os nossos pol\u00edticos usaram aquela liberdade que n\u00f3s conquistamos, que era sair do militarismo. Muito gente confunde militarismo com ditadura, todo mundo fala &#8216;n\u00f3s viv\u00edamos numa ditadura&#8217;. N\u00f3s n\u00e3o viv\u00edamos numa ditadura, n\u00f3s viv\u00edamos num militarismo vigiado. Ditadura \u00e9 a Venezuela, Cuba com Fidel Castro, Hungria, Coreia do Norte, China, esses s\u00e3o realmente ditadores. O Brasil nunca chegou a ser uma ditadura daquelas que ou voc\u00ea est\u00e1 a favor ou voc\u00ea est\u00e1 morto&#8221;, afirmou.<\/p>\n<p>Leda lembrou o cantor que na \u00e9poca houve muitas pris\u00f5es, tortura e mortes. &#8220;Mas n\u00e3o chegou a ser t\u00e3o sangrenta, t\u00e3o violenta, como a gente vive at\u00e9 hoje, no mundo de hoje. N\u00e3o d\u00e1 pra acreditar que muita gente ainda acredita que uma ditadura vai dar certo. Mas eu acho, eu acredito, as pessoas v\u00e3o me achar maluco, n\u00e3o quero isso jamais pro Brasil, mas eu imagino que o Brasil hoje precisaria passar por uma depura\u00e7\u00e3o. O Brasil at\u00e9 podia pensar no militarismo para reorganizar a coisa e &#8216;entregar&#8217; de novo&#8221;, opinou Zez\u00e9.<\/p>\n","protected":false},"excerpt":{"rendered":"<p>247 \u2013 Numa entrevista \u00e0 jornalista Leda Nagle, o sertanejo Zez\u00e9 di Camargo defendeu a volta dos militares ao poder, mesmo depois de ser alertado sobre as mortes, torturas e desaparecimentos pol\u00edticos.<\/p>\n","protected":false},"author":1,"featured_media":0,"comment_status":"closed","ping_status":"open","sticky":false,"template":"","format":"standard","meta":{"_exactmetrics_skip_tracking":false,"_exactmetrics_sitenote_active":false,"_exactmetrics_sitenote_note":"","_exactmetrics_sitenote_category":0,"jetpack_post_was_ever_published":false,"_jetpack_newsletter_access":"","_jetpack_dont_email_post_to_subs":false,"_jetpack_newsletter_tier_id":0,"_jetpack_memberships_contains_paywalled_content":false,"_jetpack_memberships_contains_paid_content":false,"footnotes":"","jetpack_publicize_message":"","jetpack_publicize_feature_enabled":true,"jetpack_social_post_already_shared":true,"jetpack_social_options":{"image_generator_settings":{"template":"highway","enabled":false},"version":2}},"categories":[1],"tags":[],"class_list":["post-13625","post","type-post","status-publish","format-standard","hentry","category-notas"],"jetpack_publicize_connections":[],"jetpack_sharing_enabled":true,"jetpack_featured_media_url":"","jetpack_shortlink":"https:\/\/wp.me\/p7wKYW-3xL","jetpack-related-posts":[],"_links":{"self":[{"href":"http:\/\/blogdalucianaoliveira.com.br\/blog\/wp-json\/wp\/v2\/posts\/13625","targetHints":{"allow":["GET"]}}],"collection":[{"href":"http:\/\/blogdalucianaoliveira.com.br\/blog\/wp-json\/wp\/v2\/posts"}],"about":[{"href":"http:\/\/blogdalucianaoliveira.com.br\/blog\/wp-json\/wp\/v2\/types\/post"}],"author":[{"embeddable":true,"href":"http:\/\/blogdalucianaoliveira.com.br\/blog\/wp-json\/wp\/v2\/users\/1"}],"replies":[{"embeddable":true,"href":"http:\/\/blogdalucianaoliveira.com.br\/blog\/wp-json\/wp\/v2\/comments?post=13625"}],"version-history":[{"count":1,"href":"http:\/\/blogdalucianaoliveira.com.br\/blog\/wp-json\/wp\/v2\/posts\/13625\/revisions"}],"predecessor-version":[{"id":13627,"href":"http:\/\/blogdalucianaoliveira.com.br\/blog\/wp-json\/wp\/v2\/posts\/13625\/revisions\/13627"}],"wp:attachment":[{"href":"http:\/\/blogdalucianaoliveira.com.br\/blog\/wp-json\/wp\/v2\/media?parent=13625"}],"wp:term":[{"taxonomy":"category","embeddable":true,"href":"http:\/\/blogdalucianaoliveira.com.br\/blog\/wp-json\/wp\/v2\/categories?post=13625"},{"taxonomy":"post_tag","embeddable":true,"href":"http:\/\/blogdalucianaoliveira.com.br\/blog\/wp-json\/wp\/v2\/tags?post=13625"}],"curies":[{"name":"wp","href":"https:\/\/api.w.org\/{rel}","templated":true}]}}