{"id":13662,"date":"2017-09-14T15:56:38","date_gmt":"2017-09-14T19:56:38","guid":{"rendered":"http:\/\/blogdalucianaoliveira.com.br\/blog\/?p=13662"},"modified":"2017-09-14T16:05:07","modified_gmt":"2017-09-14T20:05:07","slug":"seremos-uma-ruina-regida-por-bandidos-e-carrascos","status":"publish","type":"post","link":"http:\/\/blogdalucianaoliveira.com.br\/blog\/2017\/09\/14\/seremos-uma-ruina-regida-por-bandidos-e-carrascos\/","title":{"rendered":"Seremos uma ru\u00edna regida por bandidos e carrascos?"},"content":{"rendered":"<p><img data-recalc-dims=\"1\" loading=\"lazy\" decoding=\"async\" data-attachment-id=\"13663\" data-permalink=\"http:\/\/blogdalucianaoliveira.com.br\/blog\/2017\/09\/14\/seremos-uma-ruina-regida-por-bandidos-e-carrascos\/carra\/\" data-orig-file=\"https:\/\/i0.wp.com\/blogdalucianaoliveira.com.br\/blog\/wp-content\/uploads\/2017\/09\/carra.png?fit=600%2C329\" data-orig-size=\"600,329\" data-comments-opened=\"0\" data-image-meta=\"{&quot;aperture&quot;:&quot;0&quot;,&quot;credit&quot;:&quot;&quot;,&quot;camera&quot;:&quot;&quot;,&quot;caption&quot;:&quot;&quot;,&quot;created_timestamp&quot;:&quot;0&quot;,&quot;copyright&quot;:&quot;&quot;,&quot;focal_length&quot;:&quot;0&quot;,&quot;iso&quot;:&quot;0&quot;,&quot;shutter_speed&quot;:&quot;0&quot;,&quot;title&quot;:&quot;&quot;,&quot;orientation&quot;:&quot;0&quot;}\" data-image-title=\"carra\" data-image-description=\"\" data-image-caption=\"\" data-medium-file=\"https:\/\/i0.wp.com\/blogdalucianaoliveira.com.br\/blog\/wp-content\/uploads\/2017\/09\/carra.png?fit=300%2C165\" data-large-file=\"https:\/\/i0.wp.com\/blogdalucianaoliveira.com.br\/blog\/wp-content\/uploads\/2017\/09\/carra.png?fit=600%2C329\" src=\"https:\/\/i0.wp.com\/blogdalucianaoliveira.com.br\/blog\/wp-content\/uploads\/2017\/09\/carra.png?resize=600%2C329\" alt=\"carra\" width=\"600\" height=\"329\" class=\"alignnone size-full wp-image-13663\" srcset=\"https:\/\/i0.wp.com\/blogdalucianaoliveira.com.br\/blog\/wp-content\/uploads\/2017\/09\/carra.png?w=600 600w, https:\/\/i0.wp.com\/blogdalucianaoliveira.com.br\/blog\/wp-content\/uploads\/2017\/09\/carra.png?resize=300%2C165 300w, https:\/\/i0.wp.com\/blogdalucianaoliveira.com.br\/blog\/wp-content\/uploads\/2017\/09\/carra.png?resize=547%2C300 547w\" sizes=\"auto, (max-width: 600px) 100vw, 600px\" \/><\/p>\n<p>No DCM, por Fernando Brito &#8211; N\u00e3o h\u00e1 d\u00favida poss\u00edvel de que havia lama em imensa quantidade na pol\u00edtica.<\/p>\n<p>Havia, n\u00e3o. H\u00e1, como nunca, v\u00ea-se pelos gedd\u00e9is acumulados no apartamento de Salvador.<\/p>\n<p>Nunca deixou de haver, desde as capitanias.<!--more--><\/p>\n<p>Mas ocorreu com o Brasil algo parecido \u00e0 mec\u00e2nica qu\u00e2ntica, onde de um fen\u00f4meno qu\u00e2ntico existe s\u00f3 pelo simples fato de observ\u00e1-lo e a forma com que se observa.<\/p>\n<p>A lama s\u00f3 vaza onde os donos do MP e do Judici\u00e1rio desejam. Literalmente,  vazamento seletivo.<\/p>\n<p>O processo de destrui\u00e7\u00e3o da esquerda por suas concess\u00f5es \u00e0 \u201cpolitica como ela \u00e9\u201d, sem a qual n\u00e3o teria governado, acabou por ter rachaduras laterais, por onde foram se aprofundando fissuras que levaram aos \u201cefeitos colaterais\u201d sobre o PSDB (onde se encarregam de por o \u201ccola-tudo\u201d da omiss\u00e3o e do esquecimento) e do PMDB, onde a deteriora\u00e7\u00e3o moral de seus l\u00edderes, reduzidos a um \u201cquadrilh\u00e3o\u201d  aproxima tudo de uma cat\u00e1strofe.<\/p>\n<p>O dram\u00e1tico para o povo brasileiro \u00e9 que estre processo moralista n\u00e3o \u00e9 um processo saneador, mas devastador.<\/p>\n<p>Nossa economia soterrou-se sob a avalanche, destru\u00edram-se empresas, empregos, riquezas. O que resistiu, vende-se como carros velhos, cobertos de sujeira, ao valor da bacia das almas.<\/p>\n<p>Mas h\u00e1 algo ainda pior: fizeram a lama salpicar sobre os nossos olhos, de tal forma que tudo o que olhamos, mesmos as melhores lembran\u00e7as, nos aparece enlameado, sujo, sem valor.<\/p>\n<p>Pretendem, assim, eliminar todas as refer\u00eancias que o povo brasileiro construiu e os tolos e ing\u00eanuos come\u00e7am a falar em \u201cnovas pol\u00edticas\u201d, como se tudo o que se apresentou, nos \u00faltimos anos, como algo assim tenha se mostrado d\u00f3cil ao status quo e, n\u00e3o raro, praticante dos mesmos pecados que diz condenar \u00e0 fogueira.<\/p>\n<p>Os personagens mais importantes da vida brasileira, hoje, s\u00e3o os bandidos e os carrascos.<\/p>\n<p>Nem eu, nem ningu\u00e9m que o perceba, quer entregar a sua vida, a vida dos seus filhos, o futuro de todos nem a bandidos, nem a carrascos.<\/p>\n<p>Na lama n\u00e3o se funda coisa alguma, mas quase tudo se afunda.<\/p>\n","protected":false},"excerpt":{"rendered":"<p>No DCM, por Fernando Brito &#8211; N\u00e3o h\u00e1 d\u00favida poss\u00edvel de que havia lama em imensa quantidade na pol\u00edtica. Havia, n\u00e3o. H\u00e1, como nunca, v\u00ea-se pelos gedd\u00e9is acumulados no apartamento de Salvador. Nunca deixou de haver, desde as capitanias.<\/p>\n","protected":false},"author":1,"featured_media":13663,"comment_status":"closed","ping_status":"open","sticky":false,"template":"","format":"standard","meta":{"_exactmetrics_skip_tracking":false,"_exactmetrics_sitenote_active":false,"_exactmetrics_sitenote_note":"","_exactmetrics_sitenote_category":0,"jetpack_post_was_ever_published":false,"_jetpack_newsletter_access":"","_jetpack_dont_email_post_to_subs":false,"_jetpack_newsletter_tier_id":0,"_jetpack_memberships_contains_paywalled_content":false,"_jetpack_memberships_contains_paid_content":false,"footnotes":"","jetpack_publicize_message":"","jetpack_publicize_feature_enabled":true,"jetpack_social_post_already_shared":true,"jetpack_social_options":{"image_generator_settings":{"template":"highway","enabled":false},"version":2}},"categories":[1],"tags":[],"class_list":["post-13662","post","type-post","status-publish","format-standard","has-post-thumbnail","hentry","category-notas"],"jetpack_publicize_connections":[],"jetpack_sharing_enabled":true,"jetpack_featured_media_url":"https:\/\/i0.wp.com\/blogdalucianaoliveira.com.br\/blog\/wp-content\/uploads\/2017\/09\/carra.png?fit=600%2C329","jetpack_shortlink":"https:\/\/wp.me\/p7wKYW-3ym","jetpack-related-posts":[],"_links":{"self":[{"href":"http:\/\/blogdalucianaoliveira.com.br\/blog\/wp-json\/wp\/v2\/posts\/13662","targetHints":{"allow":["GET"]}}],"collection":[{"href":"http:\/\/blogdalucianaoliveira.com.br\/blog\/wp-json\/wp\/v2\/posts"}],"about":[{"href":"http:\/\/blogdalucianaoliveira.com.br\/blog\/wp-json\/wp\/v2\/types\/post"}],"author":[{"embeddable":true,"href":"http:\/\/blogdalucianaoliveira.com.br\/blog\/wp-json\/wp\/v2\/users\/1"}],"replies":[{"embeddable":true,"href":"http:\/\/blogdalucianaoliveira.com.br\/blog\/wp-json\/wp\/v2\/comments?post=13662"}],"version-history":[{"count":1,"href":"http:\/\/blogdalucianaoliveira.com.br\/blog\/wp-json\/wp\/v2\/posts\/13662\/revisions"}],"predecessor-version":[{"id":13664,"href":"http:\/\/blogdalucianaoliveira.com.br\/blog\/wp-json\/wp\/v2\/posts\/13662\/revisions\/13664"}],"wp:featuredmedia":[{"embeddable":true,"href":"http:\/\/blogdalucianaoliveira.com.br\/blog\/wp-json\/wp\/v2\/media\/13663"}],"wp:attachment":[{"href":"http:\/\/blogdalucianaoliveira.com.br\/blog\/wp-json\/wp\/v2\/media?parent=13662"}],"wp:term":[{"taxonomy":"category","embeddable":true,"href":"http:\/\/blogdalucianaoliveira.com.br\/blog\/wp-json\/wp\/v2\/categories?post=13662"},{"taxonomy":"post_tag","embeddable":true,"href":"http:\/\/blogdalucianaoliveira.com.br\/blog\/wp-json\/wp\/v2\/tags?post=13662"}],"curies":[{"name":"wp","href":"https:\/\/api.w.org\/{rel}","templated":true}]}}